{"id":249094,"date":"2016-08-08T09:53:38","date_gmt":"2016-08-08T09:53:38","guid":{"rendered":"http:\/\/diariodominicano.ddns.net\/?p=249094"},"modified":"2016-08-08T09:53:38","modified_gmt":"2016-08-08T09:53:38","slug":"siete-muertos-en-accidente-de-helicoptero-en-nepal","status":"publish","type":"post","link":"https:\/\/diariodominicano.com\/?p=249094","title":{"rendered":"Siete muertos en accidente de helic\u00f3ptero en Nepal"},"content":{"rendered":"<p><body><\/p>\n<p><span class=\"text1noticias\">    KATMANDU, 8 ago (Xinhua) &#8212; Un helic\u00f3ptero de Fishtail Air estall\u00f3 este lunes en la regi\u00f3n de Nepal Central, causando la muerte de las siete personas que viajaban a bordo, incluido un reci\u00e9n nacido, confirm\u00f3 Yadav Koirala, portavoz del Ministerio del Interior.<\/span><\/p>\n<p><span class=\"text1noticias\"> <\/span><\/p>\n<p><span class=\"text1noticias\">     \u00abCinco adultos, un capit\u00e1n y un reci\u00e9n nacido fueron encontrados muertos en el lugar del accidente\u00bb, dijo a Xinhua el portavoz.<\/span><\/p>\n<p><span class=\"text1noticias\"> <\/span><\/p>\n<p><span class=\"text1noticias\">     La polic\u00eda ha sido enviado al sitio del accidente, en la zona Madanpur del distrito de Nuwakot, a unos 45 kil\u00f3metros de Katmand\u00fa, capital nepalesa.<\/span><\/p>\n<p><span class=\"text1noticias\"> <\/span><\/p>\n<p><span class=\"text1noticias\">     El capit\u00e1n Ranjan Limbu era el piloto del helic\u00f3ptero siniestrado, que trasladaba a un paciente al hospital del distrito de Gorkham, en Nepal Occident<\/span>al. <\/p>\n<h6> 2016-08-08 09:53:38 <\/h6>\n<p><!--\n<link rel=\"stylesheet\" href=\"css\/bootstrap.min.css\">\n\n\n<ul class=\"pagination\">\n\t    \n\t\n\n<li >\n\t<a href='?page_no=18738'>Previous<\/a>\n\t<\/li>\n\n\n       \n    \n\n<li><a href='?page_no=1'>1<\/a><\/li>\n\n\n\n<li><a href='?page_no=2'>2<\/a><\/li>\n\n\n\n<li><a>...<\/a><\/li>\n\n\n\n<li><a href='?page_no=18737'>18737<\/a><\/li>\n\n\n\n<li><a href='?page_no=18738'>18738<\/a><\/li>\n\n\n\n<li class='active'><a>18739<\/a><\/li>\n\n\n\n<li><a href='?page_no=18740'>18740<\/a><\/li>\n\n\n\n<li><a href='?page_no=18741'>18741<\/a><\/li>\n\n\n\n<li><a>...<\/a><\/li>\n\n\n\n<li><a href='?page_no=51012'>51012<\/a><\/li>\n\n\n\n<li><a href='?page_no=51013'>51013<\/a><\/li>\n\n    \n\t\n\n<li >\n\t<a href='?page_no=18740'>Next<\/a>\n\t<\/li>\n\n\n    \n\n<li><a href='?page_no=51013'>Last &rsaquo;&rsaquo;<\/a><\/li>\n\n<\/ul>\n\n\n--><br \/>\n<\/body><\/p>\n","protected":false},"excerpt":{"rendered":"<p>KATMANDU, 8 ago (Xinhua) &#8212; Un helic\u00f3ptero de Fishtail Air estall\u00f3 este lunes en la regi\u00f3n de Nepal Central, causando la muerte de las siete personas que viajaban a bordo, incluido un reci\u00e9n nacido, confirm\u00f3 Yadav Koirala, portavoz del Ministerio del Interior. \u00abCinco adultos, un capit\u00e1n y un reci\u00e9n nacido fueron encontrados muertos en el [&hellip;]<\/p>\n","protected":false},"author":3,"featured_media":0,"comment_status":"open","ping_status":"open","sticky":false,"template":"","format":"standard","meta":{"footnotes":""},"categories":[23],"tags":[],"class_list":["post-249094","post","type-post","status-publish","format-standard","hentry","category-internacional"],"_links":{"self":[{"href":"https:\/\/diariodominicano.com\/index.php?rest_route=\/wp\/v2\/posts\/249094","targetHints":{"allow":["GET"]}}],"collection":[{"href":"https:\/\/diariodominicano.com\/index.php?rest_route=\/wp\/v2\/posts"}],"about":[{"href":"https:\/\/diariodominicano.com\/index.php?rest_route=\/wp\/v2\/types\/post"}],"author":[{"embeddable":true,"href":"https:\/\/diariodominicano.com\/index.php?rest_route=\/wp\/v2\/users\/3"}],"replies":[{"embeddable":true,"href":"https:\/\/diariodominicano.com\/index.php?rest_route=%2Fwp%2Fv2%2Fcomments&post=249094"}],"version-history":[{"count":0,"href":"https:\/\/diariodominicano.com\/index.php?rest_route=\/wp\/v2\/posts\/249094\/revisions"}],"wp:attachment":[{"href":"https:\/\/diariodominicano.com\/index.php?rest_route=%2Fwp%2Fv2%2Fmedia&parent=249094"}],"wp:term":[{"taxonomy":"category","embeddable":true,"href":"https:\/\/diariodominicano.com\/index.php?rest_route=%2Fwp%2Fv2%2Fcategories&post=249094"},{"taxonomy":"post_tag","embeddable":true,"href":"https:\/\/diariodominicano.com\/index.php?rest_route=%2Fwp%2Fv2%2Ftags&post=249094"}],"curies":[{"name":"wp","href":"https:\/\/api.w.org\/{rel}","templated":true}]}}