{"id":249088,"date":"2016-08-08T19:40:19","date_gmt":"2016-08-08T19:40:19","guid":{"rendered":"http:\/\/diariodominicano.ddns.net\/?p=249088"},"modified":"2016-08-08T19:40:19","modified_gmt":"2016-08-08T19:40:19","slug":"un-total-de-216-militares-golpistas-turcos-continuan-fugados","status":"publish","type":"post","link":"https:\/\/diariodominicano.com\/?p=249088","title":{"rendered":"Un total de 216 militares golpistas turcos contin\u00faan fugados"},"content":{"rendered":"<p><body><\/p>\n<p><img decoding=\"async\" src=\"img3\/6fc6e292a487ae35bc095ffd893f7ca75e9fe70c.jpg\" \/>  <\/p>\n<\/p>\n<p>AFP\/Archivos \/ Adem Altan<\/p>\n<p>El portavoz del Gobierno turco, Numan Kurtulmus (izda.), habla con la prensa el 12 de enero de 2016 en Ankara acompa\u00f1ado por el ministro del Interior, Efkan Ala<\/p>\n<p>En total 216 soldados, entre ellos nueve generales, siguen fugados y son buscados por las autoridades m\u00e1s de tres semanas despu\u00e9s de la fracasada tentativa de golpe de Estado en Turqu\u00eda, anunci\u00f3 este lunes el portavoz del Gobierno, Numan Kurtulmus.<\/p>\n<p>En total \u00ab186 miembros de las fuerzas armadas y 30 empleados de la gendarmer\u00eda siguen fugados. Entre ellos figuran nueve generales\u00bb, dijo tras el consejo de ministros.<\/p>\n<p>Estas personas son buscadas por la polic\u00eda en el marco de la vasta purga realizada en Turqu\u00eda desde el fracasado golpe de Estado del 15 de julio pasado contra el presidente, Recep Tayyip Erdogan, del que se acusa a seguidores del predicador exiliado en EEUU Fethullah G\u00fclen, subray\u00f3 Kurtulmus a la prensa.<\/p>\n<p>La purga en Turqu\u00eda, que se encuentra bajo estado de emergencia, ha alcanzado con fuerza hasta ahora al ej\u00e9rcito, la justicia, la educaci\u00f3n y la prensa. La mitad de los generales del Ej\u00e9rcito fueron destituidos.<\/p>\n<p>\u00abEsta tentativa ten\u00eda como objetivo provocar una guerra civil en Turqu\u00eda para abrir la v\u00eda a la ocupaci\u00f3n del pa\u00eds\u00bb, afirm\u00f3 el portavoz sin dar m\u00e1s detalles.<\/p>\n<p>Kurtulmus se\u00f1al\u00f3 que 10 extranjeros fueron objeto de procedimientos judiciales despu\u00e9s del fracasado golpe y nueve son sospechosos de tener relaciones con FETO (acr\u00f3nimo formulado por el Gobierno turco para designar a la red g\u00fclenista).<\/p>\n<p>\u00abCuatro de ellos fueron inculpados, uno fue liberado, otro se fug\u00f3 y otros tres siguen detenidos\u00bb, dijo, sin precisar su nacionalidad.<\/p>\n<p>Por otra parte, los tres millones de funcionarios que fueron llamados a reanudar su trabajo despu\u00e9s del 15 de julio podr\u00e1n tomar sus vacaciones anuales, agreg\u00f3 Kurtulmus.<\/p>\n<h6> 2016-08-08 19:40:19 <\/h6>\n<p><!--\n<link rel=\"stylesheet\" href=\"css\/bootstrap.min.css\">\n\n\n<ul class=\"pagination\">\n\t    \n\t\n\n<li >\n\t<a href='?page_no=18732'>Previous<\/a>\n\t<\/li>\n\n\n       \n    \n\n<li><a href='?page_no=1'>1<\/a><\/li>\n\n\n\n<li><a href='?page_no=2'>2<\/a><\/li>\n\n\n\n<li><a>...<\/a><\/li>\n\n\n\n<li><a href='?page_no=18731'>18731<\/a><\/li>\n\n\n\n<li><a href='?page_no=18732'>18732<\/a><\/li>\n\n\n\n<li class='active'><a>18733<\/a><\/li>\n\n\n\n<li><a href='?page_no=18734'>18734<\/a><\/li>\n\n\n\n<li><a href='?page_no=18735'>18735<\/a><\/li>\n\n\n\n<li><a>...<\/a><\/li>\n\n\n\n<li><a href='?page_no=51012'>51012<\/a><\/li>\n\n\n\n<li><a href='?page_no=51013'>51013<\/a><\/li>\n\n    \n\t\n\n<li >\n\t<a href='?page_no=18734'>Next<\/a>\n\t<\/li>\n\n\n    \n\n<li><a href='?page_no=51013'>Last &rsaquo;&rsaquo;<\/a><\/li>\n\n<\/ul>\n\n\n--><br \/>\n<\/body><\/p>\n","protected":false},"excerpt":{"rendered":"<p>AFP\/Archivos \/ Adem Altan El portavoz del Gobierno turco, Numan Kurtulmus (izda.), habla con la prensa el 12 de enero de 2016 en Ankara acompa\u00f1ado por el ministro del Interior, Efkan Ala En total 216 soldados, entre ellos nueve generales, siguen fugados y son buscados por las autoridades m\u00e1s de tres semanas despu\u00e9s de la [&hellip;]<\/p>\n","protected":false},"author":3,"featured_media":0,"comment_status":"open","ping_status":"open","sticky":false,"template":"","format":"standard","meta":{"footnotes":""},"categories":[23],"tags":[],"class_list":["post-249088","post","type-post","status-publish","format-standard","hentry","category-internacional"],"_links":{"self":[{"href":"https:\/\/diariodominicano.com\/index.php?rest_route=\/wp\/v2\/posts\/249088","targetHints":{"allow":["GET"]}}],"collection":[{"href":"https:\/\/diariodominicano.com\/index.php?rest_route=\/wp\/v2\/posts"}],"about":[{"href":"https:\/\/diariodominicano.com\/index.php?rest_route=\/wp\/v2\/types\/post"}],"author":[{"embeddable":true,"href":"https:\/\/diariodominicano.com\/index.php?rest_route=\/wp\/v2\/users\/3"}],"replies":[{"embeddable":true,"href":"https:\/\/diariodominicano.com\/index.php?rest_route=%2Fwp%2Fv2%2Fcomments&post=249088"}],"version-history":[{"count":0,"href":"https:\/\/diariodominicano.com\/index.php?rest_route=\/wp\/v2\/posts\/249088\/revisions"}],"wp:attachment":[{"href":"https:\/\/diariodominicano.com\/index.php?rest_route=%2Fwp%2Fv2%2Fmedia&parent=249088"}],"wp:term":[{"taxonomy":"category","embeddable":true,"href":"https:\/\/diariodominicano.com\/index.php?rest_route=%2Fwp%2Fv2%2Fcategories&post=249088"},{"taxonomy":"post_tag","embeddable":true,"href":"https:\/\/diariodominicano.com\/index.php?rest_route=%2Fwp%2Fv2%2Ftags&post=249088"}],"curies":[{"name":"wp","href":"https:\/\/api.w.org\/{rel}","templated":true}]}}