{"id":249087,"date":"2016-08-08T20:02:35","date_gmt":"2016-08-08T20:02:35","guid":{"rendered":"http:\/\/diariodominicano.ddns.net\/?p=249087"},"modified":"2016-08-08T20:02:35","modified_gmt":"2016-08-08T20:02:35","slug":"medicos-peruanos-graduados-en-cuba-rinden-homenaje-a-fidel-castro","status":"publish","type":"post","link":"https:\/\/diariodominicano.com\/?p=249087","title":{"rendered":"M\u00e9dicos peruanos graduados en Cuba rinden homenaje a Fidel Castro"},"content":{"rendered":"<p><body><\/p>\n<p><img decoding=\"async\" src=\"img3\/fidel-castro.jpg\" \/>  <\/p>\n<\/p>\n<p><strong>Lima, 8 ago (PL)<\/strong> M\u00e9dicos peruanos graduados en Cuba rindieron homenaje al l\u00edder hist\u00f3rico de la Revoluci\u00f3n cubana, Fidel Castro, con una jornada solidaria de salud en un barrio popular del municipio de Puente Piedra, en la zona norte de esta capital.<\/p>\n<\/p>\n<p><strong>Diario peruano dedica suplemento a 90 cumplea\u00f1os de Fidel<\/strong><\/p>\n<\/p>\n<p>Numerosos pobladores del humilde barrio \u00abLaderas de Chill\u00f3n\u00bb fueron atendidos por los m\u00e9dicos peruanos formados en la isla y cubanos, y la jornada incluy\u00f3 hasta un veterinario que vacun\u00f3 y desparasit\u00f3 a las mascotas. En el marco de la jornada, se brindaron servicios de laboratorio, nutrici\u00f3n, triaje (control de talla, peso y medida de presi\u00f3n), medicina general, psicolog\u00eda, terapia f\u00edsica y masajes.<\/p>\n<\/p>\n<p>La actividad fue organizada por la Asociaci\u00f3n de Profesionales Peruanos Graduados en Cuba, la Embajada cubana en Per\u00fa, la Municipalidad de Puente Piedra, el Policl\u00ednico JJSalud y la Asociaci\u00f3n de Cubanos Residentes en Per\u00fa \u00abRa\u00edces Mambisas\u00bb.<\/p>\n<\/p>\n<p>El tributo, a tono con la prioridad que el homenajeado ha dado siempre a la salud como tarea altruista, fue destacado por el presidente de la organizaci\u00f3n de profesionales graduados en Cuba, William Ceballos, como expresi\u00f3n de lo aprendido en la isla.<\/p>\n<\/p>\n<p>Ceballos dijo tambi\u00e9n que la patria de Fidel les ense\u00f1\u00f3 con el ejemplo, porque Cuba no da lo que le sobra sino que comparte lo poco que tiene y resalt\u00f3 la lecci\u00f3n solidaria de haber formado m\u00e9dicos de muchos pa\u00edses mediante becas.<\/p>\n<\/p>\n<p>Al dar la bienvenida a los m\u00e9dicos e inaugurar la jornada, el alcalde de Puente Piedra, Milton Jim\u00e9nez, salud\u00f3 la presencia de funcionarios de las embajadas de Cuba y Venezuela y agradeci\u00f3 la acci\u00f3n realizada en beneficio de pobladores de escasos recursos de su distrito.<\/p>\n<\/p>\n<p>Destac\u00f3 igualmente los ideales humanistas y solidarios de Fidel Castro y elogi\u00f3 los logros de Cuba en \u00e1reas como el deporte, la salud, la educaci\u00f3n y la cultura.<\/p>\n<\/p>\n<p>El embajador de Cuba en Per\u00fa, Sergio Gonz\u00e1lez, destac\u00f3 el significado del homenaje a Fidel Castro por su 90 cumplea\u00f1os, por ser el inspirador de la cooperaci\u00f3n m\u00e9dica internacional practicada por Cuba.<\/p>\n<\/p>\n<p>El alcalde Jim\u00e9nez distingui\u00f3 al diplom\u00e1tico cubano con la llave de la ciudad y lo declar\u00f3 hu\u00e9sped ilustre del municipio de Puente Piedra.<\/p>\n<h6> 2016-08-08 20:02:35 <\/h6>\n<p><!--\n<link rel=\"stylesheet\" href=\"css\/bootstrap.min.css\">\n\n\n<ul class=\"pagination\">\n\t    \n\t\n\n<li >\n\t<a href='?page_no=18731'>Previous<\/a>\n\t<\/li>\n\n\n       \n    \n\n<li><a href='?page_no=1'>1<\/a><\/li>\n\n\n\n<li><a href='?page_no=2'>2<\/a><\/li>\n\n\n\n<li><a>...<\/a><\/li>\n\n\n\n<li><a href='?page_no=18730'>18730<\/a><\/li>\n\n\n\n<li><a href='?page_no=18731'>18731<\/a><\/li>\n\n\n\n<li class='active'><a>18732<\/a><\/li>\n\n\n\n<li><a href='?page_no=18733'>18733<\/a><\/li>\n\n\n\n<li><a href='?page_no=18734'>18734<\/a><\/li>\n\n\n\n<li><a>...<\/a><\/li>\n\n\n\n<li><a href='?page_no=51012'>51012<\/a><\/li>\n\n\n\n<li><a href='?page_no=51013'>51013<\/a><\/li>\n\n    \n\t\n\n<li >\n\t<a href='?page_no=18733'>Next<\/a>\n\t<\/li>\n\n\n    \n\n<li><a href='?page_no=51013'>Last &rsaquo;&rsaquo;<\/a><\/li>\n\n<\/ul>\n\n\n--><br \/>\n<\/body><\/p>\n","protected":false},"excerpt":{"rendered":"<p>Lima, 8 ago (PL) M\u00e9dicos peruanos graduados en Cuba rindieron homenaje al l\u00edder hist\u00f3rico de la Revoluci\u00f3n cubana, Fidel Castro, con una jornada solidaria de salud en un barrio popular del municipio de Puente Piedra, en la zona norte de esta capital. Diario peruano dedica suplemento a 90 cumplea\u00f1os de Fidel Numerosos pobladores del humilde [&hellip;]<\/p>\n","protected":false},"author":3,"featured_media":0,"comment_status":"open","ping_status":"open","sticky":false,"template":"","format":"standard","meta":{"footnotes":""},"categories":[23],"tags":[],"class_list":["post-249087","post","type-post","status-publish","format-standard","hentry","category-internacional"],"_links":{"self":[{"href":"https:\/\/diariodominicano.com\/index.php?rest_route=\/wp\/v2\/posts\/249087","targetHints":{"allow":["GET"]}}],"collection":[{"href":"https:\/\/diariodominicano.com\/index.php?rest_route=\/wp\/v2\/posts"}],"about":[{"href":"https:\/\/diariodominicano.com\/index.php?rest_route=\/wp\/v2\/types\/post"}],"author":[{"embeddable":true,"href":"https:\/\/diariodominicano.com\/index.php?rest_route=\/wp\/v2\/users\/3"}],"replies":[{"embeddable":true,"href":"https:\/\/diariodominicano.com\/index.php?rest_route=%2Fwp%2Fv2%2Fcomments&post=249087"}],"version-history":[{"count":0,"href":"https:\/\/diariodominicano.com\/index.php?rest_route=\/wp\/v2\/posts\/249087\/revisions"}],"wp:attachment":[{"href":"https:\/\/diariodominicano.com\/index.php?rest_route=%2Fwp%2Fv2%2Fmedia&parent=249087"}],"wp:term":[{"taxonomy":"category","embeddable":true,"href":"https:\/\/diariodominicano.com\/index.php?rest_route=%2Fwp%2Fv2%2Fcategories&post=249087"},{"taxonomy":"post_tag","embeddable":true,"href":"https:\/\/diariodominicano.com\/index.php?rest_route=%2Fwp%2Fv2%2Ftags&post=249087"}],"curies":[{"name":"wp","href":"https:\/\/api.w.org\/{rel}","templated":true}]}}