{"id":249086,"date":"2016-08-08T20:09:39","date_gmt":"2016-08-08T20:09:39","guid":{"rendered":"http:\/\/diariodominicano.ddns.net\/?p=249086"},"modified":"2016-08-08T20:09:39","modified_gmt":"2016-08-08T20:09:39","slug":"crisis-de-refugiados-es-incontrolable-alerta-ban-ki-moon","status":"publish","type":"post","link":"https:\/\/diariodominicano.com\/?p=249086","title":{"rendered":"Crisis de refugiados es incontrolable, alerta Ban Ki-moon"},"content":{"rendered":"<p><body><\/p>\n<p><img decoding=\"async\" src=\"img3\/crisis-de-refugiados.jpg\" \/>  <\/p>\n<p> <strong> Ban Ki-moon dijo que el flujo masivo de refugiados \u00abha llegado a 65 millones de personas que han debido huir por todo el mundo, ya se trate de Siria, de Irak, de Pakist\u00e1n, de Libia y de otros lugares, el sur de Sud\u00e1n, Somalia\u00bb.<\/strong><\/p>\n<\/p>\n<p><strong>Buenos Aires, 8 ago (PL)<\/strong> El secretario general de la ONU, Ban Ki-moon, reconoci\u00f3 hoy aqu\u00ed que la crisis de los refugiados en el mundo es incontrolable.<\/p>\n<\/p>\n<p>El funcionario internacional abord\u00f3 el problema en un encuentro con la prensa en la Casa Rosada luego de reunirse con el presidente argentino, Mauricio Macri, como parte de la agenda de su visita a Buenos Aires.<\/p>\n<\/p>\n<p>Ban Ki-moon dijo que el flujo masivo de refugiados \u00abha llegado a 65 millones de personas que han debido huir por todo el mundo, ya se trate de Siria, de Irak, de Pakist\u00e1n, de Libia y de otros lugares, el sur de Sud\u00e1n, Somalia\u00bb.<\/p>\n<\/p>\n<p>Se\u00f1al\u00f3 que la Asamblea General de Naciones Unidas analizar\u00e1 este serio problema en una cumbre en septiembre.<\/p>\n<\/p>\n<p>\u00abEs una situaci\u00f3n que es insostenible y nos estamos ocupando de trabajar en ella para ver de qu\u00e9 manera podemos, a nivel global, trabajar con el tema sobre la base de la responsabilidad compartida\u00bb, subray\u00f3.<\/p>\n<\/p>\n<p>En ese sentido, el jefe diplom\u00e1tico agradeci\u00f3 especialmente la decisi\u00f3n del gobierno argentino de recibir refugiados sirios. Seg\u00fan anunci\u00f3 la Canciller\u00eda, se recibir\u00e1n unos tres mil.<\/p>\n<\/p>\n<p>Igualmente, el Secretario General destac\u00f3 la participaci\u00f3n de Argentina en la futura misi\u00f3n de las Naciones Unidas en Colombia.<\/p>\n<\/p>\n<p>Al respecto dijo que actualmente \u00abnos encontramos en el proceso de enviar una misi\u00f3n compuesta por observadores que van a ocuparse de monitorear el hist\u00f3rico acuerdo de cese de fuego entre el Gobierno colombiano y las insurgentes FARC-EP\u00bb.<\/p>\n<\/p>\n<p>\u00abNos complace mucho tener al general Javier P\u00e9rez Aquino, de Argentina, como observador principal en el marco de esta misi\u00f3n\u00bb, dijo el secretario general de la ONU.<\/p>\n<\/p>\n<p>En la cuesti\u00f3n bilateral, Macri y Ban Ki-moon ratificaron el compromiso de fortalecer el trabajo conjunto entre Argentina y las Naciones Unidas <\/p>\n<\/p>\n<p>Argentina est\u00e1 dispuesta a ser \u00abun activo participante en el escenario global para contribuir a la soluci\u00f3n de los distintos desaf\u00edos\u00bb, prometi\u00f3 el mandatario.<\/p>\n<\/p>\n<p>Por su parte, Ban Ki-moon afirm\u00f3 que es \u00abalentador ver de qu\u00e9 manera las prioridades nacionales de Argentina se est\u00e1n alineando con las prioridades de desarrollo de Naciones Unidas, especialmente los objetivos de desarrollo sostenible\u00bb.<\/p>\n<\/p>\n<p>Ban Ki-moon lleg\u00f3 anoche a Buenos Aires y este lunes primero dio una conferencia junto a la canciller Susana Malcorra en el Consejo Argentino de Relaciones Internacionales y despu\u00e9s se reuni\u00f3 con el Presidente en el Palacio de Gobierno.<\/p>\n<\/p>\n<p>Sobre la aspiraci\u00f3n de Malcorra a reemplazarlo como secretario general de la ONU, elogi\u00f3 el coraje de la ministra de presentarse para asumir uno de los trabajos m\u00e1s imposibles del mundo, dijo.<\/p>\n<\/p>\n<p>Expres\u00f3 estar consciente de que est\u00e1 recibiendo un buen respaldo, \u00abpero en definitiva son los Estados miembros los que deciden y lo que puedo hacer es desearle que siga la buena suerte y le deseo lo mejor, por supuesto\u00bb.<\/p>\n<\/p>\n<p>Actualmente, 12 diplom\u00e1ticos aspiran ser elegidos al m\u00e1ximo cargo de la ONU a partir de enero de 2017.<\/p>\n<\/p>\n<h6> 2016-08-08 20:09:39 <\/h6>\n<p><!--\n<link rel=\"stylesheet\" href=\"css\/bootstrap.min.css\">\n\n\n<ul class=\"pagination\">\n\t    \n\t\n\n<li >\n\t<a href='?page_no=18730'>Previous<\/a>\n\t<\/li>\n\n\n       \n    \n\n<li><a href='?page_no=1'>1<\/a><\/li>\n\n\n\n<li><a href='?page_no=2'>2<\/a><\/li>\n\n\n\n<li><a>...<\/a><\/li>\n\n\n\n<li><a href='?page_no=18729'>18729<\/a><\/li>\n\n\n\n<li><a href='?page_no=18730'>18730<\/a><\/li>\n\n\n\n<li class='active'><a>18731<\/a><\/li>\n\n\n\n<li><a href='?page_no=18732'>18732<\/a><\/li>\n\n\n\n<li><a href='?page_no=18733'>18733<\/a><\/li>\n\n\n\n<li><a>...<\/a><\/li>\n\n\n\n<li><a href='?page_no=51012'>51012<\/a><\/li>\n\n\n\n<li><a href='?page_no=51013'>51013<\/a><\/li>\n\n    \n\t\n\n<li >\n\t<a href='?page_no=18732'>Next<\/a>\n\t<\/li>\n\n\n    \n\n<li><a href='?page_no=51013'>Last &rsaquo;&rsaquo;<\/a><\/li>\n\n<\/ul>\n\n\n--><br \/>\n<\/body><\/p>\n","protected":false},"excerpt":{"rendered":"<p>Ban Ki-moon dijo que el flujo masivo de refugiados \u00abha llegado a 65 millones de personas que han debido huir por todo el mundo, ya se trate de Siria, de Irak, de Pakist\u00e1n, de Libia y de otros lugares, el sur de Sud\u00e1n, Somalia\u00bb. Buenos Aires, 8 ago (PL) El secretario general de la ONU, [&hellip;]<\/p>\n","protected":false},"author":3,"featured_media":0,"comment_status":"open","ping_status":"open","sticky":false,"template":"","format":"standard","meta":{"footnotes":""},"categories":[23],"tags":[],"class_list":["post-249086","post","type-post","status-publish","format-standard","hentry","category-internacional"],"_links":{"self":[{"href":"https:\/\/diariodominicano.com\/index.php?rest_route=\/wp\/v2\/posts\/249086","targetHints":{"allow":["GET"]}}],"collection":[{"href":"https:\/\/diariodominicano.com\/index.php?rest_route=\/wp\/v2\/posts"}],"about":[{"href":"https:\/\/diariodominicano.com\/index.php?rest_route=\/wp\/v2\/types\/post"}],"author":[{"embeddable":true,"href":"https:\/\/diariodominicano.com\/index.php?rest_route=\/wp\/v2\/users\/3"}],"replies":[{"embeddable":true,"href":"https:\/\/diariodominicano.com\/index.php?rest_route=%2Fwp%2Fv2%2Fcomments&post=249086"}],"version-history":[{"count":0,"href":"https:\/\/diariodominicano.com\/index.php?rest_route=\/wp\/v2\/posts\/249086\/revisions"}],"wp:attachment":[{"href":"https:\/\/diariodominicano.com\/index.php?rest_route=%2Fwp%2Fv2%2Fmedia&parent=249086"}],"wp:term":[{"taxonomy":"category","embeddable":true,"href":"https:\/\/diariodominicano.com\/index.php?rest_route=%2Fwp%2Fv2%2Fcategories&post=249086"},{"taxonomy":"post_tag","embeddable":true,"href":"https:\/\/diariodominicano.com\/index.php?rest_route=%2Fwp%2Fv2%2Ftags&post=249086"}],"curies":[{"name":"wp","href":"https:\/\/api.w.org\/{rel}","templated":true}]}}