{"id":249081,"date":"2016-08-09T09:16:45","date_gmt":"2016-08-09T09:16:45","guid":{"rendered":"http:\/\/diariodominicano.ddns.net\/?p=249081"},"modified":"2016-08-09T09:16:45","modified_gmt":"2016-08-09T09:16:45","slug":"onu-felicita-a-bolivia-en-el-dia-de-los-pueblos-indigenas","status":"publish","type":"post","link":"https:\/\/diariodominicano.com\/?p=249081","title":{"rendered":"ONU felicita a Bolivia en el D\u00eda de los Pueblos Ind\u00edgenas"},"content":{"rendered":"<p><body><\/p>\n<p><img decoding=\"async\" src=\"img3\/dia-pueblos-indig9-8.jpg\" \/>  <\/p>\n<p><span class=\"text1noticias\">La Paz, 9 ago (PL) La Organizaci\u00f3n de Naciones Unidas felicit\u00f3 a Bolivia por su aporte al cuidado de la Madre Tierra y la vida, en ocasi\u00f3n de celebrarse hoy el D\u00eda Internacional de los Pueblos Ind\u00edgenas.<\/span><\/p>\n<p><span class=\"text1noticias\"> <\/span><\/p>\n<p><span class=\"text1noticias\">Un comunicado emitido por la oficina de la ONU aqu\u00ed destaca que la naci\u00f3n andino amaz\u00f3nica dio pasos fundamentales en el reconocimiento y ejercicio de los derechos de las comunidades originarias, al recuperar la filosof\u00eda del Vivir Bien.<\/span><\/p>\n<p><span class=\"text1noticias\"> <\/span><\/p>\n<p><span class=\"text1noticias\">La organizaci\u00f3n internacional salud\u00f3 el esfuerzo del Gobierno para lograr la armon\u00eda, equidad y dignidad para todos sus habitantes.<\/span><\/p>\n<p><span class=\"text1noticias\"> <\/span><\/p>\n<p><span class=\"text1noticias\">Bolivia es un pa\u00eds multi\u00e9tnico y pluricultural, donde conviven 36 pueblos ind\u00edgenas que representan 62 por ciento de la poblaci\u00f3n.<\/span><\/p>\n<p><span class=\"text1noticias\"> <\/span><\/p>\n<p><span class=\"text1noticias\">La Constituci\u00f3n Pol\u00edtica promulgada el 9 de febrero de 2009 garantiza la participaci\u00f3n plena de las comunidades aut\u00f3ctonas en la construcci\u00f3n del Estado Plurinacional.<\/span><\/p>\n<p><span class=\"text1noticias\"> <\/span><\/p>\n<p><span class=\"text1noticias\">Desde la toma de posesi\u00f3n del primer presidente ind\u00edgena, Evo Morales, en 2006, el pa\u00eds logr\u00f3 avances notables en el cumplimiento de los Objetivos de Desarrollo del Milenio, entre ellos la reducci\u00f3n de la pobreza y el hambre, lo cual benefici\u00f3 a los pueblos originarios.<\/span><\/p>\n<p><span class=\"text1noticias\"> <\/span><\/p>\n<p><span class=\"text1noticias\">Muchas propuestas llevadas por este pa\u00eds a escenarios internacionales fueron incorporadas en documentos oficiales de la Organizaci\u00f3n de Naciones Unidas, como la defensa de la Pachamama o Madre Tierra, record\u00f3 el canciller David Choquehuanca.<\/span><\/p>\n<p><span class=\"text1noticias\"> <\/span><\/p>\n<p><span class=\"text1noticias\">El D\u00eda Internacional de las Poblaciones Ind\u00edgenas fue establecido por la Asamblea General de la ONU en 1994 y este a\u00f1o estar\u00e1 dedicado al derecho a la educaci\u00f3n.<\/span><\/p>\n<p><span class=\"text1noticias\"> <\/span><\/p>\n<p><span class=\"text1noticias\">Seg\u00fan la Comisi\u00f3n Econ\u00f3mica para Am\u00e9rica Latina (Cepal), la regi\u00f3n tiene m\u00e1s de 800 pueblos originarios, que representan en total unos 45 millones de hab<\/span>itantes.<\/p>\n<h6> 2016-08-09 09:16:45 <\/h6>\n<p><!--\n<link rel=\"stylesheet\" href=\"css\/bootstrap.min.css\">\n\n\n<ul class=\"pagination\">\n\t    \n\t\n\n<li >\n\t<a href='?page_no=18725'>Previous<\/a>\n\t<\/li>\n\n\n       \n    \n\n<li><a href='?page_no=1'>1<\/a><\/li>\n\n\n\n<li><a href='?page_no=2'>2<\/a><\/li>\n\n\n\n<li><a>...<\/a><\/li>\n\n\n\n<li><a href='?page_no=18724'>18724<\/a><\/li>\n\n\n\n<li><a href='?page_no=18725'>18725<\/a><\/li>\n\n\n\n<li class='active'><a>18726<\/a><\/li>\n\n\n\n<li><a href='?page_no=18727'>18727<\/a><\/li>\n\n\n\n<li><a href='?page_no=18728'>18728<\/a><\/li>\n\n\n\n<li><a>...<\/a><\/li>\n\n\n\n<li><a href='?page_no=51012'>51012<\/a><\/li>\n\n\n\n<li><a href='?page_no=51013'>51013<\/a><\/li>\n\n    \n\t\n\n<li >\n\t<a href='?page_no=18727'>Next<\/a>\n\t<\/li>\n\n\n    \n\n<li><a href='?page_no=51013'>Last &rsaquo;&rsaquo;<\/a><\/li>\n\n<\/ul>\n\n\n--><br \/>\n<\/body><\/p>\n","protected":false},"excerpt":{"rendered":"<p>La Paz, 9 ago (PL) La Organizaci\u00f3n de Naciones Unidas felicit\u00f3 a Bolivia por su aporte al cuidado de la Madre Tierra y la vida, en ocasi\u00f3n de celebrarse hoy el D\u00eda Internacional de los Pueblos Ind\u00edgenas. Un comunicado emitido por la oficina de la ONU aqu\u00ed destaca que la naci\u00f3n andino amaz\u00f3nica dio pasos [&hellip;]<\/p>\n","protected":false},"author":3,"featured_media":0,"comment_status":"open","ping_status":"open","sticky":false,"template":"","format":"standard","meta":{"footnotes":""},"categories":[23],"tags":[],"class_list":["post-249081","post","type-post","status-publish","format-standard","hentry","category-internacional"],"_links":{"self":[{"href":"https:\/\/diariodominicano.com\/index.php?rest_route=\/wp\/v2\/posts\/249081","targetHints":{"allow":["GET"]}}],"collection":[{"href":"https:\/\/diariodominicano.com\/index.php?rest_route=\/wp\/v2\/posts"}],"about":[{"href":"https:\/\/diariodominicano.com\/index.php?rest_route=\/wp\/v2\/types\/post"}],"author":[{"embeddable":true,"href":"https:\/\/diariodominicano.com\/index.php?rest_route=\/wp\/v2\/users\/3"}],"replies":[{"embeddable":true,"href":"https:\/\/diariodominicano.com\/index.php?rest_route=%2Fwp%2Fv2%2Fcomments&post=249081"}],"version-history":[{"count":0,"href":"https:\/\/diariodominicano.com\/index.php?rest_route=\/wp\/v2\/posts\/249081\/revisions"}],"wp:attachment":[{"href":"https:\/\/diariodominicano.com\/index.php?rest_route=%2Fwp%2Fv2%2Fmedia&parent=249081"}],"wp:term":[{"taxonomy":"category","embeddable":true,"href":"https:\/\/diariodominicano.com\/index.php?rest_route=%2Fwp%2Fv2%2Fcategories&post=249081"},{"taxonomy":"post_tag","embeddable":true,"href":"https:\/\/diariodominicano.com\/index.php?rest_route=%2Fwp%2Fv2%2Ftags&post=249081"}],"curies":[{"name":"wp","href":"https:\/\/api.w.org\/{rel}","templated":true}]}}