{"id":249080,"date":"2016-08-09T10:16:04","date_gmt":"2016-08-09T10:16:04","guid":{"rendered":"http:\/\/diariodominicano.ddns.net\/?p=249080"},"modified":"2016-08-09T10:16:04","modified_gmt":"2016-08-09T10:16:04","slug":"arrestan-a-hombre-por-escalar-verja-de-palacio-de-buckingham","status":"publish","type":"post","link":"https:\/\/diariodominicano.com\/?p=249080","title":{"rendered":"Arrestan a hombre por escalar verja de Palacio de Buckingham"},"content":{"rendered":"<p><body><\/p>\n<p><span class=\"text1noticias\">  LONDRES, 9 ago (Xinhua) &#8212; Un hombre fue arrestado hoy por escalar una verja de seguridad en el Palacio de Buckingham.<\/span><\/p>\n<p><span class=\"text1noticias\"> <\/span><\/p>\n<p><span class=\"text1noticias\">     El hombre de 22 a\u00f1os de edad originario de Croydon fue detectado por oficiales de polic\u00eda que monitorizaban el circuito cerrado de televisi\u00f3n y lo arrestaron en el \u00e1rea del palacio a las 4:15 horas de hoy, inform\u00f3 Sky News.<\/span><\/p>\n<p><span class=\"text1noticias\"> <\/span><\/p>\n<p><span class=\"text1noticias\">     El hombre, quien hab\u00eda estado bebiendo, no pudo acceder al palacio y no estaba armado, de acuerdo con la polic\u00eda local.<\/span><\/p>\n<p><span class=\"text1noticias\"> <\/span><\/p>\n<p><span class=\"text1noticias\">     La polic\u00eda no cree que se trate de un incidente relacionado con el terrorismo.<\/span><\/p>\n<p><span class=\"text1noticias\"> <\/span><\/p>\n<p><span class=\"text1noticias\">     El hombre es mantenido en una estaci\u00f3n de polic\u00eda en el centro de Londres. Ning\u00fan miembro de la familia real se encontraba en la residencia al momento del arres<\/span>to. <\/p>\n<h6> 2016-08-09 10:16:04 <\/h6>\n<p><!--\n<link rel=\"stylesheet\" href=\"css\/bootstrap.min.css\">\n\n\n<ul class=\"pagination\">\n\t    \n\t\n\n<li >\n\t<a href='?page_no=18724'>Previous<\/a>\n\t<\/li>\n\n\n       \n    \n\n<li><a href='?page_no=1'>1<\/a><\/li>\n\n\n\n<li><a href='?page_no=2'>2<\/a><\/li>\n\n\n\n<li><a>...<\/a><\/li>\n\n\n\n<li><a href='?page_no=18723'>18723<\/a><\/li>\n\n\n\n<li><a href='?page_no=18724'>18724<\/a><\/li>\n\n\n\n<li class='active'><a>18725<\/a><\/li>\n\n\n\n<li><a href='?page_no=18726'>18726<\/a><\/li>\n\n\n\n<li><a href='?page_no=18727'>18727<\/a><\/li>\n\n\n\n<li><a>...<\/a><\/li>\n\n\n\n<li><a href='?page_no=51012'>51012<\/a><\/li>\n\n\n\n<li><a href='?page_no=51013'>51013<\/a><\/li>\n\n    \n\t\n\n<li >\n\t<a href='?page_no=18726'>Next<\/a>\n\t<\/li>\n\n\n    \n\n<li><a href='?page_no=51013'>Last &rsaquo;&rsaquo;<\/a><\/li>\n\n<\/ul>\n\n\n--><br \/>\n<\/body><\/p>\n","protected":false},"excerpt":{"rendered":"<p>LONDRES, 9 ago (Xinhua) &#8212; Un hombre fue arrestado hoy por escalar una verja de seguridad en el Palacio de Buckingham. El hombre de 22 a\u00f1os de edad originario de Croydon fue detectado por oficiales de polic\u00eda que monitorizaban el circuito cerrado de televisi\u00f3n y lo arrestaron en el \u00e1rea del palacio a las 4:15 [&hellip;]<\/p>\n","protected":false},"author":3,"featured_media":0,"comment_status":"open","ping_status":"open","sticky":false,"template":"","format":"standard","meta":{"footnotes":""},"categories":[23],"tags":[],"class_list":["post-249080","post","type-post","status-publish","format-standard","hentry","category-internacional"],"_links":{"self":[{"href":"https:\/\/diariodominicano.com\/index.php?rest_route=\/wp\/v2\/posts\/249080","targetHints":{"allow":["GET"]}}],"collection":[{"href":"https:\/\/diariodominicano.com\/index.php?rest_route=\/wp\/v2\/posts"}],"about":[{"href":"https:\/\/diariodominicano.com\/index.php?rest_route=\/wp\/v2\/types\/post"}],"author":[{"embeddable":true,"href":"https:\/\/diariodominicano.com\/index.php?rest_route=\/wp\/v2\/users\/3"}],"replies":[{"embeddable":true,"href":"https:\/\/diariodominicano.com\/index.php?rest_route=%2Fwp%2Fv2%2Fcomments&post=249080"}],"version-history":[{"count":0,"href":"https:\/\/diariodominicano.com\/index.php?rest_route=\/wp\/v2\/posts\/249080\/revisions"}],"wp:attachment":[{"href":"https:\/\/diariodominicano.com\/index.php?rest_route=%2Fwp%2Fv2%2Fmedia&parent=249080"}],"wp:term":[{"taxonomy":"category","embeddable":true,"href":"https:\/\/diariodominicano.com\/index.php?rest_route=%2Fwp%2Fv2%2Fcategories&post=249080"},{"taxonomy":"post_tag","embeddable":true,"href":"https:\/\/diariodominicano.com\/index.php?rest_route=%2Fwp%2Fv2%2Ftags&post=249080"}],"curies":[{"name":"wp","href":"https:\/\/api.w.org\/{rel}","templated":true}]}}