{"id":249078,"date":"2016-08-09T10:35:42","date_gmt":"2016-08-09T10:35:42","guid":{"rendered":"http:\/\/diariodominicano.ddns.net\/?p=249078"},"modified":"2016-08-09T10:35:42","modified_gmt":"2016-08-09T10:35:42","slug":"nueva-masacre-deja-en-evidencia-politica-de-seguridad-en-pakistan","status":"publish","type":"post","link":"https:\/\/diariodominicano.com\/?p=249078","title":{"rendered":"Nueva masacre deja en evidencia pol\u00edtica de seguridad en Pakist\u00e1n"},"content":{"rendered":"<p><body><\/p>\n<p><img decoding=\"async\" src=\"img3\/pakistan-at9-8.jpg\" \/>  <\/p>\n<p><span class=\"text1noticias\">Por Roberto Castellanos Fernandez<\/span><\/p>\n<p><span class=\"text1noticias\"> <\/span><\/p>\n<p><span class=\"text1noticias\">Nueva Delhi, 9 ago (PL) La matanza en un hospital de la ciudad de Quetta es un nuevo golpe para el gobierno y el ej\u00e9rcito de Pakist\u00e1n, inmersos en una campa\u00f1a contra el terrorismo y los numerosos grupos armados presentes en el pa\u00eds.<\/span><\/p>\n<p><span class=\"text1noticias\"> <\/span><\/p>\n<p><span class=\"text1noticias\">Al menos 70 personas murieron y otras 112 resultaron heridas ayer por un atentado suicida en un hospital ubicado en Quetta, capital de la suroccidental provincia pakistan\u00ed de Beluchist\u00e1n.<\/span><\/p>\n<p><span class=\"text1noticias\"> <\/span><\/p>\n<p><span class=\"text1noticias\">La televisora Samaa TV, que cit\u00f3 a fuentes de seguridad, precis\u00f3 que un terrorista deton\u00f3 ocho kilogramos de explosivos que cargaba frente a la sala de emergencia, desatando el p\u00e1nico entre los pacientes y los m\u00e9dicos.<\/span><\/p>\n<p><span class=\"text1noticias\"> <\/span><\/p>\n<p><span class=\"text1noticias\">En el lugar estaban concentrados numerosos periodistas y abogados tras ser trasladado all\u00ed el cuerpo del presidente del Colegio de Abogados de Baluchist\u00e1n, Bilal Kasi, asesinado poco antes cuando se dirig\u00eda a su trabajo.<\/span><\/p>\n<p><span class=\"text1noticias\"> <\/span><\/p>\n<p><span class=\"text1noticias\">El segundo ataque m\u00e1s mort\u00edfero en Pakist\u00e1n en lo que va de a\u00f1o provoc\u00f3 nuevas cr\u00edticas al Plan de Acci\u00f3n Nacional (NAP, por sus siglas en ingl\u00e9s), un proyecto impulsado por el gobierno para complementar la ofensiva militar contra los reductos de los grupos armados en las a\u00e9reas tribales lim\u00edtrofes con Afganist\u00e1n.<\/span><\/p>\n<p><span class=\"text1noticias\"> <\/span><\/p>\n<p><span class=\"text1noticias\">La propuesta incluye la creaci\u00f3n de tribunales militares para juzgar a los radicales, el enfrentamiento a las redes de financiamiento de esas formaciones, campa\u00f1as contra el extremismo religioso o sectario y un mayor control y reformas a las madrazas (escuelas isl\u00e1micas).<\/span><\/p>\n<p><span class=\"text1noticias\"> <\/span><\/p>\n<p><span class=\"text1noticias\">Sin embargo, diversos medios de prensa, expertos y hasta el parlamento nacional, cuestionaron los resultados de la propuesta y llamaron a combatir las ra\u00edces del radicalismo como la pobreza y el analfabetismo.<\/span><\/p>\n<p><span class=\"text1noticias\"> <\/span><\/p>\n<p><span class=\"text1noticias\">La nueva masacre ech\u00f3 m\u00e1s le\u00f1a al fuego. Los juristas de todo el pa\u00eds anunciaron un boicot de tres d\u00edas a sus labores para protestar por la falta de seguridad y expresar su apoyo a las v\u00edctimas.<\/span><\/p>\n<p><span class=\"text1noticias\"> <\/span><\/p>\n<p><span class=\"text1noticias\">Los gobiernos central y provinciales fallaron en proteger a sus ciudadanos, denunci\u00f3 el vicepresidente del Consejo de Abogados de Pakist\u00e1n, Farogh Naseem.<\/span><\/p>\n<p><span class=\"text1noticias\"> <\/span><\/p>\n<p><span class=\"text1noticias\">Tambi\u00e9n legisladores de la provincia de Khyber Pakhtunkhwa exigieron una revisi\u00f3n del NAP.<\/span><\/p>\n<p><span class=\"text1noticias\"> <\/span><\/p>\n<p><span class=\"text1noticias\">Parece que ese plan se limita al papel, coment\u00f3 en tono ir\u00f3nico el parlamentario Sardar Hussain Babak.<\/span><\/p>\n<p><span class=\"text1noticias\"> <\/span><\/p>\n<p><span class=\"text1noticias\">En similar sentido se pronunciaron los dirigentes opositores Maulana Lutfur Rahman, quien llam\u00f3 a revisar las pol\u00edticas de seguridad, y Sikandar Sherpao.<\/span><\/p>\n<p><span class=\"text1noticias\"> <\/span><\/p>\n<p><span class=\"text1noticias\">Tenemos que actualizar el NAP porque los terroristas est\u00e1n cambiando sus t\u00e1cticas, alert\u00f3 Sherpao.<\/span><\/p>\n<p><span class=\"text1noticias\"> <\/span><\/p>\n<p><span class=\"text1noticias\">El Gobierno y el Ej\u00e9rcito no cesan de divulgar datos sobre los \u00e9xitos de las operaciones contra los numerosos grupos islamistas y sectarios en el pa\u00eds, y como ejemplo destacan la disminuci\u00f3n de la violencia.<\/span><\/p>\n<p><span class=\"text1noticias\"> <\/span><\/p>\n<p><span class=\"text1noticias\">Al cumplirse dos a\u00f1os de la ofensiva castrense, el jefe del Servicio de Relaciones Publicas del Ej\u00e9rcito, teniente general Asim Bajwa, revel\u00f3 en junio que durante esos 24 meses perdieron la vida unos tres mil 500 extremistas y 500 militares.<\/span><\/p>\n<p><span class=\"text1noticias\"> <\/span><\/p>\n<p><span class=\"text1noticias\">M\u00e1s de 990 escondites y siete mil 500 f\u00e1bricas de municiones de los radicales fueron destruidas y 253 toneladas de explosivos y 35 mil obuses y misiles incautados, subray\u00f3.<\/span><\/p>\n<p><span class=\"text1noticias\"> <\/span><\/p>\n<p><span class=\"text1noticias\">Sin embargo, ciudades como Quetta, Karachi o Lahore han sufrido en los \u00faltimos meses diversos atentados, reivindicados en su mayor\u00eda por los talibanes pakistan\u00edes o el Estado Isl\u00e1mico.<\/span><\/p>\n<p><span class=\"text1noticias\"> <\/span><\/p>\n<p><span class=\"text1noticias\">Innumerables ejemplos de incompetencia y corrupci\u00f3n explican por qu\u00e9 nuestro aparato de seguridad est\u00e1 fallando, coment\u00f3 un art\u00edculo de opini\u00f3n del diario Dawn.<\/span><\/p>\n<p><span class=\"text1noticias\"> <\/span><\/p>\n<p><span class=\"text1noticias\">La pol\u00edtica de culpar de nuestros enemigos y a sus agencias de inteligencia solo provoc\u00f3 el colapso total de nuestro sistema de investigaci\u00f3n y el fracaso de nuestras instituciones encargadas de aplic<\/span>ar la ley, subray\u00f3.<\/p>\n<\/p>\n<h6> 2016-08-09 10:35:42 <\/h6>\n<p><!--\n<link rel=\"stylesheet\" href=\"css\/bootstrap.min.css\">\n\n\n<ul class=\"pagination\">\n\t    \n\t\n\n<li >\n\t<a href='?page_no=18722'>Previous<\/a>\n\t<\/li>\n\n\n       \n    \n\n<li><a href='?page_no=1'>1<\/a><\/li>\n\n\n\n<li><a href='?page_no=2'>2<\/a><\/li>\n\n\n\n<li><a>...<\/a><\/li>\n\n\n\n<li><a href='?page_no=18721'>18721<\/a><\/li>\n\n\n\n<li><a href='?page_no=18722'>18722<\/a><\/li>\n\n\n\n<li class='active'><a>18723<\/a><\/li>\n\n\n\n<li><a href='?page_no=18724'>18724<\/a><\/li>\n\n\n\n<li><a href='?page_no=18725'>18725<\/a><\/li>\n\n\n\n<li><a>...<\/a><\/li>\n\n\n\n<li><a href='?page_no=51012'>51012<\/a><\/li>\n\n\n\n<li><a href='?page_no=51013'>51013<\/a><\/li>\n\n    \n\t\n\n<li >\n\t<a href='?page_no=18724'>Next<\/a>\n\t<\/li>\n\n\n    \n\n<li><a href='?page_no=51013'>Last &rsaquo;&rsaquo;<\/a><\/li>\n\n<\/ul>\n\n\n--><br \/>\n<\/body><\/p>\n","protected":false},"excerpt":{"rendered":"<p>Por Roberto Castellanos Fernandez Nueva Delhi, 9 ago (PL) La matanza en un hospital de la ciudad de Quetta es un nuevo golpe para el gobierno y el ej\u00e9rcito de Pakist\u00e1n, inmersos en una campa\u00f1a contra el terrorismo y los numerosos grupos armados presentes en el pa\u00eds. Al menos 70 personas murieron y otras 112 [&hellip;]<\/p>\n","protected":false},"author":3,"featured_media":0,"comment_status":"open","ping_status":"open","sticky":false,"template":"","format":"standard","meta":{"footnotes":""},"categories":[23],"tags":[],"class_list":["post-249078","post","type-post","status-publish","format-standard","hentry","category-internacional"],"_links":{"self":[{"href":"https:\/\/diariodominicano.com\/index.php?rest_route=\/wp\/v2\/posts\/249078","targetHints":{"allow":["GET"]}}],"collection":[{"href":"https:\/\/diariodominicano.com\/index.php?rest_route=\/wp\/v2\/posts"}],"about":[{"href":"https:\/\/diariodominicano.com\/index.php?rest_route=\/wp\/v2\/types\/post"}],"author":[{"embeddable":true,"href":"https:\/\/diariodominicano.com\/index.php?rest_route=\/wp\/v2\/users\/3"}],"replies":[{"embeddable":true,"href":"https:\/\/diariodominicano.com\/index.php?rest_route=%2Fwp%2Fv2%2Fcomments&post=249078"}],"version-history":[{"count":0,"href":"https:\/\/diariodominicano.com\/index.php?rest_route=\/wp\/v2\/posts\/249078\/revisions"}],"wp:attachment":[{"href":"https:\/\/diariodominicano.com\/index.php?rest_route=%2Fwp%2Fv2%2Fmedia&parent=249078"}],"wp:term":[{"taxonomy":"category","embeddable":true,"href":"https:\/\/diariodominicano.com\/index.php?rest_route=%2Fwp%2Fv2%2Fcategories&post=249078"},{"taxonomy":"post_tag","embeddable":true,"href":"https:\/\/diariodominicano.com\/index.php?rest_route=%2Fwp%2Fv2%2Ftags&post=249078"}],"curies":[{"name":"wp","href":"https:\/\/api.w.org\/{rel}","templated":true}]}}