{"id":249077,"date":"2016-08-09T11:35:00","date_gmt":"2016-08-09T11:35:00","guid":{"rendered":"http:\/\/diariodominicano.ddns.net\/?p=249077"},"modified":"2016-08-09T11:35:00","modified_gmt":"2016-08-09T11:35:00","slug":"nagasaki-conmemora-71aniversario-de-bombardeo-atomico","status":"publish","type":"post","link":"https:\/\/diariodominicano.com\/?p=249077","title":{"rendered":"Nagasaki conmemora 71\u00b0aniversario de bombardeo at\u00f3mico"},"content":{"rendered":"<p><body><\/p>\n<p><img decoding=\"async\" src=\"img3\/Nagasaki9-8.jpg\" \/><br \/><img decoding=\"async\" src=\"img3\/nagaestatua9-8.jpg\" \/>  <\/p>\n<p>NAGASAKI, Jap\u00f3n, 9 ago (Xinhua) &#8212; Nagasaki, una ciudad en el suroeste de Jap\u00f3n, conmemor\u00f3 hoy el 71\u00b0 aniversario del bombardeo at\u00f3mico que sufri\u00f3, en medio de llamados de la gente com\u00fan en Jap\u00f3n para que se reflexione sobre la historia de agresi\u00f3n del pa\u00eds.<\/p>\n<\/p>\n<p>     En el evento anual, realizado en el Parque de la Paz de la ciudad, una vez m\u00e1s falt\u00f3 una disculpa a los vecinos de Jap\u00f3n por los cr\u00edmenes de guerra cometidos por el Ej\u00e9rcito Imperial de Jap\u00f3n y tampoco se reflexion\u00f3 sobre la historia militarista de invasi\u00f3n de Jap\u00f3n.<\/p>\n<\/p>\n<p>     Nagasaki fue atacada con la bomba at\u00f3mica el 9 de agosto de 1945. Tres d\u00edas antes, Hiroshima hab\u00eda sido blanco de un ataque similar. Estados Unidos lanz\u00f3 las dos bombas para acelerar la rendici\u00f3n de Jap\u00f3n en la Segunda Guerra Mundial.<\/p>\n<\/p>\n<p>     Jap\u00f3n fue un gran agresor que lanz\u00f3 guerras de agresi\u00f3n contra China, pa\u00edses del sudeste de Asia y Estados Unidos en las d\u00e9cadas de los 30 y 40. Seis d\u00edas despu\u00e9s del bombardeo contra Nagasaki, Jap\u00f3n se rindi\u00f3 ante las Fuerzas Aliadas<\/p>\n<\/p>\n<p>     Al reflexionar sobre la tragedia de Hiroshima y Nagasaki, Tokio siempre se ha enfocado en la tan pregonada victimizaci\u00f3n de Jap\u00f3n, evadiendo el hecho de que la causa de ra\u00edz de los bombardeos de Estados Unidos fue la agresi\u00f3n militarista y la brutal violencia de Jap\u00f3n contra otros pa\u00edses.<\/p>\n<\/p>\n<p>     En el evento de hoy, Tomihisa Taue, alcalde de la ciudad de Nagasaki, pidi\u00f3 al gobierno consagrar en la ley sus Tres Principios Antinucleares de no posesi\u00f3n, no producci\u00f3n y no autorizaci\u00f3n a la introducci\u00f3n de armas nucleares en su territorio.<\/p>\n<\/p>\n<p>     El representante de los sobrevivientes del bombardeo at\u00f3mico, Toyokazu Ihara, quien ten\u00eda nueve a\u00f1os de edad cuando ocurri\u00f3 el bombardeo en Nagasaki, habl\u00f3 en la ceremonia. Pidi\u00f3 al gobierno abolir los controvertidos proyectos de ley de seguridad que son contrarios a la Constituci\u00f3n pacifista del pa\u00eds y abandonar la dependencia del poder nuclear de Estados Unidos.<\/p>\n<\/p>\n<p>     El primer ministro japon\u00e9s, Shinzo Abe, un revisionista y nacionalista de l\u00ednea dura, tambi\u00e9n asisti\u00f3 a la ceremonia y pronunci\u00f3 un discurso. Cuando subi\u00f3 a la plataforma, se escucharon gritos de enojo entre la multitud que dec\u00edan \u00ab\u00a1Abe fuera!\u00bb.<\/p>\n<\/p>\n<p>     Abe no mencion\u00f3 los antecedentes hist\u00f3ricos ni la causa de ra\u00edz de los bombardeo at\u00f3micos, ni ofreci\u00f3 una disculpa por las atrocidades de guerra cometidas por el Ej\u00e9rcito Imperial de Jap\u00f3n.<\/p>\n<\/p>\n<p>     Cientos de personas y varios grupos civiles japoneses se reunieron en torno al Parque de la Paz para protestar contra la asistencia de Abe a la ceremonia y criticaron a Abe por su err\u00f3nea visi\u00f3n de la historia y por las pol\u00edticas equivocadas, entre las que est\u00e1n nuevos proyectos de ley sobre seguridad.<\/p>\n<\/p>\n<p>     \u00abNos oponemos con firmeza a los proyectos relacionados con la seguridad\u00bb, \u00abRetire las iniciativas de guerra\u00bb, gritaban los manifestantes, quienes tambi\u00e9n llevaban carteles.<\/p>\n<\/p>\n<p>     Un ciudadano de la prefectura suroeste de Miyazaki, Asai Ryunosuke, coment\u00f3 a Xinhua que \u00abla visita del primer ministro Abe a Nagasaki es un insulto para las v\u00edctimas de guerra en Jap\u00f3n y Asia\u00bb, \u00absus abusos sobre la memoria de la paz son intolerables\u00bb.<\/p>\n<\/p>\n<p>     Ryunosuke responsabiliz\u00f3 a la administraci\u00f3n de Abe de no ofrecer una disculpa ni reflexionar sobre la guerra de agresi\u00f3n. \u00abEn absoluto piensa que la guerra est\u00e9 mal\u00bb, a\u00f1adi\u00f3.<\/p>\n<\/p>\n<p>     La administraci\u00f3n Abe present\u00f3 pol\u00edticas que incluyen iniciativas de ley sobre seguridad que podr\u00edan provocar guerras, adopt\u00f3 una actitud hostil hacia algunos pa\u00edses de Asia, incluida China, y ha dado mucha publicidad a la \u00abteor\u00eda de la amenaza\u00bb, as\u00ed como al \u00absentido de crisis\u00bb, con el fin de buscar excusas para hacer preparativos de guerra, afirm\u00f3.<\/p>\n<\/p>\n<p>     Al referirse a un enorme arsenal de materiales nuclear con grado de armas en Jap\u00f3n, Ryunosuke dijo que la intenci\u00f3n de Jap\u00f3n de producir armas nucleares es absolutamente clara a pesar de la afirmaci\u00f3n de la administraci\u00f3n Abe de abandonar las armas nucleares.<\/p>\n<\/p>\n<p>     Respecto a la historia de agresi\u00f3n de Jap\u00f3n, coment\u00f3 que las escuelas japonesas no les ense\u00f1an a los estudiantes sobre eso; la prensa japonesa, por su parte, se enfoca en el sufrimiento de Jap\u00f3n en la guerra. Como resultado, la mayor\u00eda de los japoneses desconocen la historia militarista de invasi\u00f3n del pa\u00eds.<\/p>\n<\/p>\n<p>     \u00abMuchos japoneses saben que Jap\u00f3n sufri\u00f3 mucho en las guerras, pero no saben que sus vecinos asi\u00e1ticos fueron victimizados por la brutal agresi\u00f3n y r\u00e9gimen colonialista de Jap\u00f3n\u00bb, declar\u00f3.<\/p>\n<\/p>\n<p>     Un ciudadano de la prefectura suroeste de Fukuoka, Kitahara Hiroki, tambi\u00e9n conden\u00f3 el revisionismo hist\u00f3rico de Abe, y se\u00f1al\u00f3 que millones de personas en Asia murieron en las guerras emprendidas por Jap\u00f3n y que la verdadera raz\u00f3n de la tragedia de Nagasaki est\u00e1 en la guerra de agresi\u00f3n japonesa.<\/p>\n<\/p>\n<p>     Jap\u00f3n se ha adherido a su tradici\u00f3n de pacifismo de posguerra para evitar errores en el futuro, pero \u00abAbe est\u00e1 haciendo exactamente lo opuesto\u00bb con el objetivo de librarse del sistema de posguerra y acabar fundamentalmente con la forma social de posguerra en Jap\u00f3n, indic\u00f3.<\/p>\n<\/p>\n<p>      \u00abModificar la Constituci\u00f3n pacifista de Jap\u00f3n ahora est\u00e1 contemplado en la agenda\u00bb, se\u00f1al\u00f3 Hiroki, quien subray\u00f3: \u00abMe opongo resueltamente a la asistencia de Abe a la ceremonia de hoy\u00bb. <\/p>\n<h6> 2016-08-09 11:35:00 <\/h6>\n<p><!--\n<link rel=\"stylesheet\" href=\"css\/bootstrap.min.css\">\n\n\n<ul class=\"pagination\">\n\t    \n\t\n\n<li >\n\t<a href='?page_no=18721'>Previous<\/a>\n\t<\/li>\n\n\n       \n    \n\n<li><a href='?page_no=1'>1<\/a><\/li>\n\n\n\n<li><a href='?page_no=2'>2<\/a><\/li>\n\n\n\n<li><a>...<\/a><\/li>\n\n\n\n<li><a href='?page_no=18720'>18720<\/a><\/li>\n\n\n\n<li><a href='?page_no=18721'>18721<\/a><\/li>\n\n\n\n<li class='active'><a>18722<\/a><\/li>\n\n\n\n<li><a href='?page_no=18723'>18723<\/a><\/li>\n\n\n\n<li><a href='?page_no=18724'>18724<\/a><\/li>\n\n\n\n<li><a>...<\/a><\/li>\n\n\n\n<li><a href='?page_no=51012'>51012<\/a><\/li>\n\n\n\n<li><a href='?page_no=51013'>51013<\/a><\/li>\n\n    \n\t\n\n<li >\n\t<a href='?page_no=18723'>Next<\/a>\n\t<\/li>\n\n\n    \n\n<li><a href='?page_no=51013'>Last &rsaquo;&rsaquo;<\/a><\/li>\n\n<\/ul>\n\n\n--><br \/>\n<\/body><\/p>\n","protected":false},"excerpt":{"rendered":"<p>NAGASAKI, Jap\u00f3n, 9 ago (Xinhua) &#8212; Nagasaki, una ciudad en el suroeste de Jap\u00f3n, conmemor\u00f3 hoy el 71\u00b0 aniversario del bombardeo at\u00f3mico que sufri\u00f3, en medio de llamados de la gente com\u00fan en Jap\u00f3n para que se reflexione sobre la historia de agresi\u00f3n del pa\u00eds. En el evento anual, realizado en el Parque de la [&hellip;]<\/p>\n","protected":false},"author":3,"featured_media":0,"comment_status":"open","ping_status":"open","sticky":false,"template":"","format":"standard","meta":{"footnotes":""},"categories":[23],"tags":[],"class_list":["post-249077","post","type-post","status-publish","format-standard","hentry","category-internacional"],"_links":{"self":[{"href":"https:\/\/diariodominicano.com\/index.php?rest_route=\/wp\/v2\/posts\/249077","targetHints":{"allow":["GET"]}}],"collection":[{"href":"https:\/\/diariodominicano.com\/index.php?rest_route=\/wp\/v2\/posts"}],"about":[{"href":"https:\/\/diariodominicano.com\/index.php?rest_route=\/wp\/v2\/types\/post"}],"author":[{"embeddable":true,"href":"https:\/\/diariodominicano.com\/index.php?rest_route=\/wp\/v2\/users\/3"}],"replies":[{"embeddable":true,"href":"https:\/\/diariodominicano.com\/index.php?rest_route=%2Fwp%2Fv2%2Fcomments&post=249077"}],"version-history":[{"count":0,"href":"https:\/\/diariodominicano.com\/index.php?rest_route=\/wp\/v2\/posts\/249077\/revisions"}],"wp:attachment":[{"href":"https:\/\/diariodominicano.com\/index.php?rest_route=%2Fwp%2Fv2%2Fmedia&parent=249077"}],"wp:term":[{"taxonomy":"category","embeddable":true,"href":"https:\/\/diariodominicano.com\/index.php?rest_route=%2Fwp%2Fv2%2Fcategories&post=249077"},{"taxonomy":"post_tag","embeddable":true,"href":"https:\/\/diariodominicano.com\/index.php?rest_route=%2Fwp%2Fv2%2Ftags&post=249077"}],"curies":[{"name":"wp","href":"https:\/\/api.w.org\/{rel}","templated":true}]}}