{"id":249076,"date":"2016-08-09T12:00:18","date_gmt":"2016-08-09T12:00:18","guid":{"rendered":"http:\/\/diariodominicano.ddns.net\/?p=249076"},"modified":"2016-08-09T12:00:18","modified_gmt":"2016-08-09T12:00:18","slug":"caida-de-dron-israeli-en-aldea-arabe-deja-13-heridos","status":"publish","type":"post","link":"https:\/\/diariodominicano.com\/?p=249076","title":{"rendered":"Ca\u00edda de dron israel\u00ed en aldea \u00e1rabe deja 13 heridos"},"content":{"rendered":"<p><body><\/p>\n<p><span class=\"text1noticias\">  JERUSALEN, 9 ago (Xinhua) &#8212; Un dron perteneciente a las Industrias Aeroespaciales de Israel se estrell\u00f3 hoy en una aldea \u00e1rabe en el norte de Israel, lo que caus\u00f3 heridas leves a por lo menos 13 personas y el incendio de una vivienda vac\u00eda, dijeron las autoridades.<\/span><\/p>\n<p><span class=\"text1noticias\"> <\/span><\/p>\n<p><span class=\"text1noticias\">     Un portavoz de los equipos m\u00e9dicos de emergencia de Israel dijo que todos los heridos sufrieron dificultades para respirar tras la ca\u00edda del dron sobre una casa en Zalafa, una aldea \u00e1rabe ubicada al norte de la ciudad de Umm al-Fahm.<\/span><\/p>\n<p><span class=\"text1noticias\"> <\/span><\/p>\n<p><span class=\"text1noticias\">     Cerca de una decena de bomberos lucharon por apagar el fuego, que da\u00f1\u00f3 severamente la casa, dijo el portavoz del servicio de bomberos, el cual agreg\u00f3 que la casa segu\u00eda en construcci\u00f3n y estaba vac\u00eda al momento del incidente.<\/span><\/p>\n<p><span class=\"text1noticias\"> <\/span><\/p>\n<p><span class=\"text1noticias\">     La raz\u00f3n de la ca\u00edda a\u00fan no est\u00e1 clara, dice un comunicado publicado por Industrias Aeroespaciales, las fabricantes gubernamentales de armas y productos de aviaci\u00f3n civil, y agregan que el accidente ocurri\u00f3 \u00abdurante un vuelo de prueba\u00bb.<\/span><\/p>\n<p><span class=\"text1noticias\"> <\/span><\/p>\n<p><span class=\"text1noticias\">     El diario israel\u00ed \u00abHa&#8217;aretz\u00bb report\u00f3 que el dron era del tipo Heron 1, que ha estado en servicio de las Fuerzas de Defensa de Israel durante m\u00e1s de una d\u00e9c<\/span>ada.<\/p>\n<h6> 2016-08-09 12:00:18 <\/h6>\n<p><!--\n<link rel=\"stylesheet\" href=\"css\/bootstrap.min.css\">\n\n\n<ul class=\"pagination\">\n\t    \n\t\n\n<li >\n\t<a href='?page_no=18720'>Previous<\/a>\n\t<\/li>\n\n\n       \n    \n\n<li><a href='?page_no=1'>1<\/a><\/li>\n\n\n\n<li><a href='?page_no=2'>2<\/a><\/li>\n\n\n\n<li><a>...<\/a><\/li>\n\n\n\n<li><a href='?page_no=18719'>18719<\/a><\/li>\n\n\n\n<li><a href='?page_no=18720'>18720<\/a><\/li>\n\n\n\n<li class='active'><a>18721<\/a><\/li>\n\n\n\n<li><a href='?page_no=18722'>18722<\/a><\/li>\n\n\n\n<li><a href='?page_no=18723'>18723<\/a><\/li>\n\n\n\n<li><a>...<\/a><\/li>\n\n\n\n<li><a href='?page_no=51012'>51012<\/a><\/li>\n\n\n\n<li><a href='?page_no=51013'>51013<\/a><\/li>\n\n    \n\t\n\n<li >\n\t<a href='?page_no=18722'>Next<\/a>\n\t<\/li>\n\n\n    \n\n<li><a href='?page_no=51013'>Last &rsaquo;&rsaquo;<\/a><\/li>\n\n<\/ul>\n\n\n--><br \/>\n<\/body><\/p>\n","protected":false},"excerpt":{"rendered":"<p>JERUSALEN, 9 ago (Xinhua) &#8212; Un dron perteneciente a las Industrias Aeroespaciales de Israel se estrell\u00f3 hoy en una aldea \u00e1rabe en el norte de Israel, lo que caus\u00f3 heridas leves a por lo menos 13 personas y el incendio de una vivienda vac\u00eda, dijeron las autoridades. Un portavoz de los equipos m\u00e9dicos de emergencia [&hellip;]<\/p>\n","protected":false},"author":3,"featured_media":0,"comment_status":"open","ping_status":"open","sticky":false,"template":"","format":"standard","meta":{"footnotes":""},"categories":[23],"tags":[],"class_list":["post-249076","post","type-post","status-publish","format-standard","hentry","category-internacional"],"_links":{"self":[{"href":"https:\/\/diariodominicano.com\/index.php?rest_route=\/wp\/v2\/posts\/249076","targetHints":{"allow":["GET"]}}],"collection":[{"href":"https:\/\/diariodominicano.com\/index.php?rest_route=\/wp\/v2\/posts"}],"about":[{"href":"https:\/\/diariodominicano.com\/index.php?rest_route=\/wp\/v2\/types\/post"}],"author":[{"embeddable":true,"href":"https:\/\/diariodominicano.com\/index.php?rest_route=\/wp\/v2\/users\/3"}],"replies":[{"embeddable":true,"href":"https:\/\/diariodominicano.com\/index.php?rest_route=%2Fwp%2Fv2%2Fcomments&post=249076"}],"version-history":[{"count":0,"href":"https:\/\/diariodominicano.com\/index.php?rest_route=\/wp\/v2\/posts\/249076\/revisions"}],"wp:attachment":[{"href":"https:\/\/diariodominicano.com\/index.php?rest_route=%2Fwp%2Fv2%2Fmedia&parent=249076"}],"wp:term":[{"taxonomy":"category","embeddable":true,"href":"https:\/\/diariodominicano.com\/index.php?rest_route=%2Fwp%2Fv2%2Fcategories&post=249076"},{"taxonomy":"post_tag","embeddable":true,"href":"https:\/\/diariodominicano.com\/index.php?rest_route=%2Fwp%2Fv2%2Ftags&post=249076"}],"curies":[{"name":"wp","href":"https:\/\/api.w.org\/{rel}","templated":true}]}}