{"id":249075,"date":"2016-08-09T12:03:21","date_gmt":"2016-08-09T12:03:21","guid":{"rendered":"http:\/\/diariodominicano.ddns.net\/?p=249075"},"modified":"2016-08-09T12:03:21","modified_gmt":"2016-08-09T12:03:21","slug":"mayoria-de-europeos-desea-mas-acciones-de-ue-contra-terrorismo","status":"publish","type":"post","link":"https:\/\/diariodominicano.com\/?p=249075","title":{"rendered":"Mayor\u00eda de europeos desea m\u00e1s acciones de UE contra terrorismo"},"content":{"rendered":"<p><body><\/p>\n<p><span class=\"text1noticias\"> <\/span><\/p>\n<p><span class=\"text1noticias\">     BRUSELAS, 9 ago (Xinhua) &#8212; La Uni\u00f3n Europea (UE) debe hacer m\u00e1s en la lucha contra el terrorismo, opina 82 por ciento de los ciudadanos europeos, de acuerdo con la encuesta m\u00e1s reciente de Eurobarometer encargada por el Parlamento Europeo y dada a conocer hoy.<\/span><\/p>\n<p><span class=\"text1noticias\"> <\/span><\/p>\n<p><span class=\"text1noticias\">     El apoyo m\u00e1s elevado, de cerca de 90 por ciento, para una participaci\u00f3n m\u00e1s significativa de la UE se observ\u00f3 en Chipre, Portugal e Italia. En Austria, Croacia y Polonia, donde el apoyo fue relativamente menor, el \u00edndice fue similar al de tres trimestres.<\/span><\/p>\n<p><span class=\"text1noticias\"> <\/span><\/p>\n<p><span class=\"text1noticias\">     La encuesta tambi\u00e9n encontr\u00f3 que la amenaza percibida de ataques terroristas vari\u00f3 de 7 por ciento en Eslovenia a 64 por ciento en Francia.<\/span><\/p>\n<p><span class=\"text1noticias\"> <\/span><\/p>\n<p><span class=\"text1noticias\">     Las diferencias entre las opiniones de mujeres y hombres sobre este asunto es casi inexistente, y las viejas generaciones demostraron un apoyo apenas ligeramente superior para incrementar la participaci\u00f3n de la UE en la lucha contra el terror comparado con las generaciones de j\u00f3venes.<\/span><\/p>\n<p><span class=\"text1noticias\"> <\/span><\/p>\n<p><span class=\"text1noticias\">     Sin embargo, la encuesta detect\u00f3 que la lucha contra el terrorismo es un \u00e1rea con una percepci\u00f3n expl\u00edcita y muy fuerte de una diferencia entre las expectativas de los ciudadanos europeos y el verdadero nivel de participaci\u00f3n de la UE, ya que 69 por ciento considera la actual participaci\u00f3n de la UE como insuficiente.<\/span><\/p>\n<p><span class=\"text1noticias\"> <\/span><\/p>\n<p><span class=\"text1noticias\">     Eurobarometer indic\u00f3 que las medidas percibidas como lo m\u00e1s urgente son el bloqueo del financiamiento a grupos terroristas, estudiar las ra\u00edces del terrorismo y de la radicalizaci\u00f3n, y fortalecer el control de las fronteras externas de la UE.<\/span><\/p>\n<p><span class=\"text1noticias\"> <\/span><\/p>\n<p><span class=\"text1noticias\">     El Parlamento Europeo argument\u00f3 que en el marco legal existente, a\u00fan hay espacio para desarrollar m\u00e1s las capacidades contra el terrorismo.<\/span><\/p>\n<p><span class=\"text1noticias\"> <\/span><\/p>\n<p><span class=\"text1noticias\">     El mejor uso de las herramientas existentes y una mejor coordinaci\u00f3n entre las pol\u00edticas puede ser mejor que la apresurada adopci\u00f3n de nuevas medidas sin la apropiada reflexi\u00f3n sobre su posible impacto, aconseja el resultado de la encuesta.<\/span><\/p>\n<p><span class=\"text1noticias\"> <\/span><\/p>\n<p><span class=\"text1noticias\">      La falta de voluntad de los Estados miembros de la UE para compartir informaci\u00f3n de inteligencia parece ser el obst\u00e1culo m\u00e1s importante para tener una exitosa cooperaci\u00f3n a nivel de la UE, se\u00f1alan parlamentarios europeos.<\/span><\/p>\n<p><span class=\"text1noticias\"> <\/span><\/p>\n<p><span class=\"text1noticias\">      La creciente contribuci\u00f3n al Sistema de Informaci\u00f3n Schengen, el Sistema de Informaci\u00f3n Europol y otras herramientas para el intercambio de informaci\u00f3n de la UE, es crucial.<\/span><\/p>\n<p><span class=\"text1noticias\"> <\/span><\/p>\n<p><span class=\"text1noticias\">      El mejoramiento en el dise\u00f1o t\u00e9cnico de esas bases de datos puede facilitar considerablemente las revisiones fronteriza y la aplicaci\u00f3n de la ley. A corto plazo, las capacidades de coordinaci\u00f3n de bases de datos de la UE se pueden impulsar con el fin de lograr una completa interoperatividad en el futuro m\u00e1s distante, indic\u00f3 el Parlamen<\/span>to Europeo.<\/p>\n<h6> 2016-08-09 12:03:21 <\/h6>\n<p><!--\n<link rel=\"stylesheet\" href=\"css\/bootstrap.min.css\">\n\n\n<ul class=\"pagination\">\n\t    \n\t\n\n<li >\n\t<a href='?page_no=18719'>Previous<\/a>\n\t<\/li>\n\n\n       \n    \n\n<li><a href='?page_no=1'>1<\/a><\/li>\n\n\n\n<li><a href='?page_no=2'>2<\/a><\/li>\n\n\n\n<li><a>...<\/a><\/li>\n\n\n\n<li><a href='?page_no=18718'>18718<\/a><\/li>\n\n\n\n<li><a href='?page_no=18719'>18719<\/a><\/li>\n\n\n\n<li class='active'><a>18720<\/a><\/li>\n\n\n\n<li><a href='?page_no=18721'>18721<\/a><\/li>\n\n\n\n<li><a href='?page_no=18722'>18722<\/a><\/li>\n\n\n\n<li><a>...<\/a><\/li>\n\n\n\n<li><a href='?page_no=51012'>51012<\/a><\/li>\n\n\n\n<li><a href='?page_no=51013'>51013<\/a><\/li>\n\n    \n\t\n\n<li >\n\t<a href='?page_no=18721'>Next<\/a>\n\t<\/li>\n\n\n    \n\n<li><a href='?page_no=51013'>Last &rsaquo;&rsaquo;<\/a><\/li>\n\n<\/ul>\n\n\n--><br \/>\n<\/body><\/p>\n","protected":false},"excerpt":{"rendered":"<p>BRUSELAS, 9 ago (Xinhua) &#8212; La Uni\u00f3n Europea (UE) debe hacer m\u00e1s en la lucha contra el terrorismo, opina 82 por ciento de los ciudadanos europeos, de acuerdo con la encuesta m\u00e1s reciente de Eurobarometer encargada por el Parlamento Europeo y dada a conocer hoy. El apoyo m\u00e1s elevado, de cerca de 90 por ciento, [&hellip;]<\/p>\n","protected":false},"author":3,"featured_media":0,"comment_status":"open","ping_status":"open","sticky":false,"template":"","format":"standard","meta":{"footnotes":""},"categories":[23],"tags":[],"class_list":["post-249075","post","type-post","status-publish","format-standard","hentry","category-internacional"],"_links":{"self":[{"href":"https:\/\/diariodominicano.com\/index.php?rest_route=\/wp\/v2\/posts\/249075","targetHints":{"allow":["GET"]}}],"collection":[{"href":"https:\/\/diariodominicano.com\/index.php?rest_route=\/wp\/v2\/posts"}],"about":[{"href":"https:\/\/diariodominicano.com\/index.php?rest_route=\/wp\/v2\/types\/post"}],"author":[{"embeddable":true,"href":"https:\/\/diariodominicano.com\/index.php?rest_route=\/wp\/v2\/users\/3"}],"replies":[{"embeddable":true,"href":"https:\/\/diariodominicano.com\/index.php?rest_route=%2Fwp%2Fv2%2Fcomments&post=249075"}],"version-history":[{"count":0,"href":"https:\/\/diariodominicano.com\/index.php?rest_route=\/wp\/v2\/posts\/249075\/revisions"}],"wp:attachment":[{"href":"https:\/\/diariodominicano.com\/index.php?rest_route=%2Fwp%2Fv2%2Fmedia&parent=249075"}],"wp:term":[{"taxonomy":"category","embeddable":true,"href":"https:\/\/diariodominicano.com\/index.php?rest_route=%2Fwp%2Fv2%2Fcategories&post=249075"},{"taxonomy":"post_tag","embeddable":true,"href":"https:\/\/diariodominicano.com\/index.php?rest_route=%2Fwp%2Fv2%2Ftags&post=249075"}],"curies":[{"name":"wp","href":"https:\/\/api.w.org\/{rel}","templated":true}]}}