{"id":249073,"date":"2016-08-10T11:49:27","date_gmt":"2016-08-10T11:49:27","guid":{"rendered":"http:\/\/diariodominicano.ddns.net\/?p=249073"},"modified":"2016-08-10T11:49:27","modified_gmt":"2016-08-10T11:49:27","slug":"la-misericordia-sale-del-corazon-y-llega-a-las-manos-en-obras","status":"publish","type":"post","link":"https:\/\/diariodominicano.com\/?p=249073","title":{"rendered":"La misericordia sale del coraz\u00f3n y llega a las manos en obras"},"content":{"rendered":"<p><body><\/p>\n<p><img decoding=\"async\" src=\"img3\/PapaFrancisco10-8.jpg\" \/>  <\/p>\n<p><span class=\"text1noticias\">VATICANO, 10 Ago. 16 \/ 06:56 am (ACI).- \u00abUna gran compasi\u00f3n gu\u00eda las acciones de Jes\u00fas\u00bb, asegur\u00f3 este mi\u00e9rcoles el Papa Francisco durante la Audiencia General desde el Aula Pablo VI, donde se\u00f1al\u00f3 que \u00abla misericordia es un camino que parte del coraz\u00f3n y llega a las manos, es decir, a las obras de misericordia\u00bb.<\/span><\/p>\n<p><span class=\"text1noticias\"> <\/span><\/p>\n<p><span class=\"text1noticias\">Francisco hizo esta afirmaci\u00f3n al reflexionar sobre el pasaje del Evangelio donde Cristo, camino a Na\u00edm, se encuentra con un cortejo f\u00fanebre que sale de la ciudad, un grupo que iba a enterrar a un joven que era el \u00fanico hijo de una mujer viuda.<\/span><\/p>\n<p><span class=\"text1noticias\"> <\/span><\/p>\n<p><span class=\"text1noticias\">\u00abEs ah\u00ed que San Lucas precisa el sentimiento de Jes\u00fas: ?Al verla, el Se\u00f1or se conmovi\u00f3 y le dijo: \u00a1No llores!?\u00bb, indic\u00f3 el Papa; y se\u00f1al\u00f3 que \u00abconmovido por una profunda misericordia por esta madre\u00bb Cristo decide \u00abafrontar la muerte, por as\u00ed decir, de t\u00fa a t\u00fa\u00bb y resucitar al joven para devolv\u00e9rselo a su madre.<\/span><\/p>\n<p><span class=\"text1noticias\"> <\/span><\/p>\n<p><span class=\"text1noticias\">Francisco recomend\u00f3 recordar este pasaje del Evangelio cuando se cruce la Puerta Santa, a donde \u00abcada uno llega llevando la propia vida, con sus alegr\u00edas y sus sufrimientos, los proyectos y los fracasos, las dudas y los temores, para presentarlas a la misericordia del Se\u00f1or\u00bb; porque ante esta Puerta, Cristo \u00abse acerca para encontrar a cada uno de nosotros, para llevar y ofrecer su poderosa palabra consoladora: ?\u00a1No llores!?\u00bb.<\/span><\/p>\n<p><span class=\"text1noticias\"> <\/span><\/p>\n<p><span class=\"text1noticias\">\u00ab\u00c9sta es la Puerta del encuentro entre el dolor de la humanidad y la compasi\u00f3n de Dios (&#8230;). Cruzando el umbral nosotros realizamos nuestra peregrinaci\u00f3n hacia la misericordia de Dios que, como al joven muerto, repite a todos: ?Yo te lo ordeno, lev\u00e1ntate?. A cada uno de nosotros: ?lev\u00e1ntate?\u00bb.<\/span><\/p>\n<p><span class=\"text1noticias\"> <\/span><\/p>\n<p><span class=\"text1noticias\">\u00abDios nos quiere de pie. Nos ha creado para estar de pie: por esto, la compasi\u00f3n de Jes\u00fas lleva a aquel gesto de la curaci\u00f3n, a curarnos&#8230; Y la palabra clave es: ?Lev\u00e1ntate?. Ponte de pie, como te ha creado Dios. De pie&#8230; ?Pero padre, nosotros caemos muchas veces?. ?Adelante, lev\u00e1ntate?. Esta es la palabra de Jes\u00fas, siempre\u00bb, afirm\u00f3.<\/span><\/p>\n<p><span class=\"text1noticias\"> <\/span><\/p>\n<p><span class=\"text1noticias\">As\u00ed, Francisco invit\u00f3 a \u00absentir en nuestro coraz\u00f3n esta palabra: ?Lev\u00e1ntate?\u00bb cuando se cruce la Puerta Santa, pues \u00abla palabra poderosa de Jes\u00fas puede levantarnos y obrar tambi\u00e9n en nosotros el paso de la muerte a la vida\u00bb.<\/span><\/p>\n<p><span class=\"text1noticias\"> <\/span><\/p>\n<p><span class=\"text1noticias\">\u00abSu Palabra nos hace revivir, dona esperanza, consuela los corazones cansados, abre a una visi\u00f3n del mundo y de la vida que va m\u00e1s all\u00e1 del sufrimiento y de la muerte. \u00a1En la Puerta Santa esta esculpido para cada uno el inagotable tesoro de la misericordia de Dios!\u00bb, asegur\u00f3.<\/span><\/p>\n<p><span class=\"text1noticias\"> <\/span><\/p>\n<p><span class=\"text1noticias\">Volviendo al Evangelio, el Papa dijo que la frase \u00ablo restituy\u00f3 a su madre\u00bb, muestra la ternura de Jes\u00fas. \u00abRecibi\u00e9ndolo de las manos de Jes\u00fas ella se hace madre por segunda vez, pero el hijo que ahora le es restituido no es de ella de quien ha recibido la vida. Madre e hijo reciben as\u00ed la respectiva identidad gracias a la palabra poderosa de Jes\u00fas y a su gesto amoroso\u00bb.<\/span><\/p>\n<p><span class=\"text1noticias\"> <\/span><\/p>\n<p><span class=\"text1noticias\">De igual manera, especialmente en el Jubileo, \u00abla Madre Iglesia recibe a sus hijos reconociendo en ellos la vida donada por la gracia de Dios. Es en virtud de tal gracia, la gracia del Bautismo, que la Iglesia se hace madre y que cada uno de nosotros se hace su hijo\u00bb, afirm\u00f3.<\/span><\/p>\n<p><span class=\"text1noticias\"> <\/span><\/p>\n<p><span class=\"text1noticias\">En su reflexi\u00f3n, el Pont\u00edfice aclar\u00f3 que lo que hizo Jes\u00fas no es \u00absolo una acci\u00f3n de salvaci\u00f3n destinada a la viuda y a su hijo, o un gesto de bondad limitada a aquella ciudad\u00bb, sino es Dios que va al encuentro de su pueblo.<\/span><\/p>\n<p><span class=\"text1noticias\"> <\/span><\/p>\n<p><span class=\"text1noticias\">\u00abPor esto, acerc\u00e1ndonos a la Puerta Santa de la Misericordia, cada uno sabe de acercarse a la puerta del coraz\u00f3n misericordioso de Jes\u00fas: es \u00c9l de hecho la verdadera Puerta que conduce a la salvaci\u00f3n y nos restituye a una vida nueva\u00bb, asegur\u00f3.<\/span><\/p>\n<p><span class=\"text1noticias\"> <\/span><\/p>\n<p><span class=\"text1noticias\">\u00abLa misericordia, sea en Jes\u00fas sea en nosotros, es un camino que parte del coraz\u00f3n para llegar a las manos&#8230; \u00bfQu\u00e9 cosa significa esto? Jes\u00fas te mira, te cura con su misericordia, te dice: ?Lev\u00e1ntate?, y tu coraz\u00f3n es renovado. Pero esto del camino del coraz\u00f3n a las manos&#8230; ?Eh, si, \u00bfY ahora qu\u00e9 hago yo? Con el coraz\u00f3n nuevo, con el coraz\u00f3n sanado por Jes\u00fas realizo las obras de misericordia con las manos, y trato de ayudar, de sanar a muchos que tienen necesida<\/span>d?\u00bb, se\u00f1al\u00f3.<\/p>\n<h6> 2016-08-10 11:49:27 <\/h6>\n<p><!--\n<link rel=\"stylesheet\" href=\"css\/bootstrap.min.css\">\n\n\n<ul class=\"pagination\">\n\t    \n\t\n\n<li >\n\t<a href='?page_no=18717'>Previous<\/a>\n\t<\/li>\n\n\n       \n    \n\n<li><a href='?page_no=1'>1<\/a><\/li>\n\n\n\n<li><a href='?page_no=2'>2<\/a><\/li>\n\n\n\n<li><a>...<\/a><\/li>\n\n\n\n<li><a href='?page_no=18716'>18716<\/a><\/li>\n\n\n\n<li><a href='?page_no=18717'>18717<\/a><\/li>\n\n\n\n<li class='active'><a>18718<\/a><\/li>\n\n\n\n<li><a href='?page_no=18719'>18719<\/a><\/li>\n\n\n\n<li><a href='?page_no=18720'>18720<\/a><\/li>\n\n\n\n<li><a>...<\/a><\/li>\n\n\n\n<li><a href='?page_no=51012'>51012<\/a><\/li>\n\n\n\n<li><a href='?page_no=51013'>51013<\/a><\/li>\n\n    \n\t\n\n<li >\n\t<a href='?page_no=18719'>Next<\/a>\n\t<\/li>\n\n\n    \n\n<li><a href='?page_no=51013'>Last &rsaquo;&rsaquo;<\/a><\/li>\n\n<\/ul>\n\n\n--><br \/>\n<\/body><\/p>\n","protected":false},"excerpt":{"rendered":"<p>VATICANO, 10 Ago. 16 \/ 06:56 am (ACI).- \u00abUna gran compasi\u00f3n gu\u00eda las acciones de Jes\u00fas\u00bb, asegur\u00f3 este mi\u00e9rcoles el Papa Francisco durante la Audiencia General desde el Aula Pablo VI, donde se\u00f1al\u00f3 que \u00abla misericordia es un camino que parte del coraz\u00f3n y llega a las manos, es decir, a las obras de misericordia\u00bb. [&hellip;]<\/p>\n","protected":false},"author":3,"featured_media":0,"comment_status":"open","ping_status":"open","sticky":false,"template":"","format":"standard","meta":{"footnotes":""},"categories":[23],"tags":[],"class_list":["post-249073","post","type-post","status-publish","format-standard","hentry","category-internacional"],"_links":{"self":[{"href":"https:\/\/diariodominicano.com\/index.php?rest_route=\/wp\/v2\/posts\/249073","targetHints":{"allow":["GET"]}}],"collection":[{"href":"https:\/\/diariodominicano.com\/index.php?rest_route=\/wp\/v2\/posts"}],"about":[{"href":"https:\/\/diariodominicano.com\/index.php?rest_route=\/wp\/v2\/types\/post"}],"author":[{"embeddable":true,"href":"https:\/\/diariodominicano.com\/index.php?rest_route=\/wp\/v2\/users\/3"}],"replies":[{"embeddable":true,"href":"https:\/\/diariodominicano.com\/index.php?rest_route=%2Fwp%2Fv2%2Fcomments&post=249073"}],"version-history":[{"count":0,"href":"https:\/\/diariodominicano.com\/index.php?rest_route=\/wp\/v2\/posts\/249073\/revisions"}],"wp:attachment":[{"href":"https:\/\/diariodominicano.com\/index.php?rest_route=%2Fwp%2Fv2%2Fmedia&parent=249073"}],"wp:term":[{"taxonomy":"category","embeddable":true,"href":"https:\/\/diariodominicano.com\/index.php?rest_route=%2Fwp%2Fv2%2Fcategories&post=249073"},{"taxonomy":"post_tag","embeddable":true,"href":"https:\/\/diariodominicano.com\/index.php?rest_route=%2Fwp%2Fv2%2Ftags&post=249073"}],"curies":[{"name":"wp","href":"https:\/\/api.w.org\/{rel}","templated":true}]}}