{"id":249071,"date":"2016-08-10T12:09:55","date_gmt":"2016-08-10T12:09:55","guid":{"rendered":"http:\/\/diariodominicano.ddns.net\/?p=249071"},"modified":"2016-08-10T12:09:55","modified_gmt":"2016-08-10T12:09:55","slug":"policia-francesa-arresta-a-sospechoso-de-ataque-en-iglesia","status":"publish","type":"post","link":"https:\/\/diariodominicano.com\/?p=249071","title":{"rendered":"Polic\u00eda francesa arresta a sospechoso de ataque en iglesia"},"content":{"rendered":"<p><body><\/p>\n<p><span class=\"text1noticias\">  PARIS, 10 ago (Xinhua) &#8212; La polic\u00eda francesa arrest\u00f3 a un hombre de 21 a\u00f1os de edad en relaci\u00f3n con un ataque con cuchillo ocurrido en una iglesia en el norte de Francia, inform\u00f3 hoy el canal de noticias BFMTV.<\/span><\/p>\n<p><span class=\"text1noticias\"> <\/span><\/p>\n<p><span class=\"text1noticias\">     El hombre fue arrestado el lunes en Toulouse, en el suroeste de Francia, acusado de haber contactado a dos asaltantes que tomaron rehenes en Saint-Etienne-du-Rouvray y mataron a un sacerdote el mes pasado, se inform\u00f3.<\/span><\/p>\n<p><span class=\"text1noticias\"> <\/span><\/p>\n<p><span class=\"text1noticias\">     El sospechoso hizo un viaje entre Toulouse y Saint-Etienne-du-Rouvray d\u00edas antes del ataque, a\u00f1ade el reporte.<\/span><\/p>\n<p><span class=\"text1noticias\"> <\/span><\/p>\n<p><span class=\"text1noticias\">     Tres personas est\u00e1n bajo custodia en relaci\u00f3n con el caso, incluido un refugiado sirio y un menor de edad, como parte de la investigaci\u00f3n sobre el ataque.<\/span><\/p>\n<p><span class=\"text1noticias\"> <\/span><\/p>\n<p><span class=\"text1noticias\">     El 26 de julio, dos j\u00f3venes tomaron seis rehenes en una iglesia en el norte de Francia, luego mataron a un sacerdote y lesionaron gravemente a otra persona. Los atacantes murieron por los disparos de la poli<\/span>c\u00eda.<\/p>\n<h6> 2016-08-10 12:09:55 <\/h6>\n<p><!--\n<link rel=\"stylesheet\" href=\"css\/bootstrap.min.css\">\n\n\n<ul class=\"pagination\">\n\t    \n\t\n\n<li >\n\t<a href='?page_no=18715'>Previous<\/a>\n\t<\/li>\n\n\n       \n    \n\n<li><a href='?page_no=1'>1<\/a><\/li>\n\n\n\n<li><a href='?page_no=2'>2<\/a><\/li>\n\n\n\n<li><a>...<\/a><\/li>\n\n\n\n<li><a href='?page_no=18714'>18714<\/a><\/li>\n\n\n\n<li><a href='?page_no=18715'>18715<\/a><\/li>\n\n\n\n<li class='active'><a>18716<\/a><\/li>\n\n\n\n<li><a href='?page_no=18717'>18717<\/a><\/li>\n\n\n\n<li><a href='?page_no=18718'>18718<\/a><\/li>\n\n\n\n<li><a>...<\/a><\/li>\n\n\n\n<li><a href='?page_no=51012'>51012<\/a><\/li>\n\n\n\n<li><a href='?page_no=51013'>51013<\/a><\/li>\n\n    \n\t\n\n<li >\n\t<a href='?page_no=18717'>Next<\/a>\n\t<\/li>\n\n\n    \n\n<li><a href='?page_no=51013'>Last &rsaquo;&rsaquo;<\/a><\/li>\n\n<\/ul>\n\n\n--><br \/>\n<\/body><\/p>\n","protected":false},"excerpt":{"rendered":"<p>PARIS, 10 ago (Xinhua) &#8212; La polic\u00eda francesa arrest\u00f3 a un hombre de 21 a\u00f1os de edad en relaci\u00f3n con un ataque con cuchillo ocurrido en una iglesia en el norte de Francia, inform\u00f3 hoy el canal de noticias BFMTV. El hombre fue arrestado el lunes en Toulouse, en el suroeste de Francia, acusado de [&hellip;]<\/p>\n","protected":false},"author":3,"featured_media":0,"comment_status":"open","ping_status":"open","sticky":false,"template":"","format":"standard","meta":{"footnotes":""},"categories":[23],"tags":[],"class_list":["post-249071","post","type-post","status-publish","format-standard","hentry","category-internacional"],"_links":{"self":[{"href":"https:\/\/diariodominicano.com\/index.php?rest_route=\/wp\/v2\/posts\/249071","targetHints":{"allow":["GET"]}}],"collection":[{"href":"https:\/\/diariodominicano.com\/index.php?rest_route=\/wp\/v2\/posts"}],"about":[{"href":"https:\/\/diariodominicano.com\/index.php?rest_route=\/wp\/v2\/types\/post"}],"author":[{"embeddable":true,"href":"https:\/\/diariodominicano.com\/index.php?rest_route=\/wp\/v2\/users\/3"}],"replies":[{"embeddable":true,"href":"https:\/\/diariodominicano.com\/index.php?rest_route=%2Fwp%2Fv2%2Fcomments&post=249071"}],"version-history":[{"count":0,"href":"https:\/\/diariodominicano.com\/index.php?rest_route=\/wp\/v2\/posts\/249071\/revisions"}],"wp:attachment":[{"href":"https:\/\/diariodominicano.com\/index.php?rest_route=%2Fwp%2Fv2%2Fmedia&parent=249071"}],"wp:term":[{"taxonomy":"category","embeddable":true,"href":"https:\/\/diariodominicano.com\/index.php?rest_route=%2Fwp%2Fv2%2Fcategories&post=249071"},{"taxonomy":"post_tag","embeddable":true,"href":"https:\/\/diariodominicano.com\/index.php?rest_route=%2Fwp%2Fv2%2Ftags&post=249071"}],"curies":[{"name":"wp","href":"https:\/\/api.w.org\/{rel}","templated":true}]}}