{"id":249069,"date":"2016-08-10T13:53:28","date_gmt":"2016-08-10T13:53:28","guid":{"rendered":"http:\/\/diariodominicano.ddns.net\/?p=249069"},"modified":"2016-08-10T13:53:28","modified_gmt":"2016-08-10T13:53:28","slug":"suman-50-muertes-por-efectos-de-tormenta-earl-en-centro-y-este-de-mexico","status":"publish","type":"post","link":"https:\/\/diariodominicano.com\/?p=249069","title":{"rendered":"Suman 50 muertes por efectos de tormenta \u00abEarl\u00bb en centro y este de M\u00e9xico"},"content":{"rendered":"<p><body><\/p>\n<p><img decoding=\"async\" src=\"img3\/mexico.jpg\" \/>  <\/p>\n<p><span class=\"text1noticias\"> MEXICO, 10 ago (Xinhua) &#8212; La Secretar\u00eda de Gobernaci\u00f3n (Interior) inform\u00f3 hoy que suman 50 los muertos tras los deslaves de tierra que la tormenta tropical \u00abEarl\u00bb caus\u00f3 el pasado fin de semana en comunidades monta\u00f1osas de tres estados del centro y este de M\u00e9xico.<\/span><\/p>\n<p><span class=\"text1noticias\"> <\/span><\/p>\n<p><span class=\"text1noticias\">     Ricardo de la Cruz, director de Protecci\u00f3n Civil, \u00f3rgano dependiente de Gobernaci\u00f3n, dijo que el n\u00famero de personas muertas en el estado de Puebla (centro) subi\u00f3 a 36, uno m\u00e1s que el \u00faltimo reporte oficial divulgado la v\u00edspera.<\/span><\/p>\n<p><span class=\"text1noticias\"> <\/span><\/p>\n<p><span class=\"text1noticias\">     La tormenta golpe\u00f3 con intensas lluvias peque\u00f1as localidades enclavadas en monta\u00f1as de los municipios de Huauchinango, Tlaola y Xicotepec entre el 6 y 7 de agosto, provocando que la tierra se reblandeciera y cayera encima de numerosas casas.<\/span><\/p>\n<p><span class=\"text1noticias\"> <\/span><\/p>\n<p><span class=\"text1noticias\">     De la Cruz indic\u00f3 que ya no existen comunidades incomunicadas en la zona, luego de que la v\u00edspera los cuerpos de emergencia lograron entrar a dos que permanec\u00edan bajo esa condici\u00f3n, utilizando veh\u00edculos todo terreno de la Polic\u00eda Federal.<\/span><\/p>\n<p><span class=\"text1noticias\"> <\/span><\/p>\n<p><span class=\"text1noticias\">     Habitantes de puntos afectados en Puebla han ido regresando a sus hogares paulatinamente, aunque hoy continuaban unas 950 personas alojadas en cinco refugios, agreg\u00f3 en una entrevista a la cadena Televisa.<\/span><\/p>\n<p><span class=\"text1noticias\"> <\/span><\/p>\n<p><span class=\"text1noticias\">     El funcionario apunt\u00f3 que se alistan fondos de emergencia para la reconstrucci\u00f3n de caminos y puentes da\u00f1ados, adem\u00e1s de que autoridades federales revisan las viviendas para determinar si son habitables.<\/span><\/p>\n<p><span class=\"text1noticias\"> <\/span><\/p>\n<p><span class=\"text1noticias\">     De la Cruz reiter\u00f3 que 13 personas murieron por deslaves de tierra en el estado de Veracruz (este), por donde la tormenta entr\u00f3 proveniente del Golfo de M\u00e9xico la noche de 5 de agosto.<\/span><\/p>\n<p><span class=\"text1noticias\"> <\/span><\/p>\n<p><span class=\"text1noticias\">     Los efectos de \u00abEarl\u00bb tambi\u00e9n abarcaron el estado de Hidalgo (centro), donde una persona muri\u00f3 despu\u00e9s de que regres\u00f3 a su propiedad tras registrarse un deslave, agreg\u00f3.<\/span><\/p>\n<p><span class=\"text1noticias\"> <\/span><\/p>\n<p><span class=\"text1noticias\">     \u00abEarl\u00bb toc\u00f3 tierra como hurac\u00e1n categor\u00eda 1 la tarde del 4 de agosto en el vecino pa\u00eds de Belice y, tras debilitarse a tormenta tropical, se desplaz\u00f3 por el sureste mexicano y el Golfo de M\u00e9xico antes de golpear Veracruz.<\/span><\/p>\n<p><span class=\"text1noticias\"> <\/span><\/p>\n<p><span class=\"text1noticias\">     Por otra parte, el director de Protecci\u00f3n Civil abund\u00f3 que el fen\u00f3meno \u00abJavier\u00bb no caus\u00f3 da\u00f1os significativos en el estado de Baja California Sur, en el noroeste de M\u00e9xico, y su riesgo ha disminuido.<\/span><\/p>\n<p><span class=\"text1noticias\"> <\/span><\/p>\n<p><span class=\"text1noticias\">     \u00abJavier\u00bb alcanz\u00f3 la categor\u00eda de tormenta tropical el 8 de agosto en el Pac\u00edfico, pero en el transcurso de la v\u00edspera se degrad\u00f3 y por la noche entr\u00f3 al estado situado en la pen\u00ednsula de Baja California como baj<\/span>a presi\u00f3n.<\/p>\n<h6> 2016-08-10 13:53:28 <\/h6>\n<p><!--\n<link rel=\"stylesheet\" href=\"css\/bootstrap.min.css\">\n\n\n<ul class=\"pagination\">\n\t    \n\t\n\n<li >\n\t<a href='?page_no=18713'>Previous<\/a>\n\t<\/li>\n\n\n       \n    \n\n<li><a href='?page_no=1'>1<\/a><\/li>\n\n\n\n<li><a href='?page_no=2'>2<\/a><\/li>\n\n\n\n<li><a>...<\/a><\/li>\n\n\n\n<li><a href='?page_no=18712'>18712<\/a><\/li>\n\n\n\n<li><a href='?page_no=18713'>18713<\/a><\/li>\n\n\n\n<li class='active'><a>18714<\/a><\/li>\n\n\n\n<li><a href='?page_no=18715'>18715<\/a><\/li>\n\n\n\n<li><a href='?page_no=18716'>18716<\/a><\/li>\n\n\n\n<li><a>...<\/a><\/li>\n\n\n\n<li><a href='?page_no=51012'>51012<\/a><\/li>\n\n\n\n<li><a href='?page_no=51013'>51013<\/a><\/li>\n\n    \n\t\n\n<li >\n\t<a href='?page_no=18715'>Next<\/a>\n\t<\/li>\n\n\n    \n\n<li><a href='?page_no=51013'>Last &rsaquo;&rsaquo;<\/a><\/li>\n\n<\/ul>\n\n\n--><br \/>\n<\/body><\/p>\n","protected":false},"excerpt":{"rendered":"<p>MEXICO, 10 ago (Xinhua) &#8212; La Secretar\u00eda de Gobernaci\u00f3n (Interior) inform\u00f3 hoy que suman 50 los muertos tras los deslaves de tierra que la tormenta tropical \u00abEarl\u00bb caus\u00f3 el pasado fin de semana en comunidades monta\u00f1osas de tres estados del centro y este de M\u00e9xico. Ricardo de la Cruz, director de Protecci\u00f3n Civil, \u00f3rgano dependiente [&hellip;]<\/p>\n","protected":false},"author":3,"featured_media":0,"comment_status":"open","ping_status":"open","sticky":false,"template":"","format":"standard","meta":{"footnotes":""},"categories":[23],"tags":[],"class_list":["post-249069","post","type-post","status-publish","format-standard","hentry","category-internacional"],"_links":{"self":[{"href":"https:\/\/diariodominicano.com\/index.php?rest_route=\/wp\/v2\/posts\/249069","targetHints":{"allow":["GET"]}}],"collection":[{"href":"https:\/\/diariodominicano.com\/index.php?rest_route=\/wp\/v2\/posts"}],"about":[{"href":"https:\/\/diariodominicano.com\/index.php?rest_route=\/wp\/v2\/types\/post"}],"author":[{"embeddable":true,"href":"https:\/\/diariodominicano.com\/index.php?rest_route=\/wp\/v2\/users\/3"}],"replies":[{"embeddable":true,"href":"https:\/\/diariodominicano.com\/index.php?rest_route=%2Fwp%2Fv2%2Fcomments&post=249069"}],"version-history":[{"count":0,"href":"https:\/\/diariodominicano.com\/index.php?rest_route=\/wp\/v2\/posts\/249069\/revisions"}],"wp:attachment":[{"href":"https:\/\/diariodominicano.com\/index.php?rest_route=%2Fwp%2Fv2%2Fmedia&parent=249069"}],"wp:term":[{"taxonomy":"category","embeddable":true,"href":"https:\/\/diariodominicano.com\/index.php?rest_route=%2Fwp%2Fv2%2Fcategories&post=249069"},{"taxonomy":"post_tag","embeddable":true,"href":"https:\/\/diariodominicano.com\/index.php?rest_route=%2Fwp%2Fv2%2Ftags&post=249069"}],"curies":[{"name":"wp","href":"https:\/\/api.w.org\/{rel}","templated":true}]}}