{"id":249066,"date":"2016-08-10T15:34:40","date_gmt":"2016-08-10T15:34:40","guid":{"rendered":"http:\/\/diariodominicano.ddns.net\/?p=249066"},"modified":"2016-08-10T15:34:40","modified_gmt":"2016-08-10T15:34:40","slug":"atacan-un-autobus-con-periodistas-en-las-olimpiadas-de-rio-2016","status":"publish","type":"post","link":"https:\/\/diariodominicano.com\/?p=249066","title":{"rendered":"&#13;Atacan un autob\u00fas con periodistas en las Olimpiadas de R\u00edo 2016"},"content":{"rendered":"<p><body><\/p>\n<p><img decoding=\"async\" src=\"img3\/vidrios.jpg\" \/><br \/><img decoding=\"async\" src=\"img3\/vidrios2.jpg\" \/>  <\/p>\n<\/p>\n<p><span class=\"text1noticias\">(BBC Mundo), 10 de agosto.- Un autob\u00fas que transportaba periodistas entre dos sedes en las Olimpiadas de R\u00edo 2016 fue atacado este martes.<\/span><\/p>\n<\/p>\n<p><span class=\"text1noticias\">Los vidrios del veh\u00edculo se quebraron tras un estruendo y hubo alarma entre los pasajeros cuando en principio pensaron que hab\u00edan sido blancos de un tiroteo o balas perdidas.<\/span><\/p>\n<\/p>\n<p><span class=\"text1noticias\">Sin embargo, no est\u00e1 claro qu\u00e9 caus\u00f3 el impacto y la polic\u00eda no descarta que se haya tratado de un ataque con piedras, seg\u00fan la prensa local.<\/span><\/p>\n<\/p>\n<p><span class=\"text1noticias\">Dos pasajeros sufrieron cortes menores causados por esquirlas de vidrio.<\/span><\/p>\n<\/p>\n<p><span class=\"text1noticias\">Joanna Moyse tras el ataque. Los pasajeros se tiraron r\u00e1pidamente al piso al El autob\u00fas viajaba desde el complejo deportivo de <\/span><\/p>\n<\/p>\n<p><span class=\"text1noticias\">Deodoro y el principal centro de prensa en Barra da Tijuca.<\/span><\/p>\n<\/p>\n<p><span class=\"text1noticias\">\u00abSe sinti\u00f3 un ruido c\u00f3mo un crack\u00bb, dijo un fot\u00f3grafo de la agencia brit\u00e1nica Press Association.<\/span><\/p>\n<\/p>\n<p><span class=\"text1noticias\">\u00abTodo el mundo se tir\u00f3 al piso\u00bb.<\/span><\/p>\n<\/p>\n<p><span class=\"text1noticias\">\u00abLas dos ventanas no se rompieron inmediatamente. Una de ellas lo hizo cuando hab\u00edamos reanudado la marcha\u00bb, agreg\u00f3 el fot\u00f3grafo.<\/span><\/p>\n<\/p>\n<p><span class=\"text1noticias\">La polic\u00eda no descarta que se haya tratado de un ataque con piedras.<\/span><\/p>\n<\/p>\n<p><span class=\"text1noticias\">\u00abEscuchamos dos impactos en el lado derecho del bus, dos ventanales se quebraron. La confusi\u00f3n era si eran balas o piedras\u00bb, le cont\u00f3 a la agencia AFP Gast\u00f3n Sainz, periodista del diario argentino La Naci\u00f3n.<\/span><\/p>\n<\/p>\n<p><span class=\"text1noticias\">\u00abNos tiramos al piso y a los dos minutos vino la polic\u00eda, par\u00f3 el micro y nos escolt\u00f3 hasta el centro de prensa con los vidrios rotos\u00bb, a\u00f1adi\u00f3.<\/span><\/p>\n<\/p>\n<p><span class=\"text1noticias\">El incidente se registr\u00f3 cerca de las 20:00 hora local (23:00 GMT) a la altura de Curicica, una localidad cercana a Ciudad de Dios, una favela con altos \u00edndices de violencia.<\/span><\/p>\n<\/p>\n<p><span class=\"text1noticias\">El periodista Bernardo Cruz, de la publicaci\u00f3n Lance, que volv\u00eda de la competencia de b\u00e1squetbol, dijo que no es posible afirmar si se trat\u00f3 de balas perdidas o piedras. El periodista dijo a la prensa local que no se encontraron proyectiles.<\/span><\/p>\n<\/p>\n<p><span class=\"text1noticias\">Deodoro es el mismo lugar donde una \u00abbala perdida\u00bb alcanz\u00f3 el centro de prensa del complejo el fin de semana, sin que se sepa hasta ahora de d\u00f3nde parti\u00f3. Polic\u00eda militar aument\u00f3 el patrullaje en la zona.<\/span><\/p>\n<\/p>\n<p><span class=\"text1noticias\">El comit\u00e9 organizador de los juegos, Comit\u00e9 R\u00edo 2016, emiti\u00f3 el siguiente comunicado:<\/span><\/p>\n<\/p>\n<p><span class=\"text1noticias\">\u00abDe acuerdo al relato del conductor, uno de los autobuses del sistema de transporte de prensa dej\u00f3 la sede Arena de la Juventud en Deodoro cerca de las 19:30 del 9 de agosto en direcci\u00f3n al Parque Ol\u00edmpico en Barra.<\/span><\/p>\n<\/p>\n<p><span class=\"text1noticias\">\u00abCuando se desplazaba por la V\u00eda Expressa Transol\u00edmpica, en las proximidades de Curicica, el conductor escuch\u00f3 un ruido, y en un principio se pens\u00f3 que se hab\u00eda ca\u00eddo un equipo de fotograf\u00eda.<\/span><\/p>\n<\/p>\n<p><span class=\"text1noticias\">\u00abAl ver por el retrovisor percibi\u00f3 que los pasajeros estaban en el piso.<\/span><\/p>\n<\/p>\n<p><span class=\"text1noticias\">\u00abSigui\u00f3 conduciendo hasta ver un veh\u00edculo policial. En ese momento percibi\u00f3 que dos vidrios del mismo lado del autob\u00fas estaban quebrados.<\/span><\/p>\n<\/p>\n<p><span class=\"text1noticias\">\u00abDos pasajeros presentaron heridas leves causadas por trozos de vidrio.<\/span><\/p>\n<\/p>\n<p><span class=\"text1noticias\">\u00abEl autob\u00fas ser\u00e1 sometido a pericia policial.<\/span><\/p>\n<\/p>\n<p><span class=\"text1noticias\">\u00abEl coordinador de \u00e1rea de la polic\u00eda militar informo que aument\u00f3 el patrullaje en la zona\u00bb.<\/span><\/p>\n<h6> 2016-08-10 15:34:40 <\/h6>\n<p><!--\n<link rel=\"stylesheet\" href=\"css\/bootstrap.min.css\">\n\n\n<ul class=\"pagination\">\n\t    \n\t\n\n<li >\n\t<a href='?page_no=18710'>Previous<\/a>\n\t<\/li>\n\n\n       \n    \n\n<li><a href='?page_no=1'>1<\/a><\/li>\n\n\n\n<li><a href='?page_no=2'>2<\/a><\/li>\n\n\n\n<li><a>...<\/a><\/li>\n\n\n\n<li><a href='?page_no=18709'>18709<\/a><\/li>\n\n\n\n<li><a href='?page_no=18710'>18710<\/a><\/li>\n\n\n\n<li class='active'><a>18711<\/a><\/li>\n\n\n\n<li><a href='?page_no=18712'>18712<\/a><\/li>\n\n\n\n<li><a href='?page_no=18713'>18713<\/a><\/li>\n\n\n\n<li><a>...<\/a><\/li>\n\n\n\n<li><a href='?page_no=51012'>51012<\/a><\/li>\n\n\n\n<li><a href='?page_no=51013'>51013<\/a><\/li>\n\n    \n\t\n\n<li >\n\t<a href='?page_no=18712'>Next<\/a>\n\t<\/li>\n\n\n    \n\n<li><a href='?page_no=51013'>Last &rsaquo;&rsaquo;<\/a><\/li>\n\n<\/ul>\n\n\n--><br \/>\n<\/body><\/p>\n","protected":false},"excerpt":{"rendered":"<p>(BBC Mundo), 10 de agosto.- Un autob\u00fas que transportaba periodistas entre dos sedes en las Olimpiadas de R\u00edo 2016 fue atacado este martes. Los vidrios del veh\u00edculo se quebraron tras un estruendo y hubo alarma entre los pasajeros cuando en principio pensaron que hab\u00edan sido blancos de un tiroteo o balas perdidas. Sin embargo, no [&hellip;]<\/p>\n","protected":false},"author":3,"featured_media":0,"comment_status":"open","ping_status":"open","sticky":false,"template":"","format":"standard","meta":{"footnotes":""},"categories":[23],"tags":[],"class_list":["post-249066","post","type-post","status-publish","format-standard","hentry","category-internacional"],"_links":{"self":[{"href":"https:\/\/diariodominicano.com\/index.php?rest_route=\/wp\/v2\/posts\/249066","targetHints":{"allow":["GET"]}}],"collection":[{"href":"https:\/\/diariodominicano.com\/index.php?rest_route=\/wp\/v2\/posts"}],"about":[{"href":"https:\/\/diariodominicano.com\/index.php?rest_route=\/wp\/v2\/types\/post"}],"author":[{"embeddable":true,"href":"https:\/\/diariodominicano.com\/index.php?rest_route=\/wp\/v2\/users\/3"}],"replies":[{"embeddable":true,"href":"https:\/\/diariodominicano.com\/index.php?rest_route=%2Fwp%2Fv2%2Fcomments&post=249066"}],"version-history":[{"count":0,"href":"https:\/\/diariodominicano.com\/index.php?rest_route=\/wp\/v2\/posts\/249066\/revisions"}],"wp:attachment":[{"href":"https:\/\/diariodominicano.com\/index.php?rest_route=%2Fwp%2Fv2%2Fmedia&parent=249066"}],"wp:term":[{"taxonomy":"category","embeddable":true,"href":"https:\/\/diariodominicano.com\/index.php?rest_route=%2Fwp%2Fv2%2Fcategories&post=249066"},{"taxonomy":"post_tag","embeddable":true,"href":"https:\/\/diariodominicano.com\/index.php?rest_route=%2Fwp%2Fv2%2Ftags&post=249066"}],"curies":[{"name":"wp","href":"https:\/\/api.w.org\/{rel}","templated":true}]}}