{"id":249065,"date":"2016-08-11T08:43:35","date_gmt":"2016-08-11T08:43:35","guid":{"rendered":"http:\/\/diariodominicano.ddns.net\/?p=249065"},"modified":"2016-08-11T08:43:35","modified_gmt":"2016-08-11T08:43:35","slug":"al-menos-12-heridos-en-explosion-cerca-de-un-hospital-en-quetta-pakistan","status":"publish","type":"post","link":"https:\/\/diariodominicano.com\/?p=249065","title":{"rendered":"Al menos 12 heridos en explosi\u00f3n cerca de un hospital en Quetta, Pakist\u00e1n"},"content":{"rendered":"<p><body><\/p>\n<p><img decoding=\"async\" src=\"img3\/pakistan11-8.jpg\" \/>  <\/p>\n<p><span class=\"text1noticias\">  ISLAMABAD, 11 ago (Xinhua) &#8212; Al menos 12 personas resultaron heridas la ma\u00f1ana del jueves, incluidos cuatro miembros del personal de seguridad, a causa de una explosi\u00f3n ocurrida cerca de un hospital en la suroccidental ciudad paquistan\u00ed de Quetta, informaron la prensa local en idioma urdu y las autoridades locales.<\/span><\/p>\n<p><span class=\"text1noticias\"> <\/span><\/p>\n<p><span class=\"text1noticias\">     Sarfraz Bugti, ministro del Interior de la provincia de Balochist\u00e1n, cuya capital es Quetta, revel\u00f3 que una bomba colocada al margen de una carretera fue detonada por un dispositivo de control remoto al paso del convoy de un juez del tribunal religioso cerca del hospital Al Khair de dicha ciudad.<\/span><\/p>\n<p><span class=\"text1noticias\"> <\/span><\/p>\n<p><span class=\"text1noticias\">     El juez sali\u00f3 ileso del ataque, pero la explosi\u00f3n sacudi\u00f3 uno de los veh\u00edculos de su convoy, dejando heridos a cuatro miembros de su seguridad, explic\u00f3.<\/span><\/p>\n<p><span class=\"text1noticias\"> <\/span><\/p>\n<p><span class=\"text1noticias\">     Bugti precis\u00f3 que se estima se hayan utilizado de tres a cuatro kilogramos de explosivos en la detonaci\u00f3n.<\/span><\/p>\n<p><span class=\"text1noticias\"> <\/span><\/p>\n<p><span class=\"text1noticias\">     La cadena local Dunya TV report\u00f3 que los 12 heridos, dos de ellos en estado grave, han sido trasladados al Hospital Civil y al Hospital Militar Combinado de Quetta.<\/span><\/p>\n<p><span class=\"text1noticias\"> <\/span><\/p>\n<p><span class=\"text1noticias\">     La polic\u00eda detuvo a un hombre sospechoso cerca del lugar de la explosi\u00f3n despu\u00e9s del atentado.<\/span><\/p>\n<p><span class=\"text1noticias\"> <\/span><\/p>\n<p><span class=\"text1noticias\">     Esta es la segunda explosi\u00f3n de los \u00faltimos cuatro d\u00edas cerca de un hospital en Quetta, donde el lunes un atentado con bomba contra abogados en el Hospital Civil dej\u00f3 73 muertos y m\u00e1s de 100 heridos.<\/span><\/p>\n<p><span class=\"text1noticias\"> <\/span><\/p>\n<p><span class=\"text1noticias\">     El primer ministro paquistan\u00ed, Nawaz Sharif, presidi\u00f3 una reuni\u00f3n especial el mi\u00e9rcoles a la que asistieron los funcionarios y oficiales militares a fin de afrontar la situaci\u00f3n de la seguridad en Quetta, tras la explosi\u00f3n del lunes.<\/span><\/p>\n<p><span class=\"text1noticias\"> <\/span><\/p>\n<p><span class=\"text1noticias\">     Tambi\u00e9n el mi\u00e9rcoles, el ej\u00e9rcito paquistan\u00ed lanz\u00f3 una operaci\u00f3n combinada contra los milicianos en esa ciudad y sus suburbios.<\/span><\/p>\n<p><span class=\"text1noticias\"> <\/span><\/p>\n<p><span class=\"text1noticias\">     Hasta ahora, ning\u00fan grupo se ha atribuido la responsabilidad de<\/span>l ataque.<\/p>\n<h6> 2016-08-11 08:43:35 <\/h6>\n<p><!--\n<link rel=\"stylesheet\" href=\"css\/bootstrap.min.css\">\n\n\n<ul class=\"pagination\">\n\t    \n\t\n\n<li >\n\t<a href='?page_no=18709'>Previous<\/a>\n\t<\/li>\n\n\n       \n    \n\n<li><a href='?page_no=1'>1<\/a><\/li>\n\n\n\n<li><a href='?page_no=2'>2<\/a><\/li>\n\n\n\n<li><a>...<\/a><\/li>\n\n\n\n<li><a href='?page_no=18708'>18708<\/a><\/li>\n\n\n\n<li><a href='?page_no=18709'>18709<\/a><\/li>\n\n\n\n<li class='active'><a>18710<\/a><\/li>\n\n\n\n<li><a href='?page_no=18711'>18711<\/a><\/li>\n\n\n\n<li><a href='?page_no=18712'>18712<\/a><\/li>\n\n\n\n<li><a>...<\/a><\/li>\n\n\n\n<li><a href='?page_no=51012'>51012<\/a><\/li>\n\n\n\n<li><a href='?page_no=51013'>51013<\/a><\/li>\n\n    \n\t\n\n<li >\n\t<a href='?page_no=18711'>Next<\/a>\n\t<\/li>\n\n\n    \n\n<li><a href='?page_no=51013'>Last &rsaquo;&rsaquo;<\/a><\/li>\n\n<\/ul>\n\n\n--><br \/>\n<\/body><\/p>\n","protected":false},"excerpt":{"rendered":"<p>ISLAMABAD, 11 ago (Xinhua) &#8212; Al menos 12 personas resultaron heridas la ma\u00f1ana del jueves, incluidos cuatro miembros del personal de seguridad, a causa de una explosi\u00f3n ocurrida cerca de un hospital en la suroccidental ciudad paquistan\u00ed de Quetta, informaron la prensa local en idioma urdu y las autoridades locales. Sarfraz Bugti, ministro del Interior [&hellip;]<\/p>\n","protected":false},"author":3,"featured_media":0,"comment_status":"open","ping_status":"open","sticky":false,"template":"","format":"standard","meta":{"footnotes":""},"categories":[23],"tags":[],"class_list":["post-249065","post","type-post","status-publish","format-standard","hentry","category-internacional"],"_links":{"self":[{"href":"https:\/\/diariodominicano.com\/index.php?rest_route=\/wp\/v2\/posts\/249065","targetHints":{"allow":["GET"]}}],"collection":[{"href":"https:\/\/diariodominicano.com\/index.php?rest_route=\/wp\/v2\/posts"}],"about":[{"href":"https:\/\/diariodominicano.com\/index.php?rest_route=\/wp\/v2\/types\/post"}],"author":[{"embeddable":true,"href":"https:\/\/diariodominicano.com\/index.php?rest_route=\/wp\/v2\/users\/3"}],"replies":[{"embeddable":true,"href":"https:\/\/diariodominicano.com\/index.php?rest_route=%2Fwp%2Fv2%2Fcomments&post=249065"}],"version-history":[{"count":0,"href":"https:\/\/diariodominicano.com\/index.php?rest_route=\/wp\/v2\/posts\/249065\/revisions"}],"wp:attachment":[{"href":"https:\/\/diariodominicano.com\/index.php?rest_route=%2Fwp%2Fv2%2Fmedia&parent=249065"}],"wp:term":[{"taxonomy":"category","embeddable":true,"href":"https:\/\/diariodominicano.com\/index.php?rest_route=%2Fwp%2Fv2%2Fcategories&post=249065"},{"taxonomy":"post_tag","embeddable":true,"href":"https:\/\/diariodominicano.com\/index.php?rest_route=%2Fwp%2Fv2%2Ftags&post=249065"}],"curies":[{"name":"wp","href":"https:\/\/api.w.org\/{rel}","templated":true}]}}