{"id":249061,"date":"2016-08-11T12:18:39","date_gmt":"2016-08-11T12:18:39","guid":{"rendered":"http:\/\/diariodominicano.ddns.net\/?p=249061"},"modified":"2016-08-11T12:18:39","modified_gmt":"2016-08-11T12:18:39","slug":"celestin-encabeza-coalicion-para-elecciones-haitianas","status":"publish","type":"post","link":"https:\/\/diariodominicano.com\/?p=249061","title":{"rendered":"Celestin encabeza coalici\u00f3n para elecciones haitianas"},"content":{"rendered":"<p><body><\/p>\n<p><img decoding=\"async\" src=\"img3\/bandera-haiti11-8.jpg\" \/>  <\/p>\n<p><span class=\"text1noticias\">Puerto Pr\u00edncipe, 11 ago (PL) Jude Celestin, candidato presidencial de la Liga Alternativa para el Progreso y el Empoderamiento de Hait\u00ed (Lapeh), cuenta hoy con el apoyo de partidos pol\u00edticos y personalidades con vista a las elecciones del 9 de octubre.<\/span><\/p>\n<p><span class=\"text1noticias\"> <\/span><\/p>\n<p><span class=\"text1noticias\">Radio Metropole indic\u00f3 que Celestin tiene el apoyo de sus excompa\u00f1eros de la plataforma Init\u00e9 de la que fue aspirante presidencial en 2010, incluso de Joanas Gu\u00e9 que el pasado a\u00f1o dej\u00f3 esa formaci\u00f3n para crear un nuevo partido, la Verdad, que tuvo buenos resultados electorales en 2015.<\/span><\/p>\n<p><span class=\"text1noticias\"> <\/span><\/p>\n<p><span class=\"text1noticias\">Adem\u00e1s, a la causa de Celestin se unieron varios de sus compa\u00f1eros del G8 (el grupo de ocho candidatos presidenciales que denunci\u00f3 el fraude electoral del 2015 y frustr\u00f3 el intento de celebrar una segunda vuelta ama\u00f1ada) y junto a esas figuras gan\u00f3 el apoyo de sus partidos pol\u00edticos.<\/span><\/p>\n<p><span class=\"text1noticias\"> <\/span><\/p>\n<p><span class=\"text1noticias\">Tal es el caso del senador Steven Benoit, de Eric Jean Baptiste (Movimiento de Acci\u00f3n Socialista\/MAS) y de Sauveur Pierre Etienne (de la Organizaci\u00f3n de Pueblo en Lucha\/OPL), y con todas estas fuerzas los analistas consideran que Celestin est\u00e1 al frente de una coalici\u00f3n ganadora.<\/span><\/p>\n<p><span class=\"text1noticias\"> <\/span><\/p>\n<p><span class=\"text1noticias\">Otros actores pol\u00edticos que se le oponen han tratado infructuosamente de difundir rumores para desestabilizar el grupo, pero el apoyo a Celestin crece no solo entre partidos, sino tambi\u00e9n entre organizaciones de la sociedad civil, indica Radio Metropole.<\/span><\/p>\n<p><span class=\"text1noticias\"> <\/span><\/p>\n<p><span class=\"text1noticias\">La crisis electoral de larga duraci\u00f3n ha permitido a Celestin establecer una verdadera coalici\u00f3n de organizaciones pol\u00edticas de la izquierda, con presencia en el Parlamento y en los municipios, y esos soportes son importantes en la movilizaci\u00f3n de recursos humanos y materiales para los comicios, indic\u00f3 un an\u00e1lisis de la emisora.<\/span><\/p>\n<p><span class=\"text1noticias\"> <\/span><\/p>\n<p><span class=\"text1noticias\">Mientras tanto, su principal oponente, el candidato presidencial del exoficialista Partido Hait\u00ed Tet Kale (PHTK), Jovenel Moise, ha manifestado preocupaci\u00f3n porque al pr\u00f3ximo proceso se integrar\u00e1n m\u00e1s de 400 mil nuevos votantes en el registro electoral.<\/span><\/p>\n<p><span class=\"text1noticias\"> <\/span><\/p>\n<p><span class=\"text1noticias\">Moise, que no protest\u00f3 cuando se descubri\u00f3 que miles de fallecidos en el terremoto de 2010 fueron puestos a votar en las elecciones del 2015, dice ahora estar preocupado por la cantidad de nuevos votantes que ser\u00e1n distribuidos entre los 13 mil 525 centros de votaci\u00f3n existentes.<\/span><\/p>\n<p><span class=\"text1noticias\"> <\/span><\/p>\n<p><span class=\"text1noticias\">Las cifras que se manejan aqu\u00ed indican que el nuevo registro electoral tendr\u00e1 en cuenta 6,2 millones de votantes, mientras que en 2015 solo hab\u00eda 5,8 millones de ciudadanos inscritos en las listas electorales.<\/span><\/p>\n<p><span class=\"text1noticias\"> <\/span><\/p>\n<p><span class=\"text1noticias\">El candidato presidencial del PHTK tiene reservas en cuanto a la capacidad de la Comisi\u00f3n Electoral Provisional (CEP) para organizar comicios justos y cre\u00edbles e insiste en que su partido gan\u00f3 las elecciones pasadas en esta capital y dice esperar que esa proporci\u00f3n no cambie.<\/span><\/p>\n<h6> 2016-08-11 12:18:39 <\/h6>\n<p><!--\n<link rel=\"stylesheet\" href=\"css\/bootstrap.min.css\">\n\n\n<ul class=\"pagination\">\n\t    \n\t\n\n<li >\n\t<a href='?page_no=18705'>Previous<\/a>\n\t<\/li>\n\n\n       \n    \n\n<li><a href='?page_no=1'>1<\/a><\/li>\n\n\n\n<li><a href='?page_no=2'>2<\/a><\/li>\n\n\n\n<li><a>...<\/a><\/li>\n\n\n\n<li><a href='?page_no=18704'>18704<\/a><\/li>\n\n\n\n<li><a href='?page_no=18705'>18705<\/a><\/li>\n\n\n\n<li class='active'><a>18706<\/a><\/li>\n\n\n\n<li><a href='?page_no=18707'>18707<\/a><\/li>\n\n\n\n<li><a href='?page_no=18708'>18708<\/a><\/li>\n\n\n\n<li><a>...<\/a><\/li>\n\n\n\n<li><a href='?page_no=51012'>51012<\/a><\/li>\n\n\n\n<li><a href='?page_no=51013'>51013<\/a><\/li>\n\n    \n\t\n\n<li >\n\t<a href='?page_no=18707'>Next<\/a>\n\t<\/li>\n\n\n    \n\n<li><a href='?page_no=51013'>Last &rsaquo;&rsaquo;<\/a><\/li>\n\n<\/ul>\n\n\n--><br \/>\n<\/body><\/p>\n","protected":false},"excerpt":{"rendered":"<p>Puerto Pr\u00edncipe, 11 ago (PL) Jude Celestin, candidato presidencial de la Liga Alternativa para el Progreso y el Empoderamiento de Hait\u00ed (Lapeh), cuenta hoy con el apoyo de partidos pol\u00edticos y personalidades con vista a las elecciones del 9 de octubre. Radio Metropole indic\u00f3 que Celestin tiene el apoyo de sus excompa\u00f1eros de la plataforma [&hellip;]<\/p>\n","protected":false},"author":3,"featured_media":0,"comment_status":"open","ping_status":"open","sticky":false,"template":"","format":"standard","meta":{"footnotes":""},"categories":[23],"tags":[],"class_list":["post-249061","post","type-post","status-publish","format-standard","hentry","category-internacional"],"_links":{"self":[{"href":"https:\/\/diariodominicano.com\/index.php?rest_route=\/wp\/v2\/posts\/249061","targetHints":{"allow":["GET"]}}],"collection":[{"href":"https:\/\/diariodominicano.com\/index.php?rest_route=\/wp\/v2\/posts"}],"about":[{"href":"https:\/\/diariodominicano.com\/index.php?rest_route=\/wp\/v2\/types\/post"}],"author":[{"embeddable":true,"href":"https:\/\/diariodominicano.com\/index.php?rest_route=\/wp\/v2\/users\/3"}],"replies":[{"embeddable":true,"href":"https:\/\/diariodominicano.com\/index.php?rest_route=%2Fwp%2Fv2%2Fcomments&post=249061"}],"version-history":[{"count":0,"href":"https:\/\/diariodominicano.com\/index.php?rest_route=\/wp\/v2\/posts\/249061\/revisions"}],"wp:attachment":[{"href":"https:\/\/diariodominicano.com\/index.php?rest_route=%2Fwp%2Fv2%2Fmedia&parent=249061"}],"wp:term":[{"taxonomy":"category","embeddable":true,"href":"https:\/\/diariodominicano.com\/index.php?rest_route=%2Fwp%2Fv2%2Fcategories&post=249061"},{"taxonomy":"post_tag","embeddable":true,"href":"https:\/\/diariodominicano.com\/index.php?rest_route=%2Fwp%2Fv2%2Ftags&post=249061"}],"curies":[{"name":"wp","href":"https:\/\/api.w.org\/{rel}","templated":true}]}}