{"id":249059,"date":"2016-08-11T12:40:57","date_gmt":"2016-08-11T12:40:57","guid":{"rendered":"http:\/\/diariodominicano.ddns.net\/?p=249059"},"modified":"2016-08-11T12:40:57","modified_gmt":"2016-08-11T12:40:57","slug":"fiscalia-general-de-ecuador-dispuesta-a-dar-tramite-a-interrogatorio","status":"publish","type":"post","link":"https:\/\/diariodominicano.com\/?p=249059","title":{"rendered":"Fiscal\u00eda General de Ecuador dispuesta a dar tr\u00e1mite a interrogatorio"},"content":{"rendered":"<p><body><\/p>\n<p><img decoding=\"async\" src=\"img3\/assange11-8.jpg\" \/>  <\/p>\n<p><span class=\"text1noticias\">Quito, 11 ago (PL) LA Fiscal\u00eda General de Ecuador notific\u00f3 a su hom\u00f3loga del Reino de Suecia disposici\u00f3n a dar tr\u00e1mite al interrogatorio de Julian Assange en la embajada de Quito en Londres.<\/span><\/p>\n<p><span class=\"text1noticias\"> <\/span><\/p>\n<p><span class=\"text1noticias\">En las pr\u00f3ximas semanas se acordar\u00e1 la fecha de las diligencias en la embajada ecuatoriana en el Reino Unido, sobre el caso abierto en Suecia contra el inform\u00e1tico australiano, fundador del portal digital Wikileaks, indica una nota enviada por la Fiscal\u00eda.<\/span><\/p>\n<p><span class=\"text1noticias\"> <\/span><\/p>\n<p><span class=\"text1noticias\">El comunicado oficial divulgado por la canciller\u00eda indica que la notificaci\u00f3n se realiz\u00f3 de acuerdo a los t\u00e9rminos establecidos en el Acuerdo de Asistencia Legal mutua en Materia Penal entre Ecuador y Suecia, confirma el texto.<\/span><\/p>\n<p><span class=\"text1noticias\"> <\/span><\/p>\n<p><span class=\"text1noticias\">Durante m\u00e1s de cuatro a\u00f1os, el Gobierno de Ecuador ofreci\u00f3 cooperaci\u00f3n para hacer efectivo el interrogatorio a Julian Assange en las dependencias de la Embajada ecuatoriana en Londres, entre otras acciones de orden jur\u00eddico y pol\u00edtico para alcanzar una soluci\u00f3n satisfactoria para todas las partes, poner fin a las innecesarias dilaciones en el proceso y garantizar la tutela judicial efectiva, explica el documento.<\/span><\/p>\n<p><span class=\"text1noticias\"> <\/span><\/p>\n<p><span class=\"text1noticias\">Seg\u00fan la nota, consecuentemente con esa posici\u00f3n, el pa\u00eds sudamericano propuso a Suecia negociar un Acuerdo de Asistencia Legal en materia penal, el cual fue suscrito en diciembre pasado y constituye el marco jur\u00eddico para la pr\u00e1ctica de la diligencia judicial requerida.<\/span><\/p>\n<p><span class=\"text1noticias\"> <\/span><\/p>\n<p><span class=\"text1noticias\">Al mismo tiempo, la Canciller\u00eda de Ecuador considera que las diligencias a efectuar, en el marco del Acuerdo de Asistencia Legal Mutua, no afectan las conclusiones y recomendaciones emitidos por el Grupo de Trabajo sobre Detenciones Arbitrarias de Naciones Unidas (opini\u00f3n 54\/2015), las cual establece que Julian Assange se encuentra en situaci\u00f3n de detenci\u00f3n arbitraria.<\/span><\/p>\n<p><span class=\"text1noticias\"> <\/span><\/p>\n<p><span class=\"text1noticias\">Finalmente, la canciller\u00eda reiter\u00f3 la vigencia del asilo concedido al inform\u00e1tico australiano en agosto de 2012, y ratific\u00f3 la protecci\u00f3n del Estado ecuatoriano mientras concurran las circunstancias que motivaron la concesi\u00f3n de dicho asilo, en particular el temor a sufrir persecuci\u00f3n pol\u00edtica.<\/span><\/p>\n<p><span class=\"text1noticias\"> <\/span><\/p>\n<p><span class=\"text1noticias\">El ministro de Relaciones Exteriores y Movilidad Humana, Guillaume Long, rechaz\u00f3 hace unos d\u00edas presunciones respecto a que la naci\u00f3n sudamericana se inmiscuye en la soberan\u00eda de otros Estados, a trav\u00e9s del fundador Wikileaks.<\/span><\/p>\n<p><span class=\"text1noticias\"> <\/span><\/p>\n<p><span class=\"text1noticias\">En ese sentido asegur\u00f3 que los criterios de Assange son personales.<\/span><\/p>\n<p><span class=\"text1noticias\"> <\/span><\/p>\n<p><span class=\"text1noticias\">Long insisti\u00f3 en entrevista con la Agencia de Noticias Andes que su gobierno no es responsable de las declaraciones del inform\u00e1tico.<\/span><\/p>\n<p><span class=\"text1noticias\"> <\/span><\/p>\n<p><span class=\"text1noticias\">El ciberactivista se dio a conocer en el mundo en 2010, tras publicar miles de documentos secretos sobre conspiraciones, corrupci\u00f3n, cr\u00edmenes y mentiras que incriminaron a varios gobiernos y en particular al de Washington como principal actor de ileg<\/span>alidades.<\/p>\n<h6> 2016-08-11 12:40:57 <\/h6>\n<p><!--\n<link rel=\"stylesheet\" href=\"css\/bootstrap.min.css\">\n\n\n<ul class=\"pagination\">\n\t    \n\t\n\n<li >\n\t<a href='?page_no=18703'>Previous<\/a>\n\t<\/li>\n\n\n       \n    \n\n<li><a href='?page_no=1'>1<\/a><\/li>\n\n\n\n<li><a href='?page_no=2'>2<\/a><\/li>\n\n\n\n<li><a>...<\/a><\/li>\n\n\n\n<li><a href='?page_no=18702'>18702<\/a><\/li>\n\n\n\n<li><a href='?page_no=18703'>18703<\/a><\/li>\n\n\n\n<li class='active'><a>18704<\/a><\/li>\n\n\n\n<li><a href='?page_no=18705'>18705<\/a><\/li>\n\n\n\n<li><a href='?page_no=18706'>18706<\/a><\/li>\n\n\n\n<li><a>...<\/a><\/li>\n\n\n\n<li><a href='?page_no=51012'>51012<\/a><\/li>\n\n\n\n<li><a href='?page_no=51013'>51013<\/a><\/li>\n\n    \n\t\n\n<li >\n\t<a href='?page_no=18705'>Next<\/a>\n\t<\/li>\n\n\n    \n\n<li><a href='?page_no=51013'>Last &rsaquo;&rsaquo;<\/a><\/li>\n\n<\/ul>\n\n\n--><br \/>\n<\/body><\/p>\n","protected":false},"excerpt":{"rendered":"<p>Quito, 11 ago (PL) LA Fiscal\u00eda General de Ecuador notific\u00f3 a su hom\u00f3loga del Reino de Suecia disposici\u00f3n a dar tr\u00e1mite al interrogatorio de Julian Assange en la embajada de Quito en Londres. En las pr\u00f3ximas semanas se acordar\u00e1 la fecha de las diligencias en la embajada ecuatoriana en el Reino Unido, sobre el caso [&hellip;]<\/p>\n","protected":false},"author":3,"featured_media":0,"comment_status":"open","ping_status":"open","sticky":false,"template":"","format":"standard","meta":{"footnotes":""},"categories":[23],"tags":[],"class_list":["post-249059","post","type-post","status-publish","format-standard","hentry","category-internacional"],"_links":{"self":[{"href":"https:\/\/diariodominicano.com\/index.php?rest_route=\/wp\/v2\/posts\/249059","targetHints":{"allow":["GET"]}}],"collection":[{"href":"https:\/\/diariodominicano.com\/index.php?rest_route=\/wp\/v2\/posts"}],"about":[{"href":"https:\/\/diariodominicano.com\/index.php?rest_route=\/wp\/v2\/types\/post"}],"author":[{"embeddable":true,"href":"https:\/\/diariodominicano.com\/index.php?rest_route=\/wp\/v2\/users\/3"}],"replies":[{"embeddable":true,"href":"https:\/\/diariodominicano.com\/index.php?rest_route=%2Fwp%2Fv2%2Fcomments&post=249059"}],"version-history":[{"count":0,"href":"https:\/\/diariodominicano.com\/index.php?rest_route=\/wp\/v2\/posts\/249059\/revisions"}],"wp:attachment":[{"href":"https:\/\/diariodominicano.com\/index.php?rest_route=%2Fwp%2Fv2%2Fmedia&parent=249059"}],"wp:term":[{"taxonomy":"category","embeddable":true,"href":"https:\/\/diariodominicano.com\/index.php?rest_route=%2Fwp%2Fv2%2Fcategories&post=249059"},{"taxonomy":"post_tag","embeddable":true,"href":"https:\/\/diariodominicano.com\/index.php?rest_route=%2Fwp%2Fv2%2Ftags&post=249059"}],"curies":[{"name":"wp","href":"https:\/\/api.w.org\/{rel}","templated":true}]}}