{"id":249054,"date":"2016-08-12T08:31:02","date_gmt":"2016-08-12T08:31:02","guid":{"rendered":"http:\/\/diariodominicano.ddns.net\/?p=249054"},"modified":"2016-08-12T08:31:02","modified_gmt":"2016-08-12T08:31:02","slug":"temer-promete-recuperar-confianza-en-economia-del-pais","status":"publish","type":"post","link":"https:\/\/diariodominicano.com\/?p=249054","title":{"rendered":"Temer promete recuperar confianza en econom\u00eda del pa\u00eds"},"content":{"rendered":"<p><body><\/p>\n<p><img decoding=\"async\" src=\"img3\/TemerDilma12-8.jpg\" \/>  <\/p>\n<p><span class=\"text1noticias\"> RIO DE JANEIRO, 12 ago (Xinhua) &#8212; El presidente interino de Brasil, Michel Temer, prometi\u00f3 hoy ante empresarios del sector de la construcci\u00f3n que recuperar\u00e1 la confianza en la econom\u00eda del pa\u00eds y promover\u00e1 la inversi\u00f3n privada si finalmente contin\u00faa en el cargo.<\/span><\/p>\n<p><span class=\"text1noticias\"> <\/span><\/p>\n<p><span class=\"text1noticias\">     \u00abEstoy ejerciendo la Presidencia interinamente, pero act\u00fao como si fuera efectivo\u00bb, dijo Temer, en clara referencia al juicio al que se enfrenta la mandataria suspendida Dilma Rousseff, y que ser\u00e1 juzgada a finales de mes por el Senado, que podr\u00eda destituirla, por lo que Temer completar\u00eda el mandato, que vence el 1 de enero de 2019.<\/span><\/p>\n<p><span class=\"text1noticias\"> <\/span><\/p>\n<p><span class=\"text1noticias\">     El presidente en funciones de Brasil se comprometi\u00f3 a adoptar medidas para reactivar la industria de la construcci\u00f3n, sobre todo por la capacidad de ese sector para generar plazas de trabajo, en un momento de aumento del desempleo que supera ya los 12 millones de personas en todo el pa\u00eds.,<\/span><\/p>\n<p><span class=\"text1noticias\"> <\/span><\/p>\n<p><span class=\"text1noticias\">     \u00abEl empleo es el primero de los derechos sociales, porque no hay nada m\u00e1s indigno para un ciudadano que estar desempleado\u00bb, dijo Temer, quien admiti\u00f3 que las \u00abcarencias del pa\u00eds en infraestructura son notorias\u00bb y por ello apost\u00f3 en la industria de la construcci\u00f3n para recuperar la econom\u00eda, que atraviesa la peor recesi\u00f3n de su historia.<\/span><\/p>\n<p><span class=\"text1noticias\"> <\/span><\/p>\n<p><span class=\"text1noticias\">     Temer pidi\u00f3 al sector empresarial que no dejen de \u00abcreer\u00bb en el pa\u00eds y afirm\u00f3 que \u00abBrasil tiene soluci\u00f3n\u00bb y \u00abaunque pueda estar en crisis en este momento, va a superar esa crisis\u00bb.<\/span><\/p>\n<p><span class=\"text1noticias\"> <\/span><\/p>\n<p><span class=\"text1noticias\">     El sector de la construcci\u00f3n civil cay\u00f3 un 7,6 por ciento el a\u00f1o pasado y perdi\u00f3 un mill\u00f3n de empleos en el \u00faltimo a\u00f1o, seg\u00fan fuentes del se<\/span>ctor.<\/p>\n<h6> 2016-08-12 08:31:02 <\/h6>\n<p><!--\n<link rel=\"stylesheet\" href=\"css\/bootstrap.min.css\">\n\n\n<ul class=\"pagination\">\n\t    \n\t\n\n<li >\n\t<a href='?page_no=18698'>Previous<\/a>\n\t<\/li>\n\n\n       \n    \n\n<li><a href='?page_no=1'>1<\/a><\/li>\n\n\n\n<li><a href='?page_no=2'>2<\/a><\/li>\n\n\n\n<li><a>...<\/a><\/li>\n\n\n\n<li><a href='?page_no=18697'>18697<\/a><\/li>\n\n\n\n<li><a href='?page_no=18698'>18698<\/a><\/li>\n\n\n\n<li class='active'><a>18699<\/a><\/li>\n\n\n\n<li><a href='?page_no=18700'>18700<\/a><\/li>\n\n\n\n<li><a href='?page_no=18701'>18701<\/a><\/li>\n\n\n\n<li><a>...<\/a><\/li>\n\n\n\n<li><a href='?page_no=51012'>51012<\/a><\/li>\n\n\n\n<li><a href='?page_no=51013'>51013<\/a><\/li>\n\n    \n\t\n\n<li >\n\t<a href='?page_no=18700'>Next<\/a>\n\t<\/li>\n\n\n    \n\n<li><a href='?page_no=51013'>Last &rsaquo;&rsaquo;<\/a><\/li>\n\n<\/ul>\n\n\n--><br \/>\n<\/body><\/p>\n","protected":false},"excerpt":{"rendered":"<p>RIO DE JANEIRO, 12 ago (Xinhua) &#8212; El presidente interino de Brasil, Michel Temer, prometi\u00f3 hoy ante empresarios del sector de la construcci\u00f3n que recuperar\u00e1 la confianza en la econom\u00eda del pa\u00eds y promover\u00e1 la inversi\u00f3n privada si finalmente contin\u00faa en el cargo. \u00abEstoy ejerciendo la Presidencia interinamente, pero act\u00fao como si fuera efectivo\u00bb, dijo [&hellip;]<\/p>\n","protected":false},"author":3,"featured_media":0,"comment_status":"open","ping_status":"open","sticky":false,"template":"","format":"standard","meta":{"footnotes":""},"categories":[23],"tags":[],"class_list":["post-249054","post","type-post","status-publish","format-standard","hentry","category-internacional"],"_links":{"self":[{"href":"https:\/\/diariodominicano.com\/index.php?rest_route=\/wp\/v2\/posts\/249054","targetHints":{"allow":["GET"]}}],"collection":[{"href":"https:\/\/diariodominicano.com\/index.php?rest_route=\/wp\/v2\/posts"}],"about":[{"href":"https:\/\/diariodominicano.com\/index.php?rest_route=\/wp\/v2\/types\/post"}],"author":[{"embeddable":true,"href":"https:\/\/diariodominicano.com\/index.php?rest_route=\/wp\/v2\/users\/3"}],"replies":[{"embeddable":true,"href":"https:\/\/diariodominicano.com\/index.php?rest_route=%2Fwp%2Fv2%2Fcomments&post=249054"}],"version-history":[{"count":0,"href":"https:\/\/diariodominicano.com\/index.php?rest_route=\/wp\/v2\/posts\/249054\/revisions"}],"wp:attachment":[{"href":"https:\/\/diariodominicano.com\/index.php?rest_route=%2Fwp%2Fv2%2Fmedia&parent=249054"}],"wp:term":[{"taxonomy":"category","embeddable":true,"href":"https:\/\/diariodominicano.com\/index.php?rest_route=%2Fwp%2Fv2%2Fcategories&post=249054"},{"taxonomy":"post_tag","embeddable":true,"href":"https:\/\/diariodominicano.com\/index.php?rest_route=%2Fwp%2Fv2%2Ftags&post=249054"}],"curies":[{"name":"wp","href":"https:\/\/api.w.org\/{rel}","templated":true}]}}