{"id":249053,"date":"2016-08-12T08:48:59","date_gmt":"2016-08-12T08:48:59","guid":{"rendered":"http:\/\/diariodominicano.ddns.net\/?p=249053"},"modified":"2016-08-12T08:48:59","modified_gmt":"2016-08-12T08:48:59","slug":"aumentan-tensiones-en-campo-de-migrantes-en-calais-francia","status":"publish","type":"post","link":"https:\/\/diariodominicano.com\/?p=249053","title":{"rendered":"Aumentan tensiones en campo de migrantes en Calais, Francia"},"content":{"rendered":"<p><body><\/p>\n<p><img decoding=\"async\" src=\"img3\/francia-calais12-8.jpg\" \/>  <\/p>\n<p><span class=\"text1noticias\">Par\u00eds, 12 ago (PL) Las autoridades francesas advirtieron sobre el aumento de tensiones en la ciudad de Calais, donde el n\u00famero de migrantes concentrados en un campamento asciende a siete mil, de acuerdo con declaraciones publicadas hoy en la prensa local.<\/span><\/p>\n<p><span class=\"text1noticias\"> <\/span><\/p>\n<p><span class=\"text1noticias\">Si bien el gobierno galo maneja la cifra de cuatro mil 500 indocumentados, la cantidad real supera los siete mil, mientras las condiciones de vida en el lugar est\u00e1n cada vez m\u00e1s deterioradas, advirti\u00f3 un comandante de las Compa\u00f1\u00edas Republicanas de Seguridad.<\/span><\/p>\n<p><span class=\"text1noticias\"> <\/span><\/p>\n<p><span class=\"text1noticias\">En Calais, en el norte de Francia, miles de migrantes permanecen en un campamento irregular a la espera de una oportunidad para cruzar el eurot\u00fanel (que atraviesa el canal de la Mancha) y llegar al Reino Unido.<\/span><\/p>\n<p><span class=\"text1noticias\"> <\/span><\/p>\n<p><span class=\"text1noticias\">A causa de las precarias condiciones, el sitio es llamado \u00abla jungla de Calais\u00bb.<\/span><\/p>\n<p><span class=\"text1noticias\"> <\/span><\/p>\n<p><span class=\"text1noticias\">De acuerdo con un oficial de la CRS, el panorama \u00abest\u00e1 peor que nunca\u00bb, con un incremento de fen\u00f3menos como la violencia, los robos y la prostituci\u00f3n, public\u00f3 el diario Le Figaro.<\/span><\/p>\n<p><span class=\"text1noticias\"> <\/span><\/p>\n<p><span class=\"text1noticias\">En marzo \u00faltimo, las autoridades evacuaron la parte sur del campamento, lo cual provoc\u00f3 una concentraci\u00f3n de personas en el norte y el agravamiento de los conflictos.<\/span><\/p>\n<p><span class=\"text1noticias\"> <\/span><\/p>\n<p><span class=\"text1noticias\">Frente a ello, las fuerzas de seguridad no tienen la capacidad suficiente para controlar la situaci\u00f3n.<\/span><\/p>\n<p><span class=\"text1noticias\"> <\/span><\/p>\n<p><span class=\"text1noticias\">Con el estado de emergencia vigente en el pa\u00eds a ra\u00edz de los atentados, muchos uniformados se encuentran movilizados para garantizar la seguridad en las grandes ciudades y ello implica la disminuci\u00f3n de efectivos disponibles en Calais para enfrentar los problemas del orden, explicaron los polic\u00edas.<\/span><\/p>\n<p><span class=\"text1noticias\"> <\/span><\/p>\n<p><span class=\"text1noticias\">Las autoridades de Calais esperan una reacci\u00f3n del gobierno frente a la problem\u00e1tica, y particularmente del presidente Fran\u00e7ois Hollande, quien no visit\u00f3 esa zona desde el inicio de su mandato, lamentaron.<\/span><\/p>\n<p><span class=\"text1noticias\"> <\/span><\/p>\n<p><span class=\"text1noticias\">En el verano pasado, en plena ola migratoria hacia Europa, Calais se convirti\u00f3 en uno de los epicentros de la crisis, pues miles de indocumentados intentaban cada noche cruzar por la fuerza el eurot\u00fanel, lo que provoc\u00f3 varias muertes en accidentes y enfrentamientos con los cuerpos de s<\/span>eguridad.<\/p>\n<h6> 2016-08-12 08:48:59 <\/h6>\n<p><!--\n<link rel=\"stylesheet\" href=\"css\/bootstrap.min.css\">\n\n\n<ul class=\"pagination\">\n\t    \n\t\n\n<li >\n\t<a href='?page_no=18697'>Previous<\/a>\n\t<\/li>\n\n\n       \n    \n\n<li><a href='?page_no=1'>1<\/a><\/li>\n\n\n\n<li><a href='?page_no=2'>2<\/a><\/li>\n\n\n\n<li><a>...<\/a><\/li>\n\n\n\n<li><a href='?page_no=18696'>18696<\/a><\/li>\n\n\n\n<li><a href='?page_no=18697'>18697<\/a><\/li>\n\n\n\n<li class='active'><a>18698<\/a><\/li>\n\n\n\n<li><a href='?page_no=18699'>18699<\/a><\/li>\n\n\n\n<li><a href='?page_no=18700'>18700<\/a><\/li>\n\n\n\n<li><a>...<\/a><\/li>\n\n\n\n<li><a href='?page_no=51012'>51012<\/a><\/li>\n\n\n\n<li><a href='?page_no=51013'>51013<\/a><\/li>\n\n    \n\t\n\n<li >\n\t<a href='?page_no=18699'>Next<\/a>\n\t<\/li>\n\n\n    \n\n<li><a href='?page_no=51013'>Last &rsaquo;&rsaquo;<\/a><\/li>\n\n<\/ul>\n\n\n--><br \/>\n<\/body><\/p>\n","protected":false},"excerpt":{"rendered":"<p>Par\u00eds, 12 ago (PL) Las autoridades francesas advirtieron sobre el aumento de tensiones en la ciudad de Calais, donde el n\u00famero de migrantes concentrados en un campamento asciende a siete mil, de acuerdo con declaraciones publicadas hoy en la prensa local. Si bien el gobierno galo maneja la cifra de cuatro mil 500 indocumentados, la [&hellip;]<\/p>\n","protected":false},"author":3,"featured_media":0,"comment_status":"open","ping_status":"open","sticky":false,"template":"","format":"standard","meta":{"footnotes":""},"categories":[23],"tags":[],"class_list":["post-249053","post","type-post","status-publish","format-standard","hentry","category-internacional"],"_links":{"self":[{"href":"https:\/\/diariodominicano.com\/index.php?rest_route=\/wp\/v2\/posts\/249053","targetHints":{"allow":["GET"]}}],"collection":[{"href":"https:\/\/diariodominicano.com\/index.php?rest_route=\/wp\/v2\/posts"}],"about":[{"href":"https:\/\/diariodominicano.com\/index.php?rest_route=\/wp\/v2\/types\/post"}],"author":[{"embeddable":true,"href":"https:\/\/diariodominicano.com\/index.php?rest_route=\/wp\/v2\/users\/3"}],"replies":[{"embeddable":true,"href":"https:\/\/diariodominicano.com\/index.php?rest_route=%2Fwp%2Fv2%2Fcomments&post=249053"}],"version-history":[{"count":0,"href":"https:\/\/diariodominicano.com\/index.php?rest_route=\/wp\/v2\/posts\/249053\/revisions"}],"wp:attachment":[{"href":"https:\/\/diariodominicano.com\/index.php?rest_route=%2Fwp%2Fv2%2Fmedia&parent=249053"}],"wp:term":[{"taxonomy":"category","embeddable":true,"href":"https:\/\/diariodominicano.com\/index.php?rest_route=%2Fwp%2Fv2%2Fcategories&post=249053"},{"taxonomy":"post_tag","embeddable":true,"href":"https:\/\/diariodominicano.com\/index.php?rest_route=%2Fwp%2Fv2%2Ftags&post=249053"}],"curies":[{"name":"wp","href":"https:\/\/api.w.org\/{rel}","templated":true}]}}