{"id":249051,"date":"2016-08-12T09:35:03","date_gmt":"2016-08-12T09:35:03","guid":{"rendered":"http:\/\/diariodominicano.ddns.net\/?p=249051"},"modified":"2016-08-12T09:35:03","modified_gmt":"2016-08-12T09:35:03","slug":"abatido-lider-regional-del-ei-en-operacion-afgano-estadounidense","status":"publish","type":"post","link":"https:\/\/diariodominicano.com\/?p=249051","title":{"rendered":"Abatido l\u00edder regional del EI en operaci\u00f3n afgano-estadounidense"},"content":{"rendered":"<p><body><\/p>\n<p><span class=\"text1noticias\">   ISLAMABAD, 12 ago (Xinhua) &#8212; El l\u00edder regional del Daesh (otra forma de llamar al Estado Isl\u00e1mico -EI-), Hafiz Saeed Khan, ha sido abatido durante una operaci\u00f3n conjunta afgano-estadounidense, afirm\u00f3 hoy el embajador de Afganist\u00e1n en Pakist\u00e1n, Omar Zakhilwal.<\/span><\/p>\n<p><span class=\"text1noticias\"> <\/span><\/p>\n<p><span class=\"text1noticias\">     \u00abPuedo confirmar que el l\u00edder del Daesh, Hafiz Saeed Khan, ha sido abatido\u00bb, dijo el diplom\u00e1tico al canal de televisi\u00f3n paquistan\u00ed en idioma pasto Mashriq en una entrevista que ser\u00e1 transmitida el domingo, seg\u00fan revel\u00f3 la administraci\u00f3n del canal con sede en Peshawar.<\/span><\/p>\n<p><span class=\"text1noticias\"> <\/span><\/p>\n<p><span class=\"text1noticias\">     Zakhilwal precis\u00f3 que el l\u00edder regional del grupo yihadista muri\u00f3 junto a varios activistas en un ataque de Estados Unidos el pasado 26 de julio con el apoyo en tierra de las fuerzas afganas.<\/span><\/p>\n<p><span class=\"text1noticias\"> <\/span><\/p>\n<p><span class=\"text1noticias\">     Los medios afganos tambi\u00e9n han citado a otro oficial militar que confirm\u00f3 la muerte de Saeed Khan.<\/span><\/p>\n<p><span class=\"text1noticias\"> <\/span><\/p>\n<p><span class=\"text1noticias\">     El m\u00e1ximo l\u00edder del EI, Abubakr al Baghdadi, nombr\u00f3 a Saeed Khan comandante de la denominada provincia de Khorasan, integrada por Afganist\u00e1n, Pakist\u00e1n y partes de Ir\u00e1n y pa\u00edses de Asia Central.<\/span><\/p>\n<p><span class=\"text1noticias\"> <\/span><\/p>\n<p><span class=\"text1noticias\">     Saeed Khan, exmiembro de la direcci\u00f3n del grupo Tehrik-e-Talib\u00e1n Pakist\u00e1n (TTP), fue el principal l\u00edder del EI en Afganist\u00e1n despu\u00e9s de prometer lealtad al EI a finales de 2014.<\/span><\/p>\n<p><span class=\"text1noticias\"> <\/span><\/p>\n<p><span class=\"text1noticias\">     Saeed Khan plane\u00f3 varios ataques, incluido el primer atentado mortal del grupo en Kabul, la capital afgana, el mes pasado, en el que murieron cerca de 80 personas pertenecientes a la comunidad H<\/span>azara.<\/p>\n<h6> 2016-08-12 09:35:03 <\/h6>\n<p><!--\n<link rel=\"stylesheet\" href=\"css\/bootstrap.min.css\">\n\n\n<ul class=\"pagination\">\n\t    \n\t\n\n<li >\n\t<a href='?page_no=18695'>Previous<\/a>\n\t<\/li>\n\n\n       \n    \n\n<li><a href='?page_no=1'>1<\/a><\/li>\n\n\n\n<li><a href='?page_no=2'>2<\/a><\/li>\n\n\n\n<li><a>...<\/a><\/li>\n\n\n\n<li><a href='?page_no=18694'>18694<\/a><\/li>\n\n\n\n<li><a href='?page_no=18695'>18695<\/a><\/li>\n\n\n\n<li class='active'><a>18696<\/a><\/li>\n\n\n\n<li><a href='?page_no=18697'>18697<\/a><\/li>\n\n\n\n<li><a href='?page_no=18698'>18698<\/a><\/li>\n\n\n\n<li><a>...<\/a><\/li>\n\n\n\n<li><a href='?page_no=51012'>51012<\/a><\/li>\n\n\n\n<li><a href='?page_no=51013'>51013<\/a><\/li>\n\n    \n\t\n\n<li >\n\t<a href='?page_no=18697'>Next<\/a>\n\t<\/li>\n\n\n    \n\n<li><a href='?page_no=51013'>Last &rsaquo;&rsaquo;<\/a><\/li>\n\n<\/ul>\n\n\n--><br \/>\n<\/body><\/p>\n","protected":false},"excerpt":{"rendered":"<p>ISLAMABAD, 12 ago (Xinhua) &#8212; El l\u00edder regional del Daesh (otra forma de llamar al Estado Isl\u00e1mico -EI-), Hafiz Saeed Khan, ha sido abatido durante una operaci\u00f3n conjunta afgano-estadounidense, afirm\u00f3 hoy el embajador de Afganist\u00e1n en Pakist\u00e1n, Omar Zakhilwal. \u00abPuedo confirmar que el l\u00edder del Daesh, Hafiz Saeed Khan, ha sido abatido\u00bb, dijo el diplom\u00e1tico [&hellip;]<\/p>\n","protected":false},"author":3,"featured_media":0,"comment_status":"open","ping_status":"open","sticky":false,"template":"","format":"standard","meta":{"footnotes":""},"categories":[23],"tags":[],"class_list":["post-249051","post","type-post","status-publish","format-standard","hentry","category-internacional"],"_links":{"self":[{"href":"https:\/\/diariodominicano.com\/index.php?rest_route=\/wp\/v2\/posts\/249051","targetHints":{"allow":["GET"]}}],"collection":[{"href":"https:\/\/diariodominicano.com\/index.php?rest_route=\/wp\/v2\/posts"}],"about":[{"href":"https:\/\/diariodominicano.com\/index.php?rest_route=\/wp\/v2\/types\/post"}],"author":[{"embeddable":true,"href":"https:\/\/diariodominicano.com\/index.php?rest_route=\/wp\/v2\/users\/3"}],"replies":[{"embeddable":true,"href":"https:\/\/diariodominicano.com\/index.php?rest_route=%2Fwp%2Fv2%2Fcomments&post=249051"}],"version-history":[{"count":0,"href":"https:\/\/diariodominicano.com\/index.php?rest_route=\/wp\/v2\/posts\/249051\/revisions"}],"wp:attachment":[{"href":"https:\/\/diariodominicano.com\/index.php?rest_route=%2Fwp%2Fv2%2Fmedia&parent=249051"}],"wp:term":[{"taxonomy":"category","embeddable":true,"href":"https:\/\/diariodominicano.com\/index.php?rest_route=%2Fwp%2Fv2%2Fcategories&post=249051"},{"taxonomy":"post_tag","embeddable":true,"href":"https:\/\/diariodominicano.com\/index.php?rest_route=%2Fwp%2Fv2%2Ftags&post=249051"}],"curies":[{"name":"wp","href":"https:\/\/api.w.org\/{rel}","templated":true}]}}