{"id":249050,"date":"2016-08-12T10:37:47","date_gmt":"2016-08-12T10:37:47","guid":{"rendered":"http:\/\/diariodominicano.ddns.net\/?p=249050"},"modified":"2016-08-12T10:37:47","modified_gmt":"2016-08-12T10:37:47","slug":"afirman-en-angola-que-el-tabaco-mata-mas-que-el-sida","status":"publish","type":"post","link":"https:\/\/diariodominicano.com\/?p=249050","title":{"rendered":"Afirman en Angola que el tabaco mata m\u00e1s que el Sida"},"content":{"rendered":"<p><body><\/p>\n<p><img decoding=\"async\" src=\"img3\/tabaquismo12-8.jpg\" \/>  <\/p>\n<p><span class=\"text1noticias\">Luanda, 12 ago (PL) El tabaquismo mata hoy m\u00e1s personas en el mundo que la suma de fallecimientos por Sida, uso de coca\u00edna, hero\u00edna, alcohol, suicidios y accidentes de tr\u00e1nsito, revel\u00f3 aqu\u00ed el secretario angole\u00f1o de Salud, Eleut\u00e9rio Hivilikwa.<\/span><\/p>\n<p><span class=\"text1noticias\"> <\/span><\/p>\n<p><span class=\"text1noticias\">Al citar a la Organizaci\u00f3n Mundial de la Salud (OMS), Hivilikwa precis\u00f3 que ese vicio sigue siendo la principal causa de muerte a nivel universal y provoca enfermedades como el c\u00e1ncer, ataques card\u00edacos y respiratorios.<\/span><\/p>\n<p><span class=\"text1noticias\"> <\/span><\/p>\n<p><span class=\"text1noticias\">De su consumo, se\u00f1al\u00f3, derivan otras ramificaciones como el bloqueo al desarrollo y el aumento de la pobreza.<\/span><\/p>\n<p><span class=\"text1noticias\"> <\/span><\/p>\n<p><span class=\"text1noticias\">En un seminario titulado Protocolo de Eliminaci\u00f3n del Comercio Il\u00edcito de Productos del Tabaco en Angola, el funcionario alert\u00f3 que las personas m\u00e1s necesitadas son las que m\u00e1s fuman y llevan la mayor carga econ\u00f3mica y sanitaria impuesta por el cigarro.<\/span><\/p>\n<p><span class=\"text1noticias\"> <\/span><\/p>\n<p><span class=\"text1noticias\">Su consumo \u00abcrece r\u00e1pidamente en pa\u00edses en desarrollo, los que menos est\u00e1n preparados para hacer frente a sus consecuencias\u00bb, reflexion\u00f3.<\/span><\/p>\n<p><span class=\"text1noticias\"> <\/span><\/p>\n<p><span class=\"text1noticias\">Denunci\u00f3 que el comercio il\u00edcito de los productos del tabaco contribuye a propagar la epidemia del tabaquismo, con grandes consecuencias para la salud p\u00fablica, la cual exige respuesta eficaz y adecuada.<\/span><\/p>\n<p><span class=\"text1noticias\"> <\/span><\/p>\n<p><span class=\"text1noticias\">\u00abEl comercio il\u00edcito del tabaco debilita de igual modo las pol\u00edticas de precios y las medidas fiscales concebidas para reforzar el combate\u00bb, indic\u00f3 Hivilikwa.<\/span><\/p>\n<p><span class=\"text1noticias\"> <\/span><\/p>\n<p><span class=\"text1noticias\">Al respecto, el representante de la OMS en Angola, Javier Aramburu, afirm\u00f3 que a medida que crece la acci\u00f3n internacional para el control del tabaco, su industria recorre a pr\u00e1cticas prohibidas por ley para aumentar sus ingresos.<\/span><\/p>\n<p><span class=\"text1noticias\"> <\/span><\/p>\n<p><span class=\"text1noticias\">\u00abEl aumento del tr\u00e1fico il\u00edcito del tabaco es uno de esos m\u00e9todos\u00bb, apunt\u00f3 Aramburu, quien exhort\u00f3 a las autoridades nacionales a adoptar y desarrollar iniciativas de orden pol\u00edtica, legislativa y administrativa que permitan identificar el origen de los productos del tabaco, en conformidad con las regulaciones internacionales sobre esta materia.<\/span><\/p>\n<p><span class=\"text1noticias\"> <\/span><\/p>\n<p><span class=\"text1noticias\">Seg\u00fan estad\u00edsticas de la OMS, anualmente mueren en el mundo m\u00e1s de cinco millones de personas por usar productos del tabaco.<\/span><\/p>\n<p><span class=\"text1noticias\"> <\/span><\/p>\n<p><span class=\"text1noticias\">En \u00c1frica se estima que mueren aproximadamente al a\u00f1o 146 mil adultos, con 30 o m\u00e1s a\u00f1os de edad, por dolencias relacionadas con la hebra.<\/span><\/p>\n<p><span class=\"text1noticias\"> <\/span><\/p>\n<p><span class=\"text1noticias\">Tales n\u00fameros, refiri\u00f3 Aramburu, hacen del tabaco uno de los principales factores de riesgo evitables de dolencias no transmisibles, tales como las cardiovasculares, el c\u00e1ncer, enfermedades pulmonares cr\u00f3nicas y diabetes.<\/span><\/p>\n<h6> 2016-08-12 10:37:47 <\/h6>\n<p><!--\n<link rel=\"stylesheet\" href=\"css\/bootstrap.min.css\">\n\n\n<ul class=\"pagination\">\n\t    \n\t\n\n<li >\n\t<a href='?page_no=18694'>Previous<\/a>\n\t<\/li>\n\n\n       \n    \n\n<li><a href='?page_no=1'>1<\/a><\/li>\n\n\n\n<li><a href='?page_no=2'>2<\/a><\/li>\n\n\n\n<li><a>...<\/a><\/li>\n\n\n\n<li><a href='?page_no=18693'>18693<\/a><\/li>\n\n\n\n<li><a href='?page_no=18694'>18694<\/a><\/li>\n\n\n\n<li class='active'><a>18695<\/a><\/li>\n\n\n\n<li><a href='?page_no=18696'>18696<\/a><\/li>\n\n\n\n<li><a href='?page_no=18697'>18697<\/a><\/li>\n\n\n\n<li><a>...<\/a><\/li>\n\n\n\n<li><a href='?page_no=51012'>51012<\/a><\/li>\n\n\n\n<li><a href='?page_no=51013'>51013<\/a><\/li>\n\n    \n\t\n\n<li >\n\t<a href='?page_no=18696'>Next<\/a>\n\t<\/li>\n\n\n    \n\n<li><a href='?page_no=51013'>Last &rsaquo;&rsaquo;<\/a><\/li>\n\n<\/ul>\n\n\n--><br \/>\n<\/body><\/p>\n","protected":false},"excerpt":{"rendered":"<p>Luanda, 12 ago (PL) El tabaquismo mata hoy m\u00e1s personas en el mundo que la suma de fallecimientos por Sida, uso de coca\u00edna, hero\u00edna, alcohol, suicidios y accidentes de tr\u00e1nsito, revel\u00f3 aqu\u00ed el secretario angole\u00f1o de Salud, Eleut\u00e9rio Hivilikwa. Al citar a la Organizaci\u00f3n Mundial de la Salud (OMS), Hivilikwa precis\u00f3 que ese vicio sigue [&hellip;]<\/p>\n","protected":false},"author":3,"featured_media":0,"comment_status":"open","ping_status":"open","sticky":false,"template":"","format":"standard","meta":{"footnotes":""},"categories":[23],"tags":[],"class_list":["post-249050","post","type-post","status-publish","format-standard","hentry","category-internacional"],"_links":{"self":[{"href":"https:\/\/diariodominicano.com\/index.php?rest_route=\/wp\/v2\/posts\/249050","targetHints":{"allow":["GET"]}}],"collection":[{"href":"https:\/\/diariodominicano.com\/index.php?rest_route=\/wp\/v2\/posts"}],"about":[{"href":"https:\/\/diariodominicano.com\/index.php?rest_route=\/wp\/v2\/types\/post"}],"author":[{"embeddable":true,"href":"https:\/\/diariodominicano.com\/index.php?rest_route=\/wp\/v2\/users\/3"}],"replies":[{"embeddable":true,"href":"https:\/\/diariodominicano.com\/index.php?rest_route=%2Fwp%2Fv2%2Fcomments&post=249050"}],"version-history":[{"count":0,"href":"https:\/\/diariodominicano.com\/index.php?rest_route=\/wp\/v2\/posts\/249050\/revisions"}],"wp:attachment":[{"href":"https:\/\/diariodominicano.com\/index.php?rest_route=%2Fwp%2Fv2%2Fmedia&parent=249050"}],"wp:term":[{"taxonomy":"category","embeddable":true,"href":"https:\/\/diariodominicano.com\/index.php?rest_route=%2Fwp%2Fv2%2Fcategories&post=249050"},{"taxonomy":"post_tag","embeddable":true,"href":"https:\/\/diariodominicano.com\/index.php?rest_route=%2Fwp%2Fv2%2Ftags&post=249050"}],"curies":[{"name":"wp","href":"https:\/\/api.w.org\/{rel}","templated":true}]}}