{"id":249049,"date":"2016-08-12T10:41:51","date_gmt":"2016-08-12T10:41:51","guid":{"rendered":"http:\/\/diariodominicano.ddns.net\/?p=249049"},"modified":"2016-08-12T10:41:51","modified_gmt":"2016-08-12T10:41:51","slug":"diario-frances-define-a-fidel-castro-como-gigante-politico-del-siglo-xx","status":"publish","type":"post","link":"https:\/\/diariodominicano.com\/?p=249049","title":{"rendered":"Diario franc\u00e9s define a Fidel Castro como gigante pol\u00edtico del siglo XX"},"content":{"rendered":"<p><body><\/p>\n<p><span class=\"text1noticias\"> <\/span><\/p>\n<p><span class=\"text1noticias\">Par\u00eds, 12 ago (PL) En la v\u00edspera del cumplea\u00f1os 90 del l\u00edder hist\u00f3rico de la Revoluci\u00f3n cubana, Fidel Castro, la prensa francesa lo defini\u00f3 hoy como uno de los gigantes pol\u00edticos del siglo XX.<\/span><\/p>\n<p><span class=\"text1noticias\"> <\/span><\/p>\n<p><span class=\"text1noticias\">\u00abIndestructible. Sobrevivi\u00f3 a m\u00e1s de 600 intentos de asesinato, desafi\u00f3 a 10 presidentes estadounidenses y vio desfilar medio siglo de historia: Fidel Castro, el padre de la Revoluci\u00f3n cubana, festeja el s\u00e1bado sus 90 a\u00f1os\u00bb, public\u00f3 este viernes el diario Le Point.<\/span><\/p>\n<p><span class=\"text1noticias\"> <\/span><\/p>\n<p><span class=\"text1noticias\">En un amplio material sobre los diversos rasgos que caracterizan al l\u00edder cubano, el rotativo indic\u00f3 que es imposible contar la historia del siglo XX sin mencionar su figura.<\/span><\/p>\n<p><span class=\"text1noticias\"> <\/span><\/p>\n<p><span class=\"text1noticias\">De su juventud, record\u00f3 su condici\u00f3n de estratega militar, que le permiti\u00f3 ganar una guerra pese a no tener ninguna formaci\u00f3n en ese \u00e1mbito.<\/span><\/p>\n<p><span class=\"text1noticias\"> <\/span><\/p>\n<p><span class=\"text1noticias\">Un doctor en derecho de 32 a\u00f1os, con una tropa de \u00abbarbudos\u00bb, logr\u00f3 derrotar a un ej\u00e9rcito de 80 mil hombres y sacar del poder al dictador Fulgencio Bastita, se\u00f1al\u00f3.<\/span><\/p>\n<p><span class=\"text1noticias\"> <\/span><\/p>\n<p><span class=\"text1noticias\">Le Point enfatiz\u00f3 adem\u00e1s su faceta de Quijote que dio batallas impensables, como hacer de Cuba una potencia mundial de la salud y pasar de solo tres mil m\u00e9dicos en 1959 a unos 88 mil en la actualidad, lo que significa un doctor por cada 640 habitantes.<\/span><\/p>\n<p><span class=\"text1noticias\"> <\/span><\/p>\n<p><span class=\"text1noticias\">Tambi\u00e9n rememor\u00f3 su hist\u00f3rico \u00abVolver\u00e1n\u00bb, en referencia a los cinco cubanos antiterroristas que fueron apresados y condenados en Estados Unidos en medio de un proceso judicial plagado de irregularidades, como reconocieron prestigiosos juristas.<\/span><\/p>\n<p><span class=\"text1noticias\"> <\/span><\/p>\n<p><span class=\"text1noticias\">Tras una lucha de m\u00e1s de una d\u00e9cada, los Cinco retornaron a la isla caribe\u00f1a, lo que evidencia \u00abla capacidad del l\u00edder de propagar sus ideas, por muy improbables que ellas sean\u00bb.<\/span><\/p>\n<p><span class=\"text1noticias\"> <\/span><\/p>\n<p><span class=\"text1noticias\">El rotativo mencion\u00f3 adem\u00e1s la trascendencia de Fidel y de la Revoluci\u00f3n cubana a nivel regional en Am\u00e9rica Latina.<\/span><\/p>\n<p><span class=\"text1noticias\"> <\/span><\/p>\n<p><span class=\"text1noticias\">En este sentido, el diario cit\u00f3 a Ivan M\u00e1rquez, uno de los comandantes de las Fuerzas Armadas Revolucionarias de Colombia-Ej\u00e9rcito del Pueblo, quien manifest\u00f3 que Cuba es ejemplo de la lucha para intentar cambiar <\/span>las cosas.<\/p>\n<h6> 2016-08-12 10:41:51 <\/h6>\n<p><!--\n<link rel=\"stylesheet\" href=\"css\/bootstrap.min.css\">\n\n\n<ul class=\"pagination\">\n\t    \n\t\n\n<li >\n\t<a href='?page_no=18693'>Previous<\/a>\n\t<\/li>\n\n\n       \n    \n\n<li><a href='?page_no=1'>1<\/a><\/li>\n\n\n\n<li><a href='?page_no=2'>2<\/a><\/li>\n\n\n\n<li><a>...<\/a><\/li>\n\n\n\n<li><a href='?page_no=18692'>18692<\/a><\/li>\n\n\n\n<li><a href='?page_no=18693'>18693<\/a><\/li>\n\n\n\n<li class='active'><a>18694<\/a><\/li>\n\n\n\n<li><a href='?page_no=18695'>18695<\/a><\/li>\n\n\n\n<li><a href='?page_no=18696'>18696<\/a><\/li>\n\n\n\n<li><a>...<\/a><\/li>\n\n\n\n<li><a href='?page_no=51012'>51012<\/a><\/li>\n\n\n\n<li><a href='?page_no=51013'>51013<\/a><\/li>\n\n    \n\t\n\n<li >\n\t<a href='?page_no=18695'>Next<\/a>\n\t<\/li>\n\n\n    \n\n<li><a href='?page_no=51013'>Last &rsaquo;&rsaquo;<\/a><\/li>\n\n<\/ul>\n\n\n--><br \/>\n<\/body><\/p>\n","protected":false},"excerpt":{"rendered":"<p>Par\u00eds, 12 ago (PL) En la v\u00edspera del cumplea\u00f1os 90 del l\u00edder hist\u00f3rico de la Revoluci\u00f3n cubana, Fidel Castro, la prensa francesa lo defini\u00f3 hoy como uno de los gigantes pol\u00edticos del siglo XX. \u00abIndestructible. Sobrevivi\u00f3 a m\u00e1s de 600 intentos de asesinato, desafi\u00f3 a 10 presidentes estadounidenses y vio desfilar medio siglo de historia: [&hellip;]<\/p>\n","protected":false},"author":3,"featured_media":0,"comment_status":"open","ping_status":"open","sticky":false,"template":"","format":"standard","meta":{"footnotes":""},"categories":[23],"tags":[],"class_list":["post-249049","post","type-post","status-publish","format-standard","hentry","category-internacional"],"_links":{"self":[{"href":"https:\/\/diariodominicano.com\/index.php?rest_route=\/wp\/v2\/posts\/249049","targetHints":{"allow":["GET"]}}],"collection":[{"href":"https:\/\/diariodominicano.com\/index.php?rest_route=\/wp\/v2\/posts"}],"about":[{"href":"https:\/\/diariodominicano.com\/index.php?rest_route=\/wp\/v2\/types\/post"}],"author":[{"embeddable":true,"href":"https:\/\/diariodominicano.com\/index.php?rest_route=\/wp\/v2\/users\/3"}],"replies":[{"embeddable":true,"href":"https:\/\/diariodominicano.com\/index.php?rest_route=%2Fwp%2Fv2%2Fcomments&post=249049"}],"version-history":[{"count":0,"href":"https:\/\/diariodominicano.com\/index.php?rest_route=\/wp\/v2\/posts\/249049\/revisions"}],"wp:attachment":[{"href":"https:\/\/diariodominicano.com\/index.php?rest_route=%2Fwp%2Fv2%2Fmedia&parent=249049"}],"wp:term":[{"taxonomy":"category","embeddable":true,"href":"https:\/\/diariodominicano.com\/index.php?rest_route=%2Fwp%2Fv2%2Fcategories&post=249049"},{"taxonomy":"post_tag","embeddable":true,"href":"https:\/\/diariodominicano.com\/index.php?rest_route=%2Fwp%2Fv2%2Ftags&post=249049"}],"curies":[{"name":"wp","href":"https:\/\/api.w.org\/{rel}","templated":true}]}}