{"id":249046,"date":"2016-08-12T20:04:59","date_gmt":"2016-08-12T20:04:59","guid":{"rendered":"http:\/\/diariodominicano.ddns.net\/?p=249046"},"modified":"2016-08-12T20:04:59","modified_gmt":"2016-08-12T20:04:59","slug":"justicia-confirma-condena-contra-opositor-venezolano-leopoldo-lopez","status":"publish","type":"post","link":"https:\/\/diariodominicano.com\/?p=249046","title":{"rendered":"Justicia confirma condena contra opositor venezolano Leopoldo L\u00f3pez"},"content":{"rendered":"<p><body><\/p>\n<p><img decoding=\"async\" src=\"img3\/fa1891c6f79a694d9eb3b4f19ecf8b6dd15d2be0.jpg\" \/>  <\/p>\n<\/p>\n<p>AFP \/ FEDERICO PARRA<\/p>\n<p>Juan Carlos Guti\u00e9rrez (C), abogado del l\u00edder de la oposici\u00f3n encarcelado Leopoldo L\u00f3pez, espera frente al Palacio de Justicia, donde tiene lugar la audiencia de apelaci\u00f3n de su sentencia de casi 14 a\u00f1os, en Caracas, el 22 de julio de 2016<\/p>\n<p>Un tribunal de apelaciones venezolano ratific\u00f3 la condena a casi 14 a\u00f1os de c\u00e1rcel contra el opositor radical Leopoldo L\u00f3pez, inform\u00f3 este viernes su abogado, Juan Carlos Guti\u00e9rrez.<\/p>\n<p>\u00abConfirmaron la sentencia, confirmaron la pena, en los mismos t\u00e9rminos\u00bb, dijo Guti\u00e9rrez a la AFP.<\/p>\n<p>La corte resolvi\u00f3 as\u00ed un recurso presentado por el l\u00edder del partido Voluntad Popular contra la condena a 13 a\u00f1os y nueve meses de prisi\u00f3n que le fue impuesta en septiembre de 2015.<\/p>\n<p>Preso desde febrero de 2014, L\u00f3pez fue declarado culpable de incitar a la violencia durante protestas ocurridas ese a\u00f1o y que buscaban la renuncia del presidente Nicol\u00e1s Maduro, con saldo de 43 muertos.<\/p>\n<p>El abogado se\u00f1al\u00f3 haber revisado la sentencia este viernes por unos minutos, por lo que el pr\u00f3ximo lunes volver\u00e1 a la Corte de Apelaciones de Caracas para obtener una copia del fallo.<\/p>\n<p>Tras un an\u00e1lisis de la decisi\u00f3n, se definir\u00e1n los pasos a seguir en el proceso de defensa, a\u00f1adi\u00f3 el jurista.<\/p>\n<p>El pasado 23 de julio, durante la audiencia de apelaci\u00f3n, L\u00f3pez se declar\u00f3 \u00abinocente\u00bb.<\/p>\n<p>\u00abAsumo mi responsabilidad plena de haber denunciado al Estado venezolano como corrupto, deficiente, antidemocr\u00e1tico y represor\u00bb, dijo el pol\u00edtico, seg\u00fan una grabaci\u00f3n difundida en su cuenta de Twitter.<\/p>\n<p>La defensa, que acusa a la justicia de estar al servicio del gobierno, sostiene que hubo \u00abalteraci\u00f3n maliciosa\u00bb del material probatorio y \u00aberrores graves de procedimiento\u00bb en el juicio condenatorio, por lo que ped\u00eda nulidad de la sentencia y la liberaci\u00f3n del dirigente.<\/p>\n<h6> 2016-08-12 20:04:59 <\/h6>\n<p><!--\n<link rel=\"stylesheet\" href=\"css\/bootstrap.min.css\">\n\n\n<ul class=\"pagination\">\n\t    \n\t\n\n<li >\n\t<a href='?page_no=18690'>Previous<\/a>\n\t<\/li>\n\n\n       \n    \n\n<li><a href='?page_no=1'>1<\/a><\/li>\n\n\n\n<li><a href='?page_no=2'>2<\/a><\/li>\n\n\n\n<li><a>...<\/a><\/li>\n\n\n\n<li><a href='?page_no=18689'>18689<\/a><\/li>\n\n\n\n<li><a href='?page_no=18690'>18690<\/a><\/li>\n\n\n\n<li class='active'><a>18691<\/a><\/li>\n\n\n\n<li><a href='?page_no=18692'>18692<\/a><\/li>\n\n\n\n<li><a href='?page_no=18693'>18693<\/a><\/li>\n\n\n\n<li><a>...<\/a><\/li>\n\n\n\n<li><a href='?page_no=51012'>51012<\/a><\/li>\n\n\n\n<li><a href='?page_no=51013'>51013<\/a><\/li>\n\n    \n\t\n\n<li >\n\t<a href='?page_no=18692'>Next<\/a>\n\t<\/li>\n\n\n    \n\n<li><a href='?page_no=51013'>Last &rsaquo;&rsaquo;<\/a><\/li>\n\n<\/ul>\n\n\n--><br \/>\n<\/body><\/p>\n","protected":false},"excerpt":{"rendered":"<p>AFP \/ FEDERICO PARRA Juan Carlos Guti\u00e9rrez (C), abogado del l\u00edder de la oposici\u00f3n encarcelado Leopoldo L\u00f3pez, espera frente al Palacio de Justicia, donde tiene lugar la audiencia de apelaci\u00f3n de su sentencia de casi 14 a\u00f1os, en Caracas, el 22 de julio de 2016 Un tribunal de apelaciones venezolano ratific\u00f3 la condena a casi [&hellip;]<\/p>\n","protected":false},"author":3,"featured_media":0,"comment_status":"open","ping_status":"open","sticky":false,"template":"","format":"standard","meta":{"footnotes":""},"categories":[23],"tags":[],"class_list":["post-249046","post","type-post","status-publish","format-standard","hentry","category-internacional"],"_links":{"self":[{"href":"https:\/\/diariodominicano.com\/index.php?rest_route=\/wp\/v2\/posts\/249046","targetHints":{"allow":["GET"]}}],"collection":[{"href":"https:\/\/diariodominicano.com\/index.php?rest_route=\/wp\/v2\/posts"}],"about":[{"href":"https:\/\/diariodominicano.com\/index.php?rest_route=\/wp\/v2\/types\/post"}],"author":[{"embeddable":true,"href":"https:\/\/diariodominicano.com\/index.php?rest_route=\/wp\/v2\/users\/3"}],"replies":[{"embeddable":true,"href":"https:\/\/diariodominicano.com\/index.php?rest_route=%2Fwp%2Fv2%2Fcomments&post=249046"}],"version-history":[{"count":0,"href":"https:\/\/diariodominicano.com\/index.php?rest_route=\/wp\/v2\/posts\/249046\/revisions"}],"wp:attachment":[{"href":"https:\/\/diariodominicano.com\/index.php?rest_route=%2Fwp%2Fv2%2Fmedia&parent=249046"}],"wp:term":[{"taxonomy":"category","embeddable":true,"href":"https:\/\/diariodominicano.com\/index.php?rest_route=%2Fwp%2Fv2%2Fcategories&post=249046"},{"taxonomy":"post_tag","embeddable":true,"href":"https:\/\/diariodominicano.com\/index.php?rest_route=%2Fwp%2Fv2%2Ftags&post=249046"}],"curies":[{"name":"wp","href":"https:\/\/api.w.org\/{rel}","templated":true}]}}