{"id":249044,"date":"2016-08-13T09:19:23","date_gmt":"2016-08-13T09:19:23","guid":{"rendered":"http:\/\/diariodominicano.ddns.net\/?p=249044"},"modified":"2016-08-13T09:19:23","modified_gmt":"2016-08-13T09:19:23","slug":"fidel-castro-evoca-su-enemistad-con-eeuu-y-critica-a-obama-en-su-cumpleanos","status":"publish","type":"post","link":"https:\/\/diariodominicano.com\/?p=249044","title":{"rendered":"Fidel Castro evoca su enemistad con EEUU y critica a Obama en su cumplea\u00f1os"},"content":{"rendered":"<p><body><\/p>\n<p><img decoding=\"async\" src=\"img3\/6758fe7e3135d272721053e9a725f12adb5e6612.jpg\" \/><br \/><img decoding=\"async\" src=\"img3\/94dec642bcbfff7e31d7049a2a113a0f9cf23a73.jpg\" \/>  <\/p>\n<\/p>\n<p>AFP \/ Yamil Lage<\/p>\n<p>Una mujer camina delante de la ventana en La Habana que felicita al l\u00edder cubano Fidel Castro por su 90\u00ba cumplea\u00f1os, el 12 de agosto de 2016, la v\u00edspera de la efem\u00e9ride<\/p>\n<p>El l\u00edder cubano Fidel Castro, que cumple 90 a\u00f1os este s\u00e1bado, evoc\u00f3 en un art\u00edculo su vieja enemistad con Estados Unidos y critic\u00f3 la falta de \u00abaltura\u00bb del discurso del presidente estadounidense, Barack Obama, en su visita a Jap\u00f3n en mayo.<\/p>\n<p>\u00abConsidero que le falt\u00f3 altura al discurso del Presidente de Estados Unidos cuando visit\u00f3 Jap\u00f3n, y le faltaron palabras para excusarse por la matanza de cientos de miles de personas en Hiroshima, a pesar de que conoc\u00eda los efectos de la bomba\u00bb, indic\u00f3 el exmandatario en su escrito \u00abEl cumplea\u00f1os\u00bb.<\/p>\n<p>Fue \u00abigualmente criminal\u00bb &#8211; agreg\u00f3 &#8211; \u00abel ataque a Nagasaki, ciudad que los due\u00f1os de la vida escogieron al azar\u00bb. \u00abEs por eso que hay que martillar sobre la necesidad de preservar la paz, y que ninguna potencia se tome el derecho de matar a millones de seres humanos\u00bb, afirm\u00f3 en el texto publicado por la prensa estatal.<\/p>\n<p>Retirado del poder hace una d\u00e9cada, el padre de la Revoluci\u00f3n cubana record\u00f3 pasajes de su infancia y el enfrentamiento con Estados Unidos durante los 48 a\u00f1os que estuvo al frente de la isla socialista, y \u00absus planes de eliminaci\u00f3n\u00bb.<\/p>\n<p>\u00abYo casi me re\u00eda con los planes maquiav\u00e9licos de los presidentes de Estados Unidos\u00bb, afirm\u00f3 Castro en un art\u00edculo fechado el 12 de agosto a las 10H34 pm (0234 GMT).<\/p>\n<p>Seg\u00fan los servicios de inteligencia cubana, Fidel Castro enfrent\u00f3 634 complots entre 1958 y 2000.<\/p>\n<\/p>\n<p>AFP\/Archivos \/ Adalberto Roque<\/p>\n<p>El entonces presidente cubano, Fidel Castro, en La Habana el 21 de junio de 2004 dando un discurso<\/p>\n<p>Forzado por la enfermedad, Fidel Castro deleg\u00f3 el poder a su hermano Ra\u00fal, quien restableci\u00f3 relaciones diplom\u00e1ticas con Washington en 2015.<\/p>\n<p>En su art\u00edculo, Castro agradeci\u00f3 \u00ablas muestras de respeto, los saludos y los obsequios\u00bb que ha recibido en estos d\u00edas, volvi\u00f3 a alertar sobre los riesgos de la sobrepoblaci\u00f3n mundial y destac\u00f3 a China y Rusia como \u00abgrandes potencias que no pueden ser sometidas a las amenazas de imponerles el empleo de las armas nucleares\u00bb.<\/p>\n<p>\u00abLa especie humana se enfrenta hoy al mayor riesgo de su historia. Los especialistas en estos temas son los que m\u00e1s pueden hacer por los habitantes de este planeta, cuyo n\u00famero se elev\u00f3, de mil millones a fines de 1800, a siete mil millones a principio de 2016. \u00bfCu\u00e1ntos tendr\u00e1 nuestro planeta dentro de unos a\u00f1os m\u00e1s?\u00bb, plante\u00f3.<\/p>\n<p>Fidel fue visto por \u00faltima vez en p\u00fablico el 19 de abril en la clausura del Congreso del Partido Comunista Cubano. Entonces, con voz tr\u00e9mula, llam\u00f3 a los cubanos a mantener el rumbo socialista.<\/p>\n<p>\u00abPronto ser\u00e9 ya como todos los dem\u00e1s. A todos nos llegar\u00e1 nuestro turno\u00bb, dijo en un discurso que fue interpretado como un testamento a los comunistas.<\/p>\n<p>El 28 de marzo la prensa hab\u00eda publicado su anterior art\u00edculo en el que afirm\u00f3 que Cuba no necesita que \u00abel imperio nos regale nada\u00bb, tras la visita de Obama a isla d\u00edas antes.<\/p>\n<h6> 2016-08-13 09:19:23 <\/h6>\n<p><!--\n<link rel=\"stylesheet\" href=\"css\/bootstrap.min.css\">\n\n\n<ul class=\"pagination\">\n\t    \n\t\n\n<li >\n\t<a href='?page_no=18688'>Previous<\/a>\n\t<\/li>\n\n\n       \n    \n\n<li><a href='?page_no=1'>1<\/a><\/li>\n\n\n\n<li><a href='?page_no=2'>2<\/a><\/li>\n\n\n\n<li><a>...<\/a><\/li>\n\n\n\n<li><a href='?page_no=18687'>18687<\/a><\/li>\n\n\n\n<li><a href='?page_no=18688'>18688<\/a><\/li>\n\n\n\n<li class='active'><a>18689<\/a><\/li>\n\n\n\n<li><a href='?page_no=18690'>18690<\/a><\/li>\n\n\n\n<li><a href='?page_no=18691'>18691<\/a><\/li>\n\n\n\n<li><a>...<\/a><\/li>\n\n\n\n<li><a href='?page_no=51012'>51012<\/a><\/li>\n\n\n\n<li><a href='?page_no=51013'>51013<\/a><\/li>\n\n    \n\t\n\n<li >\n\t<a href='?page_no=18690'>Next<\/a>\n\t<\/li>\n\n\n    \n\n<li><a href='?page_no=51013'>Last &rsaquo;&rsaquo;<\/a><\/li>\n\n<\/ul>\n\n\n--><br \/>\n<\/body><\/p>\n","protected":false},"excerpt":{"rendered":"<p>AFP \/ Yamil Lage Una mujer camina delante de la ventana en La Habana que felicita al l\u00edder cubano Fidel Castro por su 90\u00ba cumplea\u00f1os, el 12 de agosto de 2016, la v\u00edspera de la efem\u00e9ride El l\u00edder cubano Fidel Castro, que cumple 90 a\u00f1os este s\u00e1bado, evoc\u00f3 en un art\u00edculo su vieja enemistad con [&hellip;]<\/p>\n","protected":false},"author":3,"featured_media":0,"comment_status":"open","ping_status":"open","sticky":false,"template":"","format":"standard","meta":{"footnotes":""},"categories":[23],"tags":[],"class_list":["post-249044","post","type-post","status-publish","format-standard","hentry","category-internacional"],"_links":{"self":[{"href":"https:\/\/diariodominicano.com\/index.php?rest_route=\/wp\/v2\/posts\/249044","targetHints":{"allow":["GET"]}}],"collection":[{"href":"https:\/\/diariodominicano.com\/index.php?rest_route=\/wp\/v2\/posts"}],"about":[{"href":"https:\/\/diariodominicano.com\/index.php?rest_route=\/wp\/v2\/types\/post"}],"author":[{"embeddable":true,"href":"https:\/\/diariodominicano.com\/index.php?rest_route=\/wp\/v2\/users\/3"}],"replies":[{"embeddable":true,"href":"https:\/\/diariodominicano.com\/index.php?rest_route=%2Fwp%2Fv2%2Fcomments&post=249044"}],"version-history":[{"count":0,"href":"https:\/\/diariodominicano.com\/index.php?rest_route=\/wp\/v2\/posts\/249044\/revisions"}],"wp:attachment":[{"href":"https:\/\/diariodominicano.com\/index.php?rest_route=%2Fwp%2Fv2%2Fmedia&parent=249044"}],"wp:term":[{"taxonomy":"category","embeddable":true,"href":"https:\/\/diariodominicano.com\/index.php?rest_route=%2Fwp%2Fv2%2Fcategories&post=249044"},{"taxonomy":"post_tag","embeddable":true,"href":"https:\/\/diariodominicano.com\/index.php?rest_route=%2Fwp%2Fv2%2Ftags&post=249044"}],"curies":[{"name":"wp","href":"https:\/\/api.w.org\/{rel}","templated":true}]}}