{"id":249043,"date":"2016-08-13T09:25:24","date_gmt":"2016-08-13T09:25:24","guid":{"rendered":"http:\/\/diariodominicano.ddns.net\/?p=249043"},"modified":"2016-08-13T09:25:24","modified_gmt":"2016-08-13T09:25:24","slug":"fidel-castro-una-larga-e-intensa-vida-en-fechas","status":"publish","type":"post","link":"https:\/\/diariodominicano.com\/?p=249043","title":{"rendered":"Fidel Castro: una larga e intensa vida en fechas"},"content":{"rendered":"<p><body><\/p>\n<p><img decoding=\"async\" src=\"img3\/864ef356a76b6384f48f247b64ef0c45b414f928.jpg\" \/><br \/><img decoding=\"async\" src=\"img3\/b2d40323ddddab7c2f17fed8f4a092e659c515a7.jpg\" \/><br \/><img decoding=\"async\" src=\"img3\/0c6ecd6814c88d03bfc04316d4550c1a0530d0b4.jpg\" \/>  <\/p>\n<\/p>\n<p>AFP\/Archivos \/ Rodrigo Arangua<\/p>\n<p>Un cartel del l\u00edder cubano Fidel Castro en La Habana, el 21 de noviembre de 2006<\/p>\n<p>Derrotas, haza\u00f1as, exilio, poder, enfermedad&#8230; Fidel Castro cumple 90 a\u00f1os, una vida dedicada por completo a la Revoluci\u00f3n cubana al punto que hoy es dif\u00edcil distinguir entre una y otra.<\/p>\n<p><strong>A continuaci\u00f3n las fechas que han marcado la vida del l\u00edder cubano:<\/strong><\/p>\n<p><strong>&#8212; 1926 &#8212;<\/strong><\/p>\n<p>Nace en Bir\u00e1n, en el oriente de Cuba. Fidel es el tercero de los siete hijos de un terrateniente gallego y una campesina cubana. En 1950 se grad\u00faa como abogado.<\/p>\n<p><strong>&#8212; 1952 &#8212;<\/strong><\/p>\n<p>El general Fulgencio Batista asume el poder en Cuba tras un golpe de Estado.<\/p>\n<p><strong>&#8212; 1953 &#8212;<\/strong><\/p>\n<p>Castro lidera el frustrado asalto al cuartel Moncada, en Santiago de Cuba, por lo que es encarcelado. Durante el juicio, pronuncia su famosa defensa \u00abLa historia me absolver\u00e1\u00bb. Es condenado a 15 a\u00f1os de c\u00e1rcel. Dos a\u00f1os despu\u00e9s sale amnistiado.<\/p>\n<p><strong>&#8212; 1955 &#8212;<\/strong><\/p>\n<\/p>\n<p><strong>PRENSA LATINA\/AFP\/Archivos \/ &#8211;<\/strong><\/p>\n<p>El l\u00edder cubano Fidel Castro en abril de 1975 en La Habana<\/p>\n<p>Funda el Movimiento 26 de Julio, que act\u00faa en la clandestinidad y luego parte exiliado a M\u00e9xico para organizar la insurrecci\u00f3n. Ah\u00ed conoce al argentino Ernesto &#8216;Che&#8217; Guevara.<\/p>\n<p><strong>&#8212; 1956 &#8212;<\/strong><\/p>\n<p>Zarpa de M\u00e9xico en el yate Granma con 81 hombres. Comienza la lucha guerrillera en la Sierra Maestra. En 1957 concede una entrevista a Herbert Matthews, del New York Times. El mundo conoce su imagen.<\/p>\n<p><strong>&#8212; 1959 &#8212;<\/strong><\/p>\n<p>Triunfa la revoluci\u00f3n contra Batista. Fidel es nombrado primer ministro y firma la primera ley de reforma agraria que proscribi\u00f3 el latifundio. En 1976 asume como presidente.<\/p>\n<p><strong>&#8212; 1960 &#8212;<\/strong><\/p>\n<p>Expropia las refiner\u00edas de petr\u00f3leo, centrales azucareras y compa\u00f1\u00edas de tel\u00e9fono y electricidad estadounidenses. Pronuncia su primer discurso ante la ONU, que tuvo una duraci\u00f3n de cuatro horas y 29 minutos.<\/p>\n<p><strong>&#8212; 1961 &#8212;<\/strong><\/p>\n<p>Estados Unidos rompe relaciones con Cuba, tras lo cual Fidel Castro proclama el car\u00e1cter socialista de la revoluci\u00f3n. Ese a\u00f1o derrota una invasi\u00f3n de m\u00e1s de un millar de anticastristas en Bah\u00eda de Cochinos.<\/p>\n<p><strong>&#8212; 1962 &#8212;<\/strong><\/p>\n<p>El presidente estadounidense John F. Kennedy ordena el embargo econ\u00f3mico que sigue vigente.<\/p>\n<\/p>\n<p><strong>AFP\/Archivos \/ Michel Gangne<\/strong><\/p>\n<p>El entonces presidente cubano, Fidel Castro, y el papa Juan Pablo II, a la llegada de \u00e9ste al aeropuerto Jos\u00e9 Mart\u00ed de La Habana, el 20 de enero de 1998<\/p>\n<p>En plena Guerra Fr\u00eda, Fidel protagoniza la &#8216;crisis de los misiles&#8217; que involucra a EEUU, la Uni\u00f3n Sovi\u00e9tica y Cuba. La tensi\u00f3n termina con el retiro de misiles sovi\u00e9ticos de la isla. Estados Unidos renuncia a invadir Cuba.<\/p>\n<p><strong>&#8212; 1975 &#8212;<\/strong><\/p>\n<p>Env\u00eda tropas cubanas a la guerra de Angola contra Sud\u00e1frica.<\/p>\n<p><strong>&#8212; 1980 &#8212;<\/strong><\/p>\n<p>Unos 125.000 cubanos migran a EEUU desde el puerto de Mariel.<\/p>\n<p><strong>&#8212; 1989 &#8212;<\/strong><\/p>\n<p>Son fusilados cuatro oficiales acusados de narcotr\u00e1fico y corrupci\u00f3n, entre ellos el h\u00e9roe de Angola, el general Arnaldo Ochoa.<\/p>\n<p><strong>&#8212; 1990 &#8212;<\/strong><\/p>\n<p>Tras el derrumbe de la URSS, principal socio de Cuba, comienza el &#8216;per\u00edodo especial&#8217;, profunda crisis que dur\u00f3 una d\u00e9cada, y que llev\u00f3 a Fidel Castro a iniciar una tibia apertura econ\u00f3mica. Legaliza el d\u00f3lar, las remesas y el trabajo privado.<\/p>\n<p><strong>&#8212; 1994 &#8212;<\/strong><\/p>\n<\/p>\n<p>AFP\/Archivos \/ Adalberto Roque<\/p>\n<p>El l\u00edder cubano, Fidel Castro, se cae el 21 de octubre de 2004 al finalizar un discurso en Santa Clara, Cuba<\/p>\n<p>Encara disturbios en La Habana por la &#8216;crisis de los balseros&#8217;, un \u00e9xodo de miles de cubanos por mar hacia EEUU. Recibe por primera vez a Hugo Ch\u00e1vez tras su fallido golpe en Venezuela. M\u00e1s tarde, como presidente, Ch\u00e1vez ser\u00eda su mayor aliado.<\/p>\n<p><strong>&#8212; 1998 &#8212;<\/strong><\/p>\n<p>Recibe al papa Juan Pablo II en una visita que sella las rencillas con la Iglesia Cat\u00f3lica.<\/p>\n<p><strong>&#8212; 1999 &#8212;<\/strong><\/p>\n<p>Moviliza a Cuba a favor del retorno desde EEUU del balserito Eli\u00e1n Gonz\u00e1lez.<\/p>\n<p><strong>&#8212; 2001 &#8212;<\/strong><\/p>\n<p>Con casi 75 a\u00f1os, se desmaya mientras pronunciaba un discurso en La Habana.<\/p>\n<p><strong>&#8212; 2003 &#8212;<\/strong><\/p>\n<p>Unos 75 opositores son detenidos en la llamada &#8216;primavera negra&#8217;. Son fusilados tres cubanos que secuestraron una lancha para viajar a EEUU.<\/p>\n<p><strong>&#8212; 2004 &#8212;<\/strong><\/p>\n<\/p>\n<p>POOL\/AFP\/Archivos \/ Enrique de la Osa<\/p>\n<p>El entonces presidente cubano, Fidel Castro (dcha), y su hom\u00f3logo venezolano, Hugo Ch\u00e1vez, el 20 de agosto de 2005 en La Habana<\/p>\n<p>Durante un acto p\u00fablico en Santa Clara, sufre una ca\u00edda, fractur\u00e1ndose la rodilla y el brazo.<\/p>\n<p><strong>&#8212; 2006 &#8212;<\/strong><\/p>\n<p>Fidel -entonces de 80 a\u00f1os y casi 50 en el poder- cede provisionalmente el cargo a su hermano Ra\u00fal, debido a una crisis intestinal aguda.<\/p>\n<p><strong>&#8212; 2008 &#8212;<\/strong><\/p>\n<p>Renuncia a la presidencia de Cuba. Su hermano Ra\u00fal es designado como sucesor.<\/p>\n<p><strong>&#8212; 2014 &#8212;<\/strong><\/p>\n<p>Cuba y EEUU anuncian el deshielo de sus relaciones. Meses despu\u00e9s, Fidel afirma que no se opone al acercamiento.<\/p>\n<p><strong>&#8212; 2016 &#8212;<\/strong><\/p>\n<p>El presidente estadounidense, Barack Obama, visita Cuba. Fidel reaparece junto a Ra\u00fal en la clausura del Congreso Comunista y pronuncia un discurso con aires de despedida.<\/p>\n<p>13AGO2016<\/p>\n<\/p>\n<\/p>\n<h6> 2016-08-13 09:25:24 <\/h6>\n<p><!--\n<link rel=\"stylesheet\" href=\"css\/bootstrap.min.css\">\n\n\n<ul class=\"pagination\">\n\t    \n\t\n\n<li >\n\t<a href='?page_no=18687'>Previous<\/a>\n\t<\/li>\n\n\n       \n    \n\n<li><a href='?page_no=1'>1<\/a><\/li>\n\n\n\n<li><a href='?page_no=2'>2<\/a><\/li>\n\n\n\n<li><a>...<\/a><\/li>\n\n\n\n<li><a href='?page_no=18686'>18686<\/a><\/li>\n\n\n\n<li><a href='?page_no=18687'>18687<\/a><\/li>\n\n\n\n<li class='active'><a>18688<\/a><\/li>\n\n\n\n<li><a href='?page_no=18689'>18689<\/a><\/li>\n\n\n\n<li><a href='?page_no=18690'>18690<\/a><\/li>\n\n\n\n<li><a>...<\/a><\/li>\n\n\n\n<li><a href='?page_no=51012'>51012<\/a><\/li>\n\n\n\n<li><a href='?page_no=51013'>51013<\/a><\/li>\n\n    \n\t\n\n<li >\n\t<a href='?page_no=18689'>Next<\/a>\n\t<\/li>\n\n\n    \n\n<li><a href='?page_no=51013'>Last &rsaquo;&rsaquo;<\/a><\/li>\n\n<\/ul>\n\n\n--><br \/>\n<\/body><\/p>\n","protected":false},"excerpt":{"rendered":"<p>AFP\/Archivos \/ Rodrigo Arangua Un cartel del l\u00edder cubano Fidel Castro en La Habana, el 21 de noviembre de 2006 Derrotas, haza\u00f1as, exilio, poder, enfermedad&#8230; Fidel Castro cumple 90 a\u00f1os, una vida dedicada por completo a la Revoluci\u00f3n cubana al punto que hoy es dif\u00edcil distinguir entre una y otra. A continuaci\u00f3n las fechas que [&hellip;]<\/p>\n","protected":false},"author":3,"featured_media":0,"comment_status":"open","ping_status":"open","sticky":false,"template":"","format":"standard","meta":{"footnotes":""},"categories":[23],"tags":[],"class_list":["post-249043","post","type-post","status-publish","format-standard","hentry","category-internacional"],"_links":{"self":[{"href":"https:\/\/diariodominicano.com\/index.php?rest_route=\/wp\/v2\/posts\/249043","targetHints":{"allow":["GET"]}}],"collection":[{"href":"https:\/\/diariodominicano.com\/index.php?rest_route=\/wp\/v2\/posts"}],"about":[{"href":"https:\/\/diariodominicano.com\/index.php?rest_route=\/wp\/v2\/types\/post"}],"author":[{"embeddable":true,"href":"https:\/\/diariodominicano.com\/index.php?rest_route=\/wp\/v2\/users\/3"}],"replies":[{"embeddable":true,"href":"https:\/\/diariodominicano.com\/index.php?rest_route=%2Fwp%2Fv2%2Fcomments&post=249043"}],"version-history":[{"count":0,"href":"https:\/\/diariodominicano.com\/index.php?rest_route=\/wp\/v2\/posts\/249043\/revisions"}],"wp:attachment":[{"href":"https:\/\/diariodominicano.com\/index.php?rest_route=%2Fwp%2Fv2%2Fmedia&parent=249043"}],"wp:term":[{"taxonomy":"category","embeddable":true,"href":"https:\/\/diariodominicano.com\/index.php?rest_route=%2Fwp%2Fv2%2Fcategories&post=249043"},{"taxonomy":"post_tag","embeddable":true,"href":"https:\/\/diariodominicano.com\/index.php?rest_route=%2Fwp%2Fv2%2Ftags&post=249043"}],"curies":[{"name":"wp","href":"https:\/\/api.w.org\/{rel}","templated":true}]}}