{"id":249038,"date":"2016-08-13T13:32:58","date_gmt":"2016-08-13T13:32:58","guid":{"rendered":"http:\/\/diariodominicano.ddns.net\/?p=249038"},"modified":"2016-08-13T13:32:58","modified_gmt":"2016-08-13T13:32:58","slug":"gobierno-colombiano-y-farc-ep-avanzan-en-intrincada-ruta-de-paz","status":"publish","type":"post","link":"https:\/\/diariodominicano.com\/?p=249038","title":{"rendered":"&#13;Gobierno colombiano y FARC-EP avanzan en intrincada ruta de paz"},"content":{"rendered":"<p><body><\/p>\n<p><img decoding=\"async\" src=\"img3\/BannerTelesur.jpg\" \/>  <\/p>\n<\/p>\n<p><span class=\"text1noticias\">\t <\/span><\/p>\n<\/p>\n<p><span class=\"text1noticias\">Por Adalys Pilar Mireles<\/span><\/p>\n<\/p>\n<p><span class=\"text1noticias\">Bogot\u00e1, 13 ago (PL) El pacto entre el Gobierno colombiano y las FARC-EP para escoger imparcialmente a los magistrados del tribunal especial que aplicar\u00e1 la justicia transicional, constituye otro cap\u00edtulo decisivo en el intrincado camino hacia la firma de la paz.<\/span><\/p>\n<\/p>\n<p><span class=\"text1noticias\">El consenso divulgado la v\u00edspera prev\u00e9 la colaboraci\u00f3n del papa Francisco y del Secretario General de Naciones Unidas (ONU), Ban Ki-moon, en el procedimiento para designar a los mencionados juristas.<\/span><\/p>\n<\/p>\n<p><span class=\"text1noticias\">De aceptar la invitaci\u00f3n del Ejecutivo y de esa agrupaci\u00f3n guerrillera; el Sumo Pont\u00edfice, Ban Ki-moon, la Corte Suprema de Justicia, la delegaci\u00f3n del Centro Internacional de Justicia Transicional, y la Comisi\u00f3n Permanente del Sistema Universitario del Estado deber\u00e1n nombrar a una persona para conformar el equipo de selecci\u00f3n de los magistrados.<\/span><\/p>\n<\/p>\n<p><span class=\"text1noticias\">Tal procedimiento da garant\u00edas a la sociedad y particularmente a las v\u00edctimas -de la guerra interna-, coment\u00f3 el presidente Juan Manuel Santos al elogiar la trascendencia de la decisi\u00f3n.<\/span><\/p>\n<\/p>\n<p><span class=\"text1noticias\">Las FARC-EP no nombrar\u00e1n a sus jueves, fue una mentira repetida mil veces, enfatiz\u00f3 la excongresista y defensora de derechos humanos, Piedad C\u00f3rdoba mediante su cuenta en Twitter.<\/span><\/p>\n<\/p>\n<p><span class=\"text1noticias\">La Jurisdicci\u00f3n Especial para la Paz (JEP) prev\u00e9 la creaci\u00f3n de salas y tribunales con el fin de investigar, juzgar y sancionar a actores del conflicto b\u00e9lico, bajo las premisas de cero impunidad frente a cr\u00edmenes de lesa humanidad, pero s\u00ed beneficios como indultos y amnist\u00edas en casos de delitos pol\u00edticos y conexos.<\/span><\/p>\n<\/p>\n<p><span class=\"text1noticias\">Desde 2012 representantes gubernamentales y de las Fuerzas Armadas Revolucionarias de Colombia-Ej\u00e9rcito del Pueblo (FARC-EP) dialogan en Cuba con el objetivo de hallar una soluci\u00f3n concertada a la confrontaci\u00f3n entre ambas partes, que dura m\u00e1s de medio siglo.<\/span><\/p>\n<\/p>\n<p><span class=\"text1noticias\">Como resultado de dichas pl\u00e1ticas lograron consensos en los temas de reforma rural integral, participaci\u00f3n pol\u00edtica centrada en la profundizaci\u00f3n de la democracia, combate contra el tr\u00e1fico il\u00edcito de drogas, v\u00edctimas -incluye la constituci\u00f3n de la JEP-, cese el fuego bilateral y dejaci\u00f3n de armas o desarme de esos insurgentes.<\/span><\/p>\n<\/p>\n<p><span class=\"text1noticias\">El mecanismo y criterios para designar a los magistrados del tribunal especial, el cual entrar\u00e1 en vigor en la etapa posb\u00e9lica, fue hasta ayer uno de los nudos gordianos de las conversaciones, que -a juzgar por sus progresos- podr\u00edan terminar en fecha cercana.<\/span><\/p>\n<\/p>\n<p><span class=\"text1noticias\">Dicho convenio, divulgado en La Habana, exige que la justicia sea impartida por expertos de la mayor calidad, a\u00f1adi\u00f3 Santos.<\/span><\/p>\n<\/p>\n<p><span class=\"text1noticias\">Paralelamente a las avanzadas reuniones en la capital cubana, en Colombia representantes gubernamentales, de las FARC-EP y de la ONU recorren varios departamentos para supervisar los escenarios donde funcionar\u00e1n las 23 zonas y ocho campamentos transitorios, los cuales acoger\u00e1n inicialmente a los integrantes de esa organizaci\u00f3n rebelde tras la firma de la paz.<\/span><\/p>\n<\/p>\n<p><span class=\"text1noticias\">En esos sitios transcurrir\u00e1 el desarme de los futuros desmovilizados, procedimiento que ser\u00e1 verificado con la cooperaci\u00f3n de una misi\u00f3n pol\u00edtica de Naciones Unidas, al igual que el cese el fuego bilateral, una vez instaurados.<\/span><\/p>\n<\/p>\n<p><span class=\"text1noticias\">En d\u00edas previos fue anunciada tambi\u00e9n la determinaci\u00f3n de incorporar el enfoque de g\u00e9nero al conjunto de consensos suscritos.<\/span><\/p>\n<\/p>\n<p><span class=\"text1noticias\">Aunque resta por dilucidar del todo cuestiones igualmente claves como las caracter\u00edsticas de la amnist\u00eda a aplicar y los mecanismos para reintegrar a la vida civil a los ahora combatientes de las FARC-EP, las pl\u00e1ticas en Cuba parecen avanzar con rapidez eliminando paso a paso cada obst\u00e1culo rumbo a su satisfactorio desenlace.<\/span><\/p>\n<\/p>\n<p><span class=\"text1noticias\">Al documento conclusivo de las conversaciones (Acuerdo Final) le seguir\u00e1 la d\u00e9cima conferencia de esa guerrilla, la firma protocolaria de la paz y luego el plebiscito, otra prueba de fuego para las negociaciones, pues en ese ejercicio democr\u00e1tico el pueblo deber\u00e1 validar lo rubricado.<\/span><\/p>\n<\/p>\n<p><span class=\"text1noticias\">Ser\u00e1n necesarios cuatro millones y medio de votos para ratificar o autentificar lo consensuado.<\/span><\/p>\n<\/p>\n<p><span class=\"text1noticias\">Seg\u00fan pol\u00edticos como el senador Iv\u00e1n Cepeda, los frutos de las conversaciones tienen todos los m\u00e9ritos para ser refrendados por los colombianos.<\/span><\/p>\n<\/p>\n<p><span class=\"text1noticias\">Tal proceso pacificador incorpora componentes que lo convierten en el m\u00e1s completo de las \u00faltimas d\u00e9cadas en el mundo, pone en el centro de los tratos a las v\u00edctimas y, de manera in\u00e9dita, incluye la perspectiva de g\u00e9nero, entre otros valiosos logros, coment\u00f3 el parlamentario en un art\u00edculo.<\/span><\/p>\n<\/p>\n<p><span class=\"text1noticias\">Pero lo fundamental es que gracias a \u00e9l, Colombia pondr\u00e1 fin a una guerra que ha dejado ocho millones de v\u00edctimas, insisti\u00f3 Cepeda.<\/span><\/p>\n<h6> 2016-08-13 13:32:58 <\/h6>\n<p><!--\n<link rel=\"stylesheet\" href=\"css\/bootstrap.min.css\">\n\n\n<ul class=\"pagination\">\n\t    \n\t\n\n<li >\n\t<a href='?page_no=18682'>Previous<\/a>\n\t<\/li>\n\n\n       \n    \n\n<li><a href='?page_no=1'>1<\/a><\/li>\n\n\n\n<li><a href='?page_no=2'>2<\/a><\/li>\n\n\n\n<li><a>...<\/a><\/li>\n\n\n\n<li><a href='?page_no=18681'>18681<\/a><\/li>\n\n\n\n<li><a href='?page_no=18682'>18682<\/a><\/li>\n\n\n\n<li class='active'><a>18683<\/a><\/li>\n\n\n\n<li><a href='?page_no=18684'>18684<\/a><\/li>\n\n\n\n<li><a href='?page_no=18685'>18685<\/a><\/li>\n\n\n\n<li><a>...<\/a><\/li>\n\n\n\n<li><a href='?page_no=51012'>51012<\/a><\/li>\n\n\n\n<li><a href='?page_no=51013'>51013<\/a><\/li>\n\n    \n\t\n\n<li >\n\t<a href='?page_no=18684'>Next<\/a>\n\t<\/li>\n\n\n    \n\n<li><a href='?page_no=51013'>Last &rsaquo;&rsaquo;<\/a><\/li>\n\n<\/ul>\n\n\n--><br \/>\n<\/body><\/p>\n","protected":false},"excerpt":{"rendered":"<p>Por Adalys Pilar Mireles Bogot\u00e1, 13 ago (PL) El pacto entre el Gobierno colombiano y las FARC-EP para escoger imparcialmente a los magistrados del tribunal especial que aplicar\u00e1 la justicia transicional, constituye otro cap\u00edtulo decisivo en el intrincado camino hacia la firma de la paz. El consenso divulgado la v\u00edspera prev\u00e9 la colaboraci\u00f3n del papa [&hellip;]<\/p>\n","protected":false},"author":3,"featured_media":0,"comment_status":"open","ping_status":"open","sticky":false,"template":"","format":"standard","meta":{"footnotes":""},"categories":[23],"tags":[],"class_list":["post-249038","post","type-post","status-publish","format-standard","hentry","category-internacional"],"_links":{"self":[{"href":"https:\/\/diariodominicano.com\/index.php?rest_route=\/wp\/v2\/posts\/249038","targetHints":{"allow":["GET"]}}],"collection":[{"href":"https:\/\/diariodominicano.com\/index.php?rest_route=\/wp\/v2\/posts"}],"about":[{"href":"https:\/\/diariodominicano.com\/index.php?rest_route=\/wp\/v2\/types\/post"}],"author":[{"embeddable":true,"href":"https:\/\/diariodominicano.com\/index.php?rest_route=\/wp\/v2\/users\/3"}],"replies":[{"embeddable":true,"href":"https:\/\/diariodominicano.com\/index.php?rest_route=%2Fwp%2Fv2%2Fcomments&post=249038"}],"version-history":[{"count":0,"href":"https:\/\/diariodominicano.com\/index.php?rest_route=\/wp\/v2\/posts\/249038\/revisions"}],"wp:attachment":[{"href":"https:\/\/diariodominicano.com\/index.php?rest_route=%2Fwp%2Fv2%2Fmedia&parent=249038"}],"wp:term":[{"taxonomy":"category","embeddable":true,"href":"https:\/\/diariodominicano.com\/index.php?rest_route=%2Fwp%2Fv2%2Fcategories&post=249038"},{"taxonomy":"post_tag","embeddable":true,"href":"https:\/\/diariodominicano.com\/index.php?rest_route=%2Fwp%2Fv2%2Ftags&post=249038"}],"curies":[{"name":"wp","href":"https:\/\/api.w.org\/{rel}","templated":true}]}}