{"id":249037,"date":"2016-08-13T13:36:56","date_gmt":"2016-08-13T13:36:56","guid":{"rendered":"http:\/\/diariodominicano.ddns.net\/?p=249037"},"modified":"2016-08-13T13:36:56","modified_gmt":"2016-08-13T13:36:56","slug":"receptara-fiscalia-general-de-ecuador-declaracion-de-julian-assang","status":"publish","type":"post","link":"https:\/\/diariodominicano.com\/?p=249037","title":{"rendered":"Receptar\u00e1 Fiscal\u00eda General de Ecuador declaraci\u00f3n de Julian Assang"},"content":{"rendered":"<p><body><\/p>\n<p><img decoding=\"async\" src=\"img3\/assange.jpg\" \/>  <\/p>\n<p>e\t <\/p>\n<\/p>\n<p>Quito, 13 ago (PL) El Fiscal General de Ecuador, Galo Chiriboga, designar\u00e1 en los pr\u00f3ximos d\u00edas un equipo para receptar la declaraci\u00f3n de Julian Assange, asilado en la embajada de Quito en Londres, sobre un caso abierto en su contra en Suecia.<\/p>\n<\/p>\n<p>La Fiscal\u00eda General del Estado ecuatoriana comunic\u00f3 a la Autoridad Central de Suecia (Ministerio de Justicia) que acept\u00f3 la solicitud de Asistencia Penal Internacional para que un fiscal ecuatoriano recepte la versi\u00f3n de Julian Assange, en un caso en el que se presume su participaci\u00f3n en un delito sancionado por la legislaci\u00f3n del pa\u00eds n\u00f3rdico, indica un bolet\u00edn divulgado en la p\u00e1gina web de la instancia.<\/p>\n<\/p>\n<p>Seg\u00fan la instituci\u00f3n, esta colaboraci\u00f3n se realiza en cumplimiento del Acuerdo de Intervenci\u00f3n Judicial en Materia Penal entre Ecuador y Suecia firmado en diciembre de 2015.<\/p>\n<\/p>\n<p>De conformidad con el acuerdo bilateral y la pr\u00e1ctica internacional en estos casos, ser\u00e1 el \u00f3rgano requerido (Fiscal\u00eda General del Estado del Ecuador) el que practique la diligencia por pedido del Ministerio de Justicia de Suecia, concluye la informaci\u00f3n.<\/p>\n<\/p>\n<p>En la noche del 10 de agosto, el Ministerio de Relaciones Exteriores y Movilidad Humana de Ecuador inform\u00f3, mediante un comunicado oficial, sobre la disposici\u00f3n de la Fiscal\u00eda General a dar tr\u00e1mite al interrogatorio del fundador de Wikileaks, lo cual se notific\u00f3 al Reino de Suecia.<\/p>\n<\/p>\n<p>La canciller\u00eda reiter\u00f3 la vigencia del asilo concedido al programador australiano en agosto de 2012, y ratific\u00f3 la protecci\u00f3n del Estado ecuatoriano mientras concurran las circunstancias que motivaron la concesi\u00f3n, en particular el temor a sufrir persecuci\u00f3n pol\u00edtica.<\/p>\n<\/p>\n<p>Assange se conoci\u00f3 internacionalmente en 2010, tras publicar miles de documentos secretos sobre conspiraciones, corrupci\u00f3n, cr\u00edmenes y mentiras que incriminaron a varios gobiernos y en particular al de Estados Unidos. Recientemente el canciller ecuatoriano, Guillaume Long, asegur\u00f3 que los criterios del australiano son personales y rechaz\u00f3 presunciones sobre la posible intromisi\u00f3n del gobierno nacional en la soberan\u00eda de otros pa\u00edses, a trav\u00e9s de las declaraciones del inform\u00e1tico.<\/p>\n<\/p>\n<p>\u00abNo nos hacemos responsables de las afirmaciones ni las declaraciones del asilado. Cualquier declaraci\u00f3n que el se\u00f1or Julian Assange haga a futuro es responsabilidad absoluta de \u00e9l y no compromete de ninguna manera al Estado ecuatoriano\u00bb, enfatiz\u00f3 en entrevista con la Agencia de Noticias Andes.<\/p>\n<\/p>\n<p>\u00abEl se\u00f1or Assange es un periodista, ejerce una labor period\u00edstica y nosotros no tenemos ninguna injerencia sobre las cosas que diga\u00bb, acot\u00f3.<\/p>\n<h6> 2016-08-13 13:36:56 <\/h6>\n<p><!--\n<link rel=\"stylesheet\" href=\"css\/bootstrap.min.css\">\n\n\n<ul class=\"pagination\">\n\t    \n\t\n\n<li >\n\t<a href='?page_no=18681'>Previous<\/a>\n\t<\/li>\n\n\n       \n    \n\n<li><a href='?page_no=1'>1<\/a><\/li>\n\n\n\n<li><a href='?page_no=2'>2<\/a><\/li>\n\n\n\n<li><a>...<\/a><\/li>\n\n\n\n<li><a href='?page_no=18680'>18680<\/a><\/li>\n\n\n\n<li><a href='?page_no=18681'>18681<\/a><\/li>\n\n\n\n<li class='active'><a>18682<\/a><\/li>\n\n\n\n<li><a href='?page_no=18683'>18683<\/a><\/li>\n\n\n\n<li><a href='?page_no=18684'>18684<\/a><\/li>\n\n\n\n<li><a>...<\/a><\/li>\n\n\n\n<li><a href='?page_no=51012'>51012<\/a><\/li>\n\n\n\n<li><a href='?page_no=51013'>51013<\/a><\/li>\n\n    \n\t\n\n<li >\n\t<a href='?page_no=18683'>Next<\/a>\n\t<\/li>\n\n\n    \n\n<li><a href='?page_no=51013'>Last &rsaquo;&rsaquo;<\/a><\/li>\n\n<\/ul>\n\n\n--><br \/>\n<\/body><\/p>\n","protected":false},"excerpt":{"rendered":"<p>e Quito, 13 ago (PL) El Fiscal General de Ecuador, Galo Chiriboga, designar\u00e1 en los pr\u00f3ximos d\u00edas un equipo para receptar la declaraci\u00f3n de Julian Assange, asilado en la embajada de Quito en Londres, sobre un caso abierto en su contra en Suecia. La Fiscal\u00eda General del Estado ecuatoriana comunic\u00f3 a la Autoridad Central de [&hellip;]<\/p>\n","protected":false},"author":3,"featured_media":0,"comment_status":"open","ping_status":"open","sticky":false,"template":"","format":"standard","meta":{"footnotes":""},"categories":[23],"tags":[],"class_list":["post-249037","post","type-post","status-publish","format-standard","hentry","category-internacional"],"_links":{"self":[{"href":"https:\/\/diariodominicano.com\/index.php?rest_route=\/wp\/v2\/posts\/249037","targetHints":{"allow":["GET"]}}],"collection":[{"href":"https:\/\/diariodominicano.com\/index.php?rest_route=\/wp\/v2\/posts"}],"about":[{"href":"https:\/\/diariodominicano.com\/index.php?rest_route=\/wp\/v2\/types\/post"}],"author":[{"embeddable":true,"href":"https:\/\/diariodominicano.com\/index.php?rest_route=\/wp\/v2\/users\/3"}],"replies":[{"embeddable":true,"href":"https:\/\/diariodominicano.com\/index.php?rest_route=%2Fwp%2Fv2%2Fcomments&post=249037"}],"version-history":[{"count":0,"href":"https:\/\/diariodominicano.com\/index.php?rest_route=\/wp\/v2\/posts\/249037\/revisions"}],"wp:attachment":[{"href":"https:\/\/diariodominicano.com\/index.php?rest_route=%2Fwp%2Fv2%2Fmedia&parent=249037"}],"wp:term":[{"taxonomy":"category","embeddable":true,"href":"https:\/\/diariodominicano.com\/index.php?rest_route=%2Fwp%2Fv2%2Fcategories&post=249037"},{"taxonomy":"post_tag","embeddable":true,"href":"https:\/\/diariodominicano.com\/index.php?rest_route=%2Fwp%2Fv2%2Ftags&post=249037"}],"curies":[{"name":"wp","href":"https:\/\/api.w.org\/{rel}","templated":true}]}}