{"id":249036,"date":"2016-08-13T13:41:00","date_gmt":"2016-08-13T13:41:00","guid":{"rendered":"http:\/\/diariodominicano.ddns.net\/?p=249036"},"modified":"2016-08-13T13:41:00","modified_gmt":"2016-08-13T13:41:00","slug":"una-onda-tropical-afecta-a-puerto-rico","status":"publish","type":"post","link":"https:\/\/diariodominicano.com\/?p=249036","title":{"rendered":"&#13;Una onda tropical afecta a Puerto Rico"},"content":{"rendered":"<p><body><\/p>\n<\/p>\n<p><span class=\"text1noticias\">\t <\/span><\/p>\n<\/p>\n<p><span class=\"text1noticias\">San Juan, 13 ago (PL) El Servicio Nacional de Meteorolog\u00eda (SNM) de Puerto Rico inform\u00f3 que una onda tropical ha ocasionado aguaceros durante horas de la ma\u00f1ana de hoy, sobre todo en el \u00e1rea este de la isla.<\/span><\/p>\n<\/p>\n<p><span class=\"text1noticias\">Aunque el fen\u00f3meno pasa por la zona sur del pa\u00eds, la parte norte de la onda afecta el \u00e1rea local con lluvias y tronadas, se\u00f1ala un bolet\u00edn del SNM.<\/span><\/p>\n<\/p>\n<p><span class=\"text1noticias\">Seg\u00fan el meteor\u00f3logo del organismo, F\u00e9lix Castro, las precipitaciones se mueven al noroeste y eventualmente municipios del norte, incluyendo la zona metropolitana de San Juan, se afectar\u00e1n.<\/span><\/p>\n<\/p>\n<p><span class=\"text1noticias\">A medida que el evento se traslade en la tarde al oeste, la humedad asociada se va a combinar con el calor diurno y ayudar\u00e1 al desarrollo de aguaceros mayormente en la zona monta\u00f1osa hacia el noroeste de Puerto Rico, agreg\u00f3.<\/span><\/p>\n<\/p>\n<p><span class=\"text1noticias\">Sin embargo, los efectos de la onda deben dejar de sentirse la noche de este s\u00e1bado, consideran los especialistas.<\/span><\/p>\n<\/p>\n<p><span class=\"text1noticias\">El SNM anunci\u00f3 que para ma\u00f1ana domingo se espera la entrada de aire seco que se mover\u00e1 al \u00e1rea local con un poco de polvo del Sahara, por lo que -seg\u00fan los pron\u00f3sticos- las condiciones del tiempo mejorar\u00e1n.<\/span><\/p>\n<h6> 2016-08-13 13:41:00 <\/h6>\n<p><!--\n<link rel=\"stylesheet\" href=\"css\/bootstrap.min.css\">\n\n\n<ul class=\"pagination\">\n\t    \n\t\n\n<li >\n\t<a href='?page_no=18680'>Previous<\/a>\n\t<\/li>\n\n\n       \n    \n\n<li><a href='?page_no=1'>1<\/a><\/li>\n\n\n\n<li><a href='?page_no=2'>2<\/a><\/li>\n\n\n\n<li><a>...<\/a><\/li>\n\n\n\n<li><a href='?page_no=18679'>18679<\/a><\/li>\n\n\n\n<li><a href='?page_no=18680'>18680<\/a><\/li>\n\n\n\n<li class='active'><a>18681<\/a><\/li>\n\n\n\n<li><a href='?page_no=18682'>18682<\/a><\/li>\n\n\n\n<li><a href='?page_no=18683'>18683<\/a><\/li>\n\n\n\n<li><a>...<\/a><\/li>\n\n\n\n<li><a href='?page_no=51012'>51012<\/a><\/li>\n\n\n\n<li><a href='?page_no=51013'>51013<\/a><\/li>\n\n    \n\t\n\n<li >\n\t<a href='?page_no=18682'>Next<\/a>\n\t<\/li>\n\n\n    \n\n<li><a href='?page_no=51013'>Last &rsaquo;&rsaquo;<\/a><\/li>\n\n<\/ul>\n\n\n--><br \/>\n<\/body><\/p>\n","protected":false},"excerpt":{"rendered":"<p>San Juan, 13 ago (PL) El Servicio Nacional de Meteorolog\u00eda (SNM) de Puerto Rico inform\u00f3 que una onda tropical ha ocasionado aguaceros durante horas de la ma\u00f1ana de hoy, sobre todo en el \u00e1rea este de la isla. Aunque el fen\u00f3meno pasa por la zona sur del pa\u00eds, la parte norte de la onda afecta [&hellip;]<\/p>\n","protected":false},"author":3,"featured_media":0,"comment_status":"open","ping_status":"open","sticky":false,"template":"","format":"standard","meta":{"footnotes":""},"categories":[23],"tags":[],"class_list":["post-249036","post","type-post","status-publish","format-standard","hentry","category-internacional"],"_links":{"self":[{"href":"https:\/\/diariodominicano.com\/index.php?rest_route=\/wp\/v2\/posts\/249036","targetHints":{"allow":["GET"]}}],"collection":[{"href":"https:\/\/diariodominicano.com\/index.php?rest_route=\/wp\/v2\/posts"}],"about":[{"href":"https:\/\/diariodominicano.com\/index.php?rest_route=\/wp\/v2\/types\/post"}],"author":[{"embeddable":true,"href":"https:\/\/diariodominicano.com\/index.php?rest_route=\/wp\/v2\/users\/3"}],"replies":[{"embeddable":true,"href":"https:\/\/diariodominicano.com\/index.php?rest_route=%2Fwp%2Fv2%2Fcomments&post=249036"}],"version-history":[{"count":0,"href":"https:\/\/diariodominicano.com\/index.php?rest_route=\/wp\/v2\/posts\/249036\/revisions"}],"wp:attachment":[{"href":"https:\/\/diariodominicano.com\/index.php?rest_route=%2Fwp%2Fv2%2Fmedia&parent=249036"}],"wp:term":[{"taxonomy":"category","embeddable":true,"href":"https:\/\/diariodominicano.com\/index.php?rest_route=%2Fwp%2Fv2%2Fcategories&post=249036"},{"taxonomy":"post_tag","embeddable":true,"href":"https:\/\/diariodominicano.com\/index.php?rest_route=%2Fwp%2Fv2%2Ftags&post=249036"}],"curies":[{"name":"wp","href":"https:\/\/api.w.org\/{rel}","templated":true}]}}