{"id":249035,"date":"2016-08-13T16:09:13","date_gmt":"2016-08-13T16:09:13","guid":{"rendered":"http:\/\/diariodominicano.ddns.net\/?p=249035"},"modified":"2016-08-13T16:09:13","modified_gmt":"2016-08-13T16:09:13","slug":"alcalde-ny-convierte-en-politico-acto-dedicado-comunidad-criolla","status":"publish","type":"post","link":"https:\/\/diariodominicano.com\/?p=249035","title":{"rendered":"Alcalde NY convierte en pol\u00edtico acto dedicado comunidad criolla"},"content":{"rendered":"<p><body><\/p>\n<p><img decoding=\"async\" src=\"img3\/ALCALDE NY NY..jpg\" \/>  <\/p>\n<p>La actividad es dedicada a los criollos anualmente por el alcalde de turno, sin importar bander\u00eda pol\u00edtica, credo, raza o religi\u00f3n, en esta oportunidad fue politizada, llegando al extremo de llamar a los directivos del desfile de \u00faltimo, quienes se negaron a subir a la tarima.<\/p>\n<\/p>\n<p><strong> <\/strong><\/p>\n<p><strong>Por Ram\u00f3n Mercedes<\/strong><\/p>\n<\/p>\n<p><strong>Nueva York, 13 de Agosto de 2016.- <\/strong> El encuentro que esta ciudad dedica tradicionalmente a la comunidad dominicana al Desfile de Manhattan, fue convertido por el alcalde Bill de Blasio en un acto pol\u00edtico, al ceder todo el espacio a oficiales electos y funcionarios de la urbe, entre ellos dominicanos, anglosajones, afroamericanos, y relegando a un segundo plano a emblem\u00e1ticos y valorados l\u00edderes comunitarios, representantes de organizaciones y clubes criollos, las reinas, as\u00ed como a los directivos del evento nacional.<\/p>\n<\/p>\n<p>La actividad es dedicada a los criollos anualmente por el alcalde de turno, sin importar bander\u00eda pol\u00edtica, credo, raza o religi\u00f3n, en esta oportunidad fue politizada, llegando al extremo de llamar a los directivos del desfile de \u00faltimo, quienes se negaron a subir a la tarima.<\/p>\n<\/p>\n<p>La directiva est\u00e1 compuesta por \u00c1ngela Fern\u00e1ndez, presidente; Mar\u00eda Lizardo, Rudy Fuertes, Mar\u00eda Khury, Iv\u00e1n Dom\u00ednguez, Estela V\u00e1squez, Ramona Hern\u00e1ndez, Henry Garrido, Bienvenido Fajardo, Silvio Torres Saillant, Wilton Cede\u00f1o, Mar\u00eda Osorio, Berta Altagracia Matos y Chantal de Soto.<\/p>\n<\/p>\n<p>Decenas de dominicanos presentes en la actividad expresaban con disgusto su parecer sobre lo que suced\u00eda: \u00abEl alcalde como siempre, haciendo de la suya contra la comunidad dominicana de aqu\u00ed\u00bb; \u00abmira eso, solo hablaron los pol\u00edticos\u00bb; \u00abes que \u00e9l anda buscando la reelecci\u00f3n y necesita el apoyo de ellos\u00bb;   \u00abesto es una actividad pol\u00edtica\u00bb; \u00abes que todos los a\u00f1os toma una actitud desafiante, arrogante y  prepotente frente a nuestra comunidad\u00bb; \u00abeso se llama burlarse de nosotros\u00bb.<\/p>\n<\/p>\n<p>Los \u00fanicos que hablaron en la actividad fueron el propio alcalde, su esposa Chirlane McCray, el congresista Charles Rangel y el reci\u00e9n electo candidato a congresista, el dominicano Adriano Espaillat.<\/p>\n<\/p>\n<p>El ejecutivo municipal solo mencion\u00f3 a los pol\u00edticos, entre ellos al asamble\u00edsta Guillermo Linares, y los concejales Ydanis Rodr\u00edguez, Julissa Ferreras, entre otros. Ni por cortes\u00eda hizo alusi\u00f3n sobre el brillante m\u00e9dico y l\u00edder comunitario por m\u00e1s de 30 a\u00f1os en la Metr\u00f3poli, Rafael Lantigua, ni por la destacada actriz criolla Celin\u00e9 Toribio, quienes compart\u00edan el escenario sobre la tarima.<\/p>\n<\/p>\n<p>Por su parte, De Blasio expres\u00f3 que en La Gran Manzana hay m\u00e1s dominicanos que en cualquier otro sitio y lo que esta comunidad ha hecho en esta urbe es un orgullo para \u00e9l, adem\u00e1s de tener varios empleados de origen dominicano, mencionando a Camilo y Pe\u00f1a Mora, y que hay personas que hab\u00edan trillado el camino, no solo a nivel local, sino a nivel nacional, como es el caso de Adriano Espaillat que llegar\u00e1 a Washington como congresista.<\/p>\n<\/p>\n<p>Mientras que Rangel agradeci\u00f3 a la comunidad dominicana y que esta era la \u00faltima vez que se dirig\u00eda a ella como congresista, que ayudar\u00e1 a Espaillat como legislador en Washington y lo introducir\u00e1 para que sea el mejor congresista hispano en los Estados Unidos.<\/p>\n<\/p>\n<p>Dijo que de ahora en adelante puede ir como ciudadano civil a Punta Cana con su esposa para disfrutar de la belleza del pa\u00eds.<\/p>\n<\/p>\n<p>Espaillat, presentado por De Blasio, no como candidato sino como congresista electo, dio las gracias a Rangel y manifest\u00f3 que \u00abpor nuestra independencia podemos conservar el nombre de dominicano, y al ritmo de g\u00fcira, tambora y acorde\u00f3n vamos a desfilar este domingo por la Quinta Avenida.<\/p>\n<\/p>\n<p>McCray, la esposa del alcalde, se fue en elogio sobre Espaillat, se\u00f1alando que se siente orgullosa de compartir con la comunidad dominicana, adem\u00e1s de manifestarle a  De Blasio que ella quiere ir a la Rep\u00fablica Dominicana para disfrutar de las playas, ver y compartir con sus gentes, \u00abporque s\u00e9 que son bondadosos como los que residen aqu\u00ed\u00bb.<\/p>\n<\/p>\n<p>Durante el desarrollo del acto (6:00 a 9:00 de la noche), cay\u00f3 un rayo a las 6:14 pr\u00f3ximo a la residencia oficial del alcalde, y varios de las m\u00e1s de mil personas presentes se espantaron, arm\u00e1ndose un corre-corre 12 minutos m\u00e1s tarde hacia la gigantesca carpa debido a un fuerte aguacero.<\/p>\n<\/p>\n<p>Este a\u00f1o acudieron menos invitados, no se ofreci\u00f3 bufete, solo un peque\u00f1o brindis de bocadillos compuesto de pastelitos, pedacitos de casabe con relleno de carne de manera constante, las bebidas fueron variadas, entre ellas algunas criollas, y fue amenizado por con conjunto t\u00edpico, adem\u00e1s de sonar merengues y bachatas permanentemente.<\/p>\n<\/p>\n<p>Zona de los archivos adjuntos<\/p>\n<h6> 2016-08-13 16:09:13 <\/h6>\n<p><!--\n<link rel=\"stylesheet\" href=\"css\/bootstrap.min.css\">\n\n\n<ul class=\"pagination\">\n\t    \n\t\n\n<li >\n\t<a href='?page_no=18679'>Previous<\/a>\n\t<\/li>\n\n\n       \n    \n\n<li><a href='?page_no=1'>1<\/a><\/li>\n\n\n\n<li><a href='?page_no=2'>2<\/a><\/li>\n\n\n\n<li><a>...<\/a><\/li>\n\n\n\n<li><a href='?page_no=18678'>18678<\/a><\/li>\n\n\n\n<li><a href='?page_no=18679'>18679<\/a><\/li>\n\n\n\n<li class='active'><a>18680<\/a><\/li>\n\n\n\n<li><a href='?page_no=18681'>18681<\/a><\/li>\n\n\n\n<li><a href='?page_no=18682'>18682<\/a><\/li>\n\n\n\n<li><a>...<\/a><\/li>\n\n\n\n<li><a href='?page_no=51012'>51012<\/a><\/li>\n\n\n\n<li><a href='?page_no=51013'>51013<\/a><\/li>\n\n    \n\t\n\n<li >\n\t<a href='?page_no=18681'>Next<\/a>\n\t<\/li>\n\n\n    \n\n<li><a href='?page_no=51013'>Last &rsaquo;&rsaquo;<\/a><\/li>\n\n<\/ul>\n\n\n--><br \/>\n<\/body><\/p>\n","protected":false},"excerpt":{"rendered":"<p>La actividad es dedicada a los criollos anualmente por el alcalde de turno, sin importar bander\u00eda pol\u00edtica, credo, raza o religi\u00f3n, en esta oportunidad fue politizada, llegando al extremo de llamar a los directivos del desfile de \u00faltimo, quienes se negaron a subir a la tarima. Por Ram\u00f3n Mercedes Nueva York, 13 de Agosto de [&hellip;]<\/p>\n","protected":false},"author":3,"featured_media":0,"comment_status":"open","ping_status":"open","sticky":false,"template":"","format":"standard","meta":{"footnotes":""},"categories":[23],"tags":[],"class_list":["post-249035","post","type-post","status-publish","format-standard","hentry","category-internacional"],"_links":{"self":[{"href":"https:\/\/diariodominicano.com\/index.php?rest_route=\/wp\/v2\/posts\/249035","targetHints":{"allow":["GET"]}}],"collection":[{"href":"https:\/\/diariodominicano.com\/index.php?rest_route=\/wp\/v2\/posts"}],"about":[{"href":"https:\/\/diariodominicano.com\/index.php?rest_route=\/wp\/v2\/types\/post"}],"author":[{"embeddable":true,"href":"https:\/\/diariodominicano.com\/index.php?rest_route=\/wp\/v2\/users\/3"}],"replies":[{"embeddable":true,"href":"https:\/\/diariodominicano.com\/index.php?rest_route=%2Fwp%2Fv2%2Fcomments&post=249035"}],"version-history":[{"count":0,"href":"https:\/\/diariodominicano.com\/index.php?rest_route=\/wp\/v2\/posts\/249035\/revisions"}],"wp:attachment":[{"href":"https:\/\/diariodominicano.com\/index.php?rest_route=%2Fwp%2Fv2%2Fmedia&parent=249035"}],"wp:term":[{"taxonomy":"category","embeddable":true,"href":"https:\/\/diariodominicano.com\/index.php?rest_route=%2Fwp%2Fv2%2Fcategories&post=249035"},{"taxonomy":"post_tag","embeddable":true,"href":"https:\/\/diariodominicano.com\/index.php?rest_route=%2Fwp%2Fv2%2Ftags&post=249035"}],"curies":[{"name":"wp","href":"https:\/\/api.w.org\/{rel}","templated":true}]}}