{"id":249034,"date":"2016-08-14T07:53:47","date_gmt":"2016-08-14T07:53:47","guid":{"rendered":"http:\/\/diariodominicano.ddns.net\/?p=249034"},"modified":"2016-08-14T07:53:47","modified_gmt":"2016-08-14T07:53:47","slug":"la-policia-suiza-no-ve-por-el-momento-indicios-de-acto-terrorista-en-el-ataque-del-tren","status":"publish","type":"post","link":"https:\/\/diariodominicano.com\/?p=249034","title":{"rendered":"La polic\u00eda suiza no ve \u00abpor el momento\u00bb indicios de \u00abacto terrorista\u00bb en el ataque del tren"},"content":{"rendered":"<p><body><\/p>\n<p><img decoding=\"async\" src=\"img3\/4ee92e0076ae9cbf4f1bf9efc2e93d7b5cfdba9c.jpg\" \/>  <\/p>\n<\/p>\n<p>newspictures.ch\/AFP \/ Beat Kaelin<\/p>\n<p>Polic\u00edas junto al tren donde se produjo un ataque con arma blanca en Salez, este de Suiza, el 13 de agosto de 2016. Un hombre entr\u00f3 en el convoy con l\u00edquido inflamable, al que prendi\u00f3 fuego, e hiri\u00f3 a seis pasajeros con arma blanca<\/p>\n<p>La polic\u00eda suiza asegur\u00f3 este domingo que hasta ahora carece de indicios de que el individuo que hiri\u00f3 a pu\u00f1aladas a seis personas en un tren tuviera la intenci\u00f3n de cometer \u00abun acto terrorista\u00bb.<\/p>\n<p>\u00abPor el momento, no hay indicios de que sea un acto terrorista o con motivaci\u00f3n pol\u00edtica\u00bb, inform\u00f3 la polic\u00eda del cant\u00f3n helv\u00e9tico de San Galo en un comunicado.<\/p>\n<p>El portavoz de la polic\u00eda Bruno Metzger dijo a AFP que el \u00abterrorismo\u00bb no es su principal l\u00ednea de investigaci\u00f3n, y que priorizan \u00abotros motivos\u00bb que no quiso especificar.<\/p>\n<p>El s\u00e1bado por la tarde, un suizo de 27 a\u00f1os prendi\u00f3 fuego a un vag\u00f3n de tren en el este de Suiza usando l\u00edquido inflamable y apu\u00f1al\u00f3 a varios pasajeros hiriendo a seis personas de gravedad, entre ellas un ni\u00f1o de seis a\u00f1os, seg\u00fan la polic\u00eda suiza.<\/p>\n<p>Una persona que se encontraba en el and\u00e9n en la estaci\u00f3n de Salez tambi\u00e9n result\u00f3 herida al sacar del tren al atacante, que estaba envuelto en llamas, dijo la polic\u00eda.<\/p>\n<p>\u00abSu intervenci\u00f3n evit\u00f3 probablemente lo peor\u00bb, dijo el portavoz policial Hanspeter Kruesi al diario Blick, dejando entrever que muchos m\u00e1s pasajeros podr\u00edan haber resultado heridos.<\/p>\n<p>Metzger dijo que el estado de salud del atacante, un suizo sin antecedentes penales, y el de una mujer son cr\u00edticos.<\/p>\n<p>Por el momento, no se proporcionar\u00e1n detalles sobre las identidades o nacionalidades de las v\u00edctimas, a\u00f1adi\u00f3.<\/p>\n<p>El ataque tuvo lugar hacia las 14H20 (12H20 GMT) cerca de la estaci\u00f3n de Salez, en un tren en marcha que se dirig\u00eda de Buchs a Sennwald, a lo largo de la frontera con Liechtenstein.<\/p>\n<p>La polic\u00eda indic\u00f3 que el ataque fue grabado en video, lo que les permiti\u00f3 determinar que el hombre actu\u00f3 s\u00f3lo.<\/p>\n<p>El s\u00e1bado por la noche, la polic\u00eda registr\u00f3 la casa del supuesto atacante, quien reside un cant\u00f3n fronterizo con San Galo.<\/p>\n<p>\u00abLos resultados forman parte de un proceso penal y por lo tanto no son p\u00fablicos\u00bb, dijo en un comunicado la polic\u00eda.<\/p>\n<p>Los fiscales de San Galo, que abrieron una investigaci\u00f3n penal tras el ataque, indicaron que equipos forenses examinan el vag\u00f3n incendiado.<\/p>\n<p>Este ataque es el \u00faltimo de una serie de actos violentos, muchas veces mortales, que se han producido en Europa en los \u00faltimos meses. Entre los incidentes ha habido atentados reivindicados por el grupo yihadista Estado Isl\u00e1mico (EI).<\/p>\n<h6> 2016-08-14 07:53:47 <\/h6>\n<p><!--\n<link rel=\"stylesheet\" href=\"css\/bootstrap.min.css\">\n\n\n<ul class=\"pagination\">\n\t    \n\t\n\n<li >\n\t<a href='?page_no=18678'>Previous<\/a>\n\t<\/li>\n\n\n       \n    \n\n<li><a href='?page_no=1'>1<\/a><\/li>\n\n\n\n<li><a href='?page_no=2'>2<\/a><\/li>\n\n\n\n<li><a>...<\/a><\/li>\n\n\n\n<li><a href='?page_no=18677'>18677<\/a><\/li>\n\n\n\n<li><a href='?page_no=18678'>18678<\/a><\/li>\n\n\n\n<li class='active'><a>18679<\/a><\/li>\n\n\n\n<li><a href='?page_no=18680'>18680<\/a><\/li>\n\n\n\n<li><a href='?page_no=18681'>18681<\/a><\/li>\n\n\n\n<li><a>...<\/a><\/li>\n\n\n\n<li><a href='?page_no=51012'>51012<\/a><\/li>\n\n\n\n<li><a href='?page_no=51013'>51013<\/a><\/li>\n\n    \n\t\n\n<li >\n\t<a href='?page_no=18680'>Next<\/a>\n\t<\/li>\n\n\n    \n\n<li><a href='?page_no=51013'>Last &rsaquo;&rsaquo;<\/a><\/li>\n\n<\/ul>\n\n\n--><br \/>\n<\/body><\/p>\n","protected":false},"excerpt":{"rendered":"<p>newspictures.ch\/AFP \/ Beat Kaelin Polic\u00edas junto al tren donde se produjo un ataque con arma blanca en Salez, este de Suiza, el 13 de agosto de 2016. Un hombre entr\u00f3 en el convoy con l\u00edquido inflamable, al que prendi\u00f3 fuego, e hiri\u00f3 a seis pasajeros con arma blanca La polic\u00eda suiza asegur\u00f3 este domingo que [&hellip;]<\/p>\n","protected":false},"author":3,"featured_media":0,"comment_status":"open","ping_status":"open","sticky":false,"template":"","format":"standard","meta":{"footnotes":""},"categories":[23],"tags":[],"class_list":["post-249034","post","type-post","status-publish","format-standard","hentry","category-internacional"],"_links":{"self":[{"href":"https:\/\/diariodominicano.com\/index.php?rest_route=\/wp\/v2\/posts\/249034","targetHints":{"allow":["GET"]}}],"collection":[{"href":"https:\/\/diariodominicano.com\/index.php?rest_route=\/wp\/v2\/posts"}],"about":[{"href":"https:\/\/diariodominicano.com\/index.php?rest_route=\/wp\/v2\/types\/post"}],"author":[{"embeddable":true,"href":"https:\/\/diariodominicano.com\/index.php?rest_route=\/wp\/v2\/users\/3"}],"replies":[{"embeddable":true,"href":"https:\/\/diariodominicano.com\/index.php?rest_route=%2Fwp%2Fv2%2Fcomments&post=249034"}],"version-history":[{"count":0,"href":"https:\/\/diariodominicano.com\/index.php?rest_route=\/wp\/v2\/posts\/249034\/revisions"}],"wp:attachment":[{"href":"https:\/\/diariodominicano.com\/index.php?rest_route=%2Fwp%2Fv2%2Fmedia&parent=249034"}],"wp:term":[{"taxonomy":"category","embeddable":true,"href":"https:\/\/diariodominicano.com\/index.php?rest_route=%2Fwp%2Fv2%2Fcategories&post=249034"},{"taxonomy":"post_tag","embeddable":true,"href":"https:\/\/diariodominicano.com\/index.php?rest_route=%2Fwp%2Fv2%2Ftags&post=249034"}],"curies":[{"name":"wp","href":"https:\/\/api.w.org\/{rel}","templated":true}]}}