{"id":249033,"date":"2016-08-14T08:11:23","date_gmt":"2016-08-14T08:11:23","guid":{"rendered":"http:\/\/diariodominicano.ddns.net\/?p=249033"},"modified":"2016-08-14T08:11:23","modified_gmt":"2016-08-14T08:11:23","slug":"amnistia-critica-a-la-justicia-venezolana-por-ratificar-la-condena-del-opositor-lopez","status":"publish","type":"post","link":"https:\/\/diariodominicano.com\/?p=249033","title":{"rendered":"Amnist\u00eda critica a la justicia venezolana por ratificar la condena del opositor L\u00f3pez"},"content":{"rendered":"<p><body><\/p>\n<p><img decoding=\"async\" src=\"img3\/11ac0d5d6672745163cea3914104ed0d115a602f.jpg\" \/>  <\/p>\n<\/p>\n<p>AFP\/Archivos \/ Edwin Montilva<\/p>\n<p>El l\u00edder opositor venezolano Leopoldo L\u00f3pez (C), el 18 de febrero de 2014 en Caracas<\/p>\n<p>Amnist\u00eda Internacional critic\u00f3 este s\u00e1bado a la justicia venezolana por ratificar la sentencia a casi 14 a\u00f1os de prisi\u00f3n contra el opositor Leopoldo L\u00f3pez, por instigar a la violencia en protestas contra el gobierno del presidente Nicol\u00e1s Maduro en 2014.<\/p>\n<p>La decisi\u00f3n de un tribunal de apelaciones contra L\u00f3pez \u00abes una nueva mancha en el tr\u00e1gico historial de derechos humanos del pa\u00eds\u00bb, indic\u00f3 la organizaci\u00f3n en un comunicado.<\/p>\n<p>El dirigente opositor es \u00abla v\u00edctima de una perversa &#8216;caza de brujas&#8217; contra cualquiera que se atreva a estar en desacuerdo con el gobierno de Venezuela\u00bb, opin\u00f3 Carolina Jim\u00e9nez, directora de investigaci\u00f3n de Amnist\u00eda.<\/p>\n<p>El pasado viernes, la corte resolvi\u00f3 confirmar la condena ante un recurso que present\u00f3 el l\u00edder del partido Voluntad Popular contra la sentencia a 13 a\u00f1os y nueve meses de prisi\u00f3n que le fue impuesta en septiembre de 2015.<\/p>\n<p>Preso desde febrero de 2014, L\u00f3pez fue declarado culpable de incitar a la violencia durante manifestaciones ocurridas ese a\u00f1o y que buscaban la renuncia de Maduro, con saldo de 43 muertos.<\/p>\n<p>Para Amnist\u00eda, L\u00f3pez \u00abes un preso de conciencia y debe ser liberado inmediata e incondicionalmente\u00bb, pues el procedimiento en su contra \u00abpodr\u00eda tener una motivaci\u00f3n pol\u00edtica\u00bb, a\u00f1ade la nota.<\/p>\n<p>Juan Carlos Guti\u00e9rrez, abogado de L\u00f3pez, advirti\u00f3 el viernes que en los pr\u00f3ximos 15 d\u00edas introducir\u00e1n un recurso de casaci\u00f3n ante los tribunales venezolanos y en paralelo acudir\u00e1n a la ONU para \u00abpresentar el caso de fondo\u00bb, sin precisar mayores detalles.<\/p>\n<p>La defensa, que acusa a la justicia de estar al servicio del gobierno, sostiene que hubo \u00abalteraci\u00f3n maliciosa\u00bb del material probatorio y \u00aberrores graves de procedimiento\u00bb en el juicio condenatorio, por lo que ped\u00eda la nulidad del fallo y la liberaci\u00f3n del dirigente.<\/p>\n<h6> 2016-08-14 08:11:23 <\/h6>\n<p><!--\n<link rel=\"stylesheet\" href=\"css\/bootstrap.min.css\">\n\n\n<ul class=\"pagination\">\n\t    \n\t\n\n<li >\n\t<a href='?page_no=18677'>Previous<\/a>\n\t<\/li>\n\n\n       \n    \n\n<li><a href='?page_no=1'>1<\/a><\/li>\n\n\n\n<li><a href='?page_no=2'>2<\/a><\/li>\n\n\n\n<li><a>...<\/a><\/li>\n\n\n\n<li><a href='?page_no=18676'>18676<\/a><\/li>\n\n\n\n<li><a href='?page_no=18677'>18677<\/a><\/li>\n\n\n\n<li class='active'><a>18678<\/a><\/li>\n\n\n\n<li><a href='?page_no=18679'>18679<\/a><\/li>\n\n\n\n<li><a href='?page_no=18680'>18680<\/a><\/li>\n\n\n\n<li><a>...<\/a><\/li>\n\n\n\n<li><a href='?page_no=51012'>51012<\/a><\/li>\n\n\n\n<li><a href='?page_no=51013'>51013<\/a><\/li>\n\n    \n\t\n\n<li >\n\t<a href='?page_no=18679'>Next<\/a>\n\t<\/li>\n\n\n    \n\n<li><a href='?page_no=51013'>Last &rsaquo;&rsaquo;<\/a><\/li>\n\n<\/ul>\n\n\n--><br \/>\n<\/body><\/p>\n","protected":false},"excerpt":{"rendered":"<p>AFP\/Archivos \/ Edwin Montilva El l\u00edder opositor venezolano Leopoldo L\u00f3pez (C), el 18 de febrero de 2014 en Caracas Amnist\u00eda Internacional critic\u00f3 este s\u00e1bado a la justicia venezolana por ratificar la sentencia a casi 14 a\u00f1os de prisi\u00f3n contra el opositor Leopoldo L\u00f3pez, por instigar a la violencia en protestas contra el gobierno del presidente [&hellip;]<\/p>\n","protected":false},"author":3,"featured_media":0,"comment_status":"open","ping_status":"open","sticky":false,"template":"","format":"standard","meta":{"footnotes":""},"categories":[23],"tags":[],"class_list":["post-249033","post","type-post","status-publish","format-standard","hentry","category-internacional"],"_links":{"self":[{"href":"https:\/\/diariodominicano.com\/index.php?rest_route=\/wp\/v2\/posts\/249033","targetHints":{"allow":["GET"]}}],"collection":[{"href":"https:\/\/diariodominicano.com\/index.php?rest_route=\/wp\/v2\/posts"}],"about":[{"href":"https:\/\/diariodominicano.com\/index.php?rest_route=\/wp\/v2\/types\/post"}],"author":[{"embeddable":true,"href":"https:\/\/diariodominicano.com\/index.php?rest_route=\/wp\/v2\/users\/3"}],"replies":[{"embeddable":true,"href":"https:\/\/diariodominicano.com\/index.php?rest_route=%2Fwp%2Fv2%2Fcomments&post=249033"}],"version-history":[{"count":0,"href":"https:\/\/diariodominicano.com\/index.php?rest_route=\/wp\/v2\/posts\/249033\/revisions"}],"wp:attachment":[{"href":"https:\/\/diariodominicano.com\/index.php?rest_route=%2Fwp%2Fv2%2Fmedia&parent=249033"}],"wp:term":[{"taxonomy":"category","embeddable":true,"href":"https:\/\/diariodominicano.com\/index.php?rest_route=%2Fwp%2Fv2%2Fcategories&post=249033"},{"taxonomy":"post_tag","embeddable":true,"href":"https:\/\/diariodominicano.com\/index.php?rest_route=%2Fwp%2Fv2%2Ftags&post=249033"}],"curies":[{"name":"wp","href":"https:\/\/api.w.org\/{rel}","templated":true}]}}