{"id":249031,"date":"2016-08-14T08:21:30","date_gmt":"2016-08-14T08:21:30","guid":{"rendered":"http:\/\/diariodominicano.ddns.net\/?p=249031"},"modified":"2016-08-14T08:21:30","modified_gmt":"2016-08-14T08:21:30","slug":"muere-el-atacante-del-tren-de-suiza-a-causa-de-sus-heridas","status":"publish","type":"post","link":"https:\/\/diariodominicano.com\/?p=249031","title":{"rendered":"Muere el atacante del tren de Suiza a causa de sus heridas"},"content":{"rendered":"<p><body><\/p>\n<p><img decoding=\"async\" src=\"img3\/dace02a7775fc46d4ad6c67ea81bbaf0a6c04a17.jpg\" \/>  <\/p>\n<\/p>\n<p>newspictures.ch\/AFP \/ Beat Kaelin<\/p>\n<p>El tren donde un hombre incendi\u00f3 el interior de un vag\u00f3n tras arrojar l\u00edquido inflamable y apu\u00f1al\u00f3 a varias personas, parado en la estaci\u00f3n de Salez, este de Suiza, tras el suceso, el 13 de agosto de 2016<\/p>\n<p>El hombre que atac\u00f3 con un cuchillo a pasajeros de un tren en Suiza y prendi\u00f3 fuego al vag\u00f3n, matando a uno de ellos, muri\u00f3 en el hospital a causa de sus heridas, inform\u00f3 este domingo la polic\u00eda.<\/p>\n<p>\u00abEl acusado, un hombre suizo de 27 a\u00f1os, sucumbi\u00f3 a sus heridas\u00bb, inform\u00f3 la polic\u00eda de San Galo, regi\u00f3n del este de Suiza, en un comunicado.<\/p>\n<p>Adem\u00e1s, una de las seis personas heridas en el ataque falleci\u00f3 tambi\u00e9n este domingo por las lesiones.<\/p>\n<p>La polic\u00eda del cant\u00f3n helv\u00e9tico dijo que una mujer de 34 a\u00f1os, cuyo estado de salud era cr\u00edtico desde el ataque del s\u00e1bado por la tarde, y que falleci\u00f3 este domingo por la ma\u00f1ana.<\/p>\n<p>El s\u00e1bado hacia las 14H20 (12H20 GMT), un suizo de 27 a\u00f1os prendi\u00f3 fuego a un vag\u00f3n de tren en el este de Suiza usando l\u00edquido inflamable y apu\u00f1al\u00f3 a seis pasajeros hiri\u00e9ndolos de gravedad, entre ellos un ni\u00f1o de seis a\u00f1os, seg\u00fan la polic\u00eda suiza.<\/p>\n<p>El ataque tuvo lugar cerca de la estaci\u00f3n de Salez, en un tren en marcha que se dirig\u00eda de Buchs a Sennwald, a lo largo de la frontera con Liechtenstein y Austria.<\/p>\n<p>La mujer fallecida recibi\u00f3 una gran cantidad de l\u00edquido inflamable, lo que hace sospechar que ella fuera el blanco del ataque.<\/p>\n<p>Metzger dijo que no pod\u00eda confirmar este extremo y otro portavoz policial, Hanspeter Kruesi, indic\u00f3 a AFP el s\u00e1bado por la noche que no parec\u00eda que el ataque estuviera dirigido contra una sola persona.<\/p>\n<h6> 2016-08-14 08:21:30 <\/h6>\n<p><!--\n<link rel=\"stylesheet\" href=\"css\/bootstrap.min.css\">\n\n\n<ul class=\"pagination\">\n\t    \n\t\n\n<li >\n\t<a href='?page_no=18675'>Previous<\/a>\n\t<\/li>\n\n\n       \n    \n\n<li><a href='?page_no=1'>1<\/a><\/li>\n\n\n\n<li><a href='?page_no=2'>2<\/a><\/li>\n\n\n\n<li><a>...<\/a><\/li>\n\n\n\n<li><a href='?page_no=18674'>18674<\/a><\/li>\n\n\n\n<li><a href='?page_no=18675'>18675<\/a><\/li>\n\n\n\n<li class='active'><a>18676<\/a><\/li>\n\n\n\n<li><a href='?page_no=18677'>18677<\/a><\/li>\n\n\n\n<li><a href='?page_no=18678'>18678<\/a><\/li>\n\n\n\n<li><a>...<\/a><\/li>\n\n\n\n<li><a href='?page_no=51012'>51012<\/a><\/li>\n\n\n\n<li><a href='?page_no=51013'>51013<\/a><\/li>\n\n    \n\t\n\n<li >\n\t<a href='?page_no=18677'>Next<\/a>\n\t<\/li>\n\n\n    \n\n<li><a href='?page_no=51013'>Last &rsaquo;&rsaquo;<\/a><\/li>\n\n<\/ul>\n\n\n--><br \/>\n<\/body><\/p>\n","protected":false},"excerpt":{"rendered":"<p>newspictures.ch\/AFP \/ Beat Kaelin El tren donde un hombre incendi\u00f3 el interior de un vag\u00f3n tras arrojar l\u00edquido inflamable y apu\u00f1al\u00f3 a varias personas, parado en la estaci\u00f3n de Salez, este de Suiza, tras el suceso, el 13 de agosto de 2016 El hombre que atac\u00f3 con un cuchillo a pasajeros de un tren en [&hellip;]<\/p>\n","protected":false},"author":3,"featured_media":0,"comment_status":"open","ping_status":"open","sticky":false,"template":"","format":"standard","meta":{"footnotes":""},"categories":[23],"tags":[],"class_list":["post-249031","post","type-post","status-publish","format-standard","hentry","category-internacional"],"_links":{"self":[{"href":"https:\/\/diariodominicano.com\/index.php?rest_route=\/wp\/v2\/posts\/249031","targetHints":{"allow":["GET"]}}],"collection":[{"href":"https:\/\/diariodominicano.com\/index.php?rest_route=\/wp\/v2\/posts"}],"about":[{"href":"https:\/\/diariodominicano.com\/index.php?rest_route=\/wp\/v2\/types\/post"}],"author":[{"embeddable":true,"href":"https:\/\/diariodominicano.com\/index.php?rest_route=\/wp\/v2\/users\/3"}],"replies":[{"embeddable":true,"href":"https:\/\/diariodominicano.com\/index.php?rest_route=%2Fwp%2Fv2%2Fcomments&post=249031"}],"version-history":[{"count":0,"href":"https:\/\/diariodominicano.com\/index.php?rest_route=\/wp\/v2\/posts\/249031\/revisions"}],"wp:attachment":[{"href":"https:\/\/diariodominicano.com\/index.php?rest_route=%2Fwp%2Fv2%2Fmedia&parent=249031"}],"wp:term":[{"taxonomy":"category","embeddable":true,"href":"https:\/\/diariodominicano.com\/index.php?rest_route=%2Fwp%2Fv2%2Fcategories&post=249031"},{"taxonomy":"post_tag","embeddable":true,"href":"https:\/\/diariodominicano.com\/index.php?rest_route=%2Fwp%2Fv2%2Ftags&post=249031"}],"curies":[{"name":"wp","href":"https:\/\/api.w.org\/{rel}","templated":true}]}}