{"id":249029,"date":"2016-08-14T08:46:24","date_gmt":"2016-08-14T08:46:24","guid":{"rendered":"http:\/\/diariodominicano.ddns.net\/?p=249029"},"modified":"2016-08-14T08:46:24","modified_gmt":"2016-08-14T08:46:24","slug":"fidel-castro-aparece-en-publico-para-celebrar-cumpleanos-90","status":"publish","type":"post","link":"https:\/\/diariodominicano.com\/?p=249029","title":{"rendered":"Fidel Castro aparece en p\u00fablico para celebrar cumplea\u00f1os 90"},"content":{"rendered":"<p><body><\/p>\n<p><img decoding=\"async\" src=\"img3\/135595174_14711454322561n.jpg\" \/><br \/><img decoding=\"async\" src=\"img3\/135595174_14711454325561n.jpg\" \/><br \/><img decoding=\"async\" src=\"img3\/135595174_14711454328201n.jpg\" \/>  <\/p>\n<p> (1)CUBA-HABANA-POLITICA-FIDEL CASTRO<\/p>\n<\/p>\n<p>Imagen cedida por Cubadebate del expresidente cubano Fidel Castro (c), acompa\u00f1ado por su hermano, el presidente de Cuba, Ra\u00fal Castro (i), y el presidente de Venezuela, Nicol\u00e1s Maduro (d), presenciando un evento cultural para celebrar el cumplea\u00f1os 90 del l\u00edder de la Revoluci\u00f3n Cubana en el Teatro Karl Marx, en La Habana, capital de Cuba, el 13 de agosto de 2016. El expresidente cubano Fidel Castro reapareci\u00f3 el s\u00e1bado en p\u00fablico, al asistir al teatro habanero donde se celebr\u00f3 su cumplea\u00f1os 90. Vestido con ropa deportiva, Castro entr\u00f3 al recinto donde recibi\u00f3 la ovaci\u00f3n de los 5,000 asistentes al espect\u00e1culo transmitido en vivo por la radio y la televisi\u00f3n de la isla. El l\u00edder hist\u00f3rico de la Revoluci\u00f3n Cubana se sent\u00f3 en la primera fila del teatro, flanqueado por su hermano, el presidente de Cuba, Ra\u00fal Castro, y por el mandatario venezolano, Nicol\u00e1s Maduro, quien lleg\u00f3 el viernes a la isla para asistir a las celebraciones. (Xinhua\/Ismael Francisco\/Cubadebate)<\/p>\n<\/p>\n<p>I<strong>magen cedida por Cubadebate del expresidente cubano Fidel Castro (c), saludando a una ni\u00f1a durante un evento cultural para celebrar el cumplea\u00f1os 90 del l\u00edder de la Revoluci\u00f3n Cubana en el Teatro Karl Marx, en La Habana, capital de Cuba, el 13 de agosto de 2016. El expresidente cubano Fidel Castro reapareci\u00f3 el s\u00e1bado en p\u00fablico, al asistir al teatro habanero donde se celebr\u00f3 su cumplea\u00f1os 90. Vestido con ropa deportiva, Castro entr\u00f3 al recinto donde recibi\u00f3 la ovaci\u00f3n de los 5,000 asistentes al espect\u00e1culo transmitido en vivo por la radio y la televisi\u00f3n de la isla. El l\u00edder hist\u00f3rico de la Revoluci\u00f3n Cubana se sent\u00f3 en la primera fila del teatro, flanqueado por su hermano, el presidente de Cuba, Ra\u00fal Castro, y por el mandatario venezolano, Nicol\u00e1s Maduro, quien lleg\u00f3 el viernes a la isla para asistir a las celebraciones. (Xinhua\/Ismael Francisco\/Cubadebate)<\/strong><\/p>\n<p><strong> <\/strong><\/p>\n<p>LA HABANA, 13 ago (Xinhua) &#8212; El ex presidente cubano Fidel Castro reapareci\u00f3 hoy en p\u00fablico, al asistir a un teatro habanero donde se celebr\u00f3 su cumplea\u00f1os 90 con un espect\u00e1culo infantil.<\/p>\n<\/p>\n<p><strong>Imagen cedida por Cubadebate del expresidente cubano Fidel Castro (c), acompa\u00f1ado por su hermano, el presidente de Cuba, Ra\u00fal Castro (3-d), y el presidente de Venezuela, Nicol\u00e1s Maduro (d), presenciando un evento cultural para celebrar el cumplea\u00f1os 90 del l\u00edder de la Revoluci\u00f3n Cubana en el Teatro Karl Marx, en La Habana, capital de Cuba, el 13 de agosto de 2016. El expresidente cubano Fidel Castro reapareci\u00f3 el s\u00e1bado en p\u00fablico, al asistir al teatro habanero donde se celebr\u00f3 su cumplea\u00f1os 90. Vestido con ropa deportiva, Castro entr\u00f3 al recinto donde recibi\u00f3 la ovaci\u00f3n de los 5,000 asistentes al espect\u00e1culo transmitido en vivo por la radio y la televisi\u00f3n de la isla. El l\u00edder hist\u00f3rico de la Revoluci\u00f3n Cubana se sent\u00f3 en la primera fila del teatro, flanqueado por su hermano, el presidente de Cuba, Ra\u00fal Castro, y por el mandatario venezolano, Nicol\u00e1s Maduro, quien lleg\u00f3 el viernes a la isla para asistir a las celebraciones. (Xinhua\/Ismael Francisco\/Cubadebate)<\/strong><\/p>\n<\/p>\n<p>Vestido con ropa deportiva, Castro entr\u00f3 al Teatro Karl Marx, donde recibi\u00f3 la ovaci\u00f3n de los 5.000 asistentes al espect\u00e1culo transmitido en vivo por la radio y la televisi\u00f3n de la isla.<\/p>\n<\/p>\n<p> <strong>Imagen cedida por Cubadebate de la cantante cubana Omara Portuondo, acompa\u00f1ada por una ni\u00f1a, cantando durante un evento cultural para celebrar el cumplea\u00f1os 90 del expresidente cubano Fidel Castro en el Teatro Karl Marx, en La Habana, capital de Cuba, el 13 de agosto de 2016. El expresidente cubano Fidel Castro reapareci\u00f3 el s\u00e1bado en p\u00fablico, al asistir al teatro habanero donde se celebr\u00f3 su cumplea\u00f1os 90. Vestido con ropa deportiva, Castro entr\u00f3 al recinto donde recibi\u00f3 la ovaci\u00f3n de los 5,000 asistentes al espect\u00e1culo transmitido en vivo por la radio y la televisi\u00f3n de la isla. El l\u00edder hist\u00f3rico de la Revoluci\u00f3n Cubana se sent\u00f3 en la primera fila del teatro, flanqueado por su hermano, el presidente de Cuba, Ra\u00fal Castro, y por el mandatario venezolano, Nicol\u00e1s Maduro, quien lleg\u00f3 el viernes a la isla para asistir a las celebraciones. (Xinhua\/Ismael Francisco\/Cubadebate)<\/strong><\/p>\n<\/p>\n<p>El l\u00edder hist\u00f3rico de la Revoluci\u00f3n Cubana se sent\u00f3 en la primera fila del teatro, flanqueado por su hermano, el presidente de Cuba, Ra\u00fal Castro, y por el mandatario venezolano, Nicol\u00e1s Maduro, quien lleg\u00f3 el viernes a la isla para asistir a las celebraciones.<\/p>\n<\/p>\n<p><strong>Imagen cedida por Cubadebate del ex presidente cubano Fidel Castro (c), acompa\u00f1ado por el presidente de Venezuela, Nicol\u00e1s Maduro (2-d), presenciando un evento cultural para celebrar el cumplea\u00f1os 90 del l\u00edder de la Revoluci\u00f3n Cubana en el Teatro Karl Marx, en La Habana, capital de Cuba, el 13 de agosto de 2016. El expresidente cubano Fidel Castro reapareci\u00f3 el s\u00e1bado en p\u00fablico, al asistir al teatro habanero donde se celebr\u00f3 su cumplea\u00f1os 90. Vestido con ropa deportiva, Castro entr\u00f3 al recinto donde recibi\u00f3 la ovaci\u00f3n de los 5,000 asistentes al espect\u00e1culo transmitido en vivo por la radio y la televisi\u00f3n de la isla. El l\u00edder hist\u00f3rico de la Revoluci\u00f3n Cubana se sent\u00f3 en la primera fila del teatro, flanqueado por su hermano, el presidente de Cuba, Ra\u00fal Castro, y por el mandatario venezolano, Nicol\u00e1s Maduro, quien lleg\u00f3 el viernes a la isla para asistir a las celebraciones. (Xinhua\/Ismael Francisco\/Cubadebate)<\/strong><\/p>\n<\/p>\n<p>El espect\u00e1culo estuvo a cargo de la compa\u00f1\u00eda infantil La Colmenita, que durante poco m\u00e1s de una hora present\u00f3 una obra que traza un paralelo entre la vida del H\u00e9roe Nacional Jos\u00e9 Mart\u00ed y de Fidel Castro.<\/p>\n<\/p>\n<p><strong>Imagen cedida por Cubadebate del expresidente cubano Fidel Castro (c), acompa\u00f1ado por el presidente de Venezuela, Nicol\u00e1s Maduro (2-d), presenciando un evento cultural para celebrar el cumplea\u00f1os 90 del l\u00edder de la Revoluci\u00f3n Cubana en el Teatro Karl Marx, en La Habana, capital de Cuba, el 13 de agosto de 2016. El expresidente cubano Fidel Castro reapareci\u00f3 el s\u00e1bado en p\u00fablico, al asistir al teatro habanero donde se celebr\u00f3 su cumplea\u00f1os 90. Vestido con ropa deportiva, Castro entr\u00f3 al recinto donde recibi\u00f3 la ovaci\u00f3n de los 5,000 asistentes al espect\u00e1culo transmitido en vivo por la radio y la televisi\u00f3n de la isla. El l\u00edder hist\u00f3rico de la Revoluci\u00f3n Cubana se sent\u00f3 en la primera fila del teatro, flanqueado por su hermano, el presidente de Cuba, Ra\u00fal Castro, y por el mandatario venezolano, Nicol\u00e1s Maduro, quien lleg\u00f3 el viernes a la isla para asistir a las celebraciones. (Xinhua\/Ismael Francisco\/Cubadebate)<\/strong><\/p>\n<\/p>\n<p>En una pantalla gigante se mostraron fragmentos de videos y fotograf\u00edas de distintos momentos de la vida revolucionaria de Castro.<\/p>\n<\/p>\n<p><strong>Imagen cedida por Cubadebate de asistentes presenciando un evento cultural para celebrar el cumplea\u00f1os 90 del expresidente cubano Fidel Castro, en el Teatro Karl Marx, en La Habana, capital de Cuba, el 13 de agosto de 2016. El expresidente cubano Fidel Castro reapareci\u00f3 el s\u00e1bado en p\u00fablico, al asistir al teatro habanero donde se celebr\u00f3 su cumplea\u00f1os 90. Vestido con ropa deportiva, Castro entr\u00f3 al recinto donde recibi\u00f3 la ovaci\u00f3n de los 5,000 asistentes al espect\u00e1culo transmitido en vivo por la radio y la televisi\u00f3n de la isla. El l\u00edder hist\u00f3rico de la Revoluci\u00f3n Cubana se sent\u00f3 en la primera fila del teatro, flanqueado por su hermano, el presidente de Cuba, Ra\u00fal Castro, y por el mandatario venezolano, Nicol\u00e1s Maduro, quien lleg\u00f3 el viernes a la isla para asistir a las celebraciones. (Xinhua\/Ismael Francisco\/Cubadebate)<\/strong><\/p>\n<\/p>\n<p>La gala de este s\u00e1bado cerr\u00f3 una jornada nacional de homenajes que incluy\u00f3 tributos en toda la isla, aunque ma\u00f1ana domingo se realizar\u00e1 otra actividad, tambi\u00e9n en el Teatro Karl Marx, pero como obsequio de Venezuela.<\/p>\n<\/p>\n<p>Alejado del poder desde el verano de 2006 por una grave crisis de salud, Fidel Castro hace pocas apariciones p\u00fablicas, la \u00faltima de ellas el 19 de abril pasado, en la sesi\u00f3n de clausura del VII Congreso del Partido Comunista de Cuba.<\/p>\n<\/p>\n<p>Este s\u00e1bado, el diario oficial \u00abGranma\u00bb public\u00f3 un art\u00edculo titulado \u00abEl cumplea\u00f1os\u00bb y firmado por Fidel Castro, quien agradeci\u00f3 las muestras de cari\u00f1o recibidas por su cumplea\u00f1os.<\/p>\n<\/p>\n<p>En el art\u00edculo, el ex presidente rememor\u00f3 pasajes de su infancia y del enfrentamiento con Estados Unidos durante las cuatro d\u00e9cadas que estuvo en el poder, cuando fue blanco de varios \u00abplanes de eliminaci\u00f3n\u00bb<\/p>\n<\/p>\n<p>\u00abYo casi me re\u00eda con los planes maquiav\u00e9licos de los presidentes de Estados Unidos\u00bb, asegur\u00f3 el ex mandatario, quien seg\u00fan los servicios especiales cubanos enfrent\u00f3 m\u00e1s de 600 intentos de atentado.<\/p>\n<\/p>\n<p>Castro alert\u00f3 adem\u00e1s sobre los riesgos de la sobrepoblaci\u00f3n mundial y destac\u00f3 a China y Rusia como \u00abgrandes potencias que no pueden ser sometidas a las amenazas de imponerles el empleo de las armas nucleares\u00bb.<\/p>\n<\/p>\n<p>\u00abLa especie humana se enfrenta hoy al mayor riesgo de su historia. Los especialistas en estos temas son los que m\u00e1s pueden hacer por los habitantes de este planeta, cuyo n\u00famero se elev\u00f3, de 1.000 millones a fines de 1800, a 7.000 millones a principio de 2016. \u00bfCu\u00e1ntos tendr\u00e1 nuestro planeta dentro de unos a\u00f1os m\u00e1s?\u00bb, asever\u00f3.<\/p>\n<\/p>\n<p>Despu\u00e9s de dejar el poder en el verano de 2006 tras una grave dolencia, el l\u00edder hist\u00f3rico de la Revoluci\u00f3n Cubana mantiene una presencia pol\u00edtica discreta, a trav\u00e9s de espor\u00e1dicos art\u00edculos de prensa.<\/p>\n<\/p>\n<p>Castro naci\u00f3 el 13 de agosto de 1926, en la localidad de Bir\u00e1n, provincia de Holgu\u00edn (este), donde su padre, un inmigrante espa\u00f1ol, y su madre, una humilde campesina, levantaron una plantaci\u00f3n que en la actualidad se conserva como museo.<\/p>\n<h6> 2016-08-14 08:46:24 <\/h6>\n<p><!--\n<link rel=\"stylesheet\" href=\"css\/bootstrap.min.css\">\n\n\n<ul class=\"pagination\">\n\t    \n\t\n\n<li >\n\t<a href='?page_no=18673'>Previous<\/a>\n\t<\/li>\n\n\n       \n    \n\n<li><a href='?page_no=1'>1<\/a><\/li>\n\n\n\n<li><a href='?page_no=2'>2<\/a><\/li>\n\n\n\n<li><a>...<\/a><\/li>\n\n\n\n<li><a href='?page_no=18672'>18672<\/a><\/li>\n\n\n\n<li><a href='?page_no=18673'>18673<\/a><\/li>\n\n\n\n<li class='active'><a>18674<\/a><\/li>\n\n\n\n<li><a href='?page_no=18675'>18675<\/a><\/li>\n\n\n\n<li><a href='?page_no=18676'>18676<\/a><\/li>\n\n\n\n<li><a>...<\/a><\/li>\n\n\n\n<li><a href='?page_no=51012'>51012<\/a><\/li>\n\n\n\n<li><a href='?page_no=51013'>51013<\/a><\/li>\n\n    \n\t\n\n<li >\n\t<a href='?page_no=18675'>Next<\/a>\n\t<\/li>\n\n\n    \n\n<li><a href='?page_no=51013'>Last &rsaquo;&rsaquo;<\/a><\/li>\n\n<\/ul>\n\n\n--><br \/>\n<\/body><\/p>\n","protected":false},"excerpt":{"rendered":"<p>(1)CUBA-HABANA-POLITICA-FIDEL CASTRO Imagen cedida por Cubadebate del expresidente cubano Fidel Castro (c), acompa\u00f1ado por su hermano, el presidente de Cuba, Ra\u00fal Castro (i), y el presidente de Venezuela, Nicol\u00e1s Maduro (d), presenciando un evento cultural para celebrar el cumplea\u00f1os 90 del l\u00edder de la Revoluci\u00f3n Cubana en el Teatro Karl Marx, en La Habana, capital [&hellip;]<\/p>\n","protected":false},"author":3,"featured_media":0,"comment_status":"open","ping_status":"open","sticky":false,"template":"","format":"standard","meta":{"footnotes":""},"categories":[23],"tags":[],"class_list":["post-249029","post","type-post","status-publish","format-standard","hentry","category-internacional"],"_links":{"self":[{"href":"https:\/\/diariodominicano.com\/index.php?rest_route=\/wp\/v2\/posts\/249029","targetHints":{"allow":["GET"]}}],"collection":[{"href":"https:\/\/diariodominicano.com\/index.php?rest_route=\/wp\/v2\/posts"}],"about":[{"href":"https:\/\/diariodominicano.com\/index.php?rest_route=\/wp\/v2\/types\/post"}],"author":[{"embeddable":true,"href":"https:\/\/diariodominicano.com\/index.php?rest_route=\/wp\/v2\/users\/3"}],"replies":[{"embeddable":true,"href":"https:\/\/diariodominicano.com\/index.php?rest_route=%2Fwp%2Fv2%2Fcomments&post=249029"}],"version-history":[{"count":0,"href":"https:\/\/diariodominicano.com\/index.php?rest_route=\/wp\/v2\/posts\/249029\/revisions"}],"wp:attachment":[{"href":"https:\/\/diariodominicano.com\/index.php?rest_route=%2Fwp%2Fv2%2Fmedia&parent=249029"}],"wp:term":[{"taxonomy":"category","embeddable":true,"href":"https:\/\/diariodominicano.com\/index.php?rest_route=%2Fwp%2Fv2%2Fcategories&post=249029"},{"taxonomy":"post_tag","embeddable":true,"href":"https:\/\/diariodominicano.com\/index.php?rest_route=%2Fwp%2Fv2%2Ftags&post=249029"}],"curies":[{"name":"wp","href":"https:\/\/api.w.org\/{rel}","templated":true}]}}