{"id":249026,"date":"2016-08-14T18:08:06","date_gmt":"2016-08-14T18:08:06","guid":{"rendered":"http:\/\/diariodominicano.ddns.net\/?p=249026"},"modified":"2016-08-14T18:08:06","modified_gmt":"2016-08-14T18:08:06","slug":"una-nueva-turquia-emerge-del-frustrado-golpe-de-estado-del-15-de-julio","status":"publish","type":"post","link":"https:\/\/diariodominicano.com\/?p=249026","title":{"rendered":"Una nueva Turqu\u00eda emerge del frustrado golpe de Estado del 15 de julio&#13;"},"content":{"rendered":"<p><body><\/p>\n<p><img decoding=\"async\" src=\"img3\/c9f816636df1f3b18ef94b9ba325e3e74aa3484f.jpg\" \/><br \/><img decoding=\"async\" src=\"img3\/fce6c4077d49856b1b23053afaf43d9db892c1b0.jpg\" \/><br \/><img decoding=\"async\" src=\"img3\/1c00ce289419ac4ea6958b56f11e47c8dee40e6b.jpg\" \/>  <\/p>\n<\/p>\n<p>AFP\/Archivos \/ Daniel Mihailescu<\/p>\n<p>J\u00f3venes turcos ondeando banderas de su pa\u00eds junto a una estatua del fundador de la Turqu\u00eda moderna, Mustaf\u00e1 Kemal Ataturk, el 16 de julio de 2016, al d\u00eda siguiente del intento de golpe de Estado<\/p>\n<p>El fallido golpe de Estado del 15 de julio en Turqu\u00eda dio paso a una purga masiva del ej\u00e9rcito y de las instituciones y abri\u00f3 la v\u00eda a una reorientaci\u00f3n diplom\u00e1tica de este pa\u00eds miembro de la OTAN.<\/p>\n<p>El presidente del pa\u00eds, el islamo-conservador Recep Tayyip Erdogan, sali\u00f3 airoso de la prueba y, con casi todas las llaves del poder en sus manos, parece decidido a lanzar uno de los procesos de cambio m\u00e1s importantes desde la fundaci\u00f3n de la rep\u00fablica en 1923.<\/p>\n<p>Queda por ver cu\u00e1les ser\u00e1n las consecuencias del se\u00edsmo pol\u00edtico en este pa\u00eds de 79 millones de habitantes, fronterizo con Grecia, Siria, Irak e Ir\u00e1n.<\/p>\n<p>La vida parece haber vuelto a su cauce en Estambul y Ankara, donde sus habitantes padecieron bombardeos de aviones de combate y de tanques la noche del golpe.<\/p>\n<p>Sin embargo, las enormes banderas nacionales izadas en los edificios p\u00fablicos, los omnipresentes paneles que celebran el fracaso de la intentona y los retratos de los \u00abm\u00e1rtires\u00bb fallecidos recuerdan que hay un antes y un despu\u00e9s de las 19H00 GMT del 15 de julio, cuando se inici\u00f3 el golpe.<\/p>\n<p>Las autoridades acusan a un predicador musulm\u00e1n exiliado en Estados Unidos, Fethullah G\u00fclen, de estar detr\u00e1s del intento de derrocar a Erdogan, su antes aliado.<\/p>\n<p>Desde entonces, casi la mitad de los generales fueron detenidos y destituidos.<\/p>\n<p>&#8211; El ej\u00e9rcito bajo el control de Erdogan &#8211;<\/p>\n<\/p>\n<p>AFP\/Archivos \/ Dimitar Dilkoff<\/p>\n<p>Simpatizantes del presidente turco, Recep Tayyip Erdogan, en una manifestaci\u00f3n con una bandera gigantesca de su pa\u00eds, el 17 de julio de 2016 ante la mezquita Kocatepe en Ankara<\/p>\n<p>A\u00fan m\u00e1s importante, Erdogan, que decret\u00f3 el estado de emergencia, puso bajo su mando y el del Gobierno a las fuerzas armadas, que en la segunda mitad del siglo XX lanzaron con \u00e9xito tres golpes de Estado.<\/p>\n<p>El Gobierno lleva a cabo un proceso \u00abrevolucionario\u00bb de refuerzo del poder civil, \u00abcon el objetivo de reducir a\u00fan m\u00e1s el papel de los militares\u00bb, escriben Metin Gurcan y Megan Gisclon en un documento publicado por el Centro Pol\u00edtico, un grupo de estudios de Estambul.<\/p>\n<p>Seg\u00fan estos investigadores, las autoridades tienen ahora la opci\u00f3n de continuar las reformas de una manera democr\u00e1tica o de imponer sus voluntades a los militares sin llevar a cabo ning\u00fan tipo de consulta. \u00abTurqu\u00eda se enfrenta a un estrat\u00e9gico momento crucial\u00bb, afirman.<\/p>\n<p>Las magnitud de las purgas le vali\u00f3 a Ankara cr\u00edticas de los pa\u00edses occidentales, que las equipararon a una caza de brujas. M\u00e1s de 81.000 funcionarios fueron despedidos y unas 35.000 personas fueron detenidas.<\/p>\n<p>Ankara rechaz\u00f3 las cr\u00edticas, acusando a Occidente de no mostrar su solidaridad con Turqu\u00eda. Los medios progubernamentales ven incluso la implicaci\u00f3n de Estados Unidos en el complot.<\/p>\n<p>Las relaciones entre Washington y Ankara podr\u00edan degradarse por el caso G\u00fclen, cuya extradici\u00f3n Turqu\u00eda reclama insistentemente.<\/p>\n<p>Adem\u00e1s, la candidatura de Turqu\u00eda a la UE atraviesa su peor crisis desde hace a\u00f1os, a causa de la represi\u00f3n desencadenada por Erdogan. Austria urgi\u00f3 incluso a paralizar las negociaciones de adhesi\u00f3n.<\/p>\n<p>\u00abEl golpe de Estado no fue de ninguna manera una prueba en la que fracasaron la UE o Estados Unidos (&#8230;) El test es para Turqu\u00eda, que tiene que reconstruirse de la mejor manera posible\u00bb, indica Marc Pierini, exembajador de la UE en Ankara e investigador de Carnegie Europe.<\/p>\n<\/p>\n<p>AFP\/Archivos \/ Daniel Mihailescu<\/p>\n<p>Un ni\u00f1o con una bandera con el rostro del fundador de la Turqu\u00eda moderna, Mustaf\u00e1 Kemal Ataturk, el 17 de julio de 2016 en una manifestaci\u00f3n en la plaza Taksim de Estambul para celebrar el fracaso del golpe de Estado<\/p>\n<p>Para Pierini, la campa\u00f1a antioccidental en Turqu\u00eda \u00abcomplicar\u00e1\u00bb estos asuntos.<\/p>\n<p>El rumbo prooccidental del pa\u00eds, miembro de la OTAN desde 1952, ha sido la piedra angular de su pol\u00edtica exterior.<\/p>\n<p>Aunque el viaje de Erdogan a Rusia, en su primera visita al extranjero tras el golpe frustrado, genera temores de un cambio de rumbo diplom\u00e1tico.<\/p>\n<p>Su encuentro con su hom\u00f3logo ruso, Vladimir Putin, sirvi\u00f3 adem\u00e1s para pasar p\u00e1gina de una crisis provocada por la destrucci\u00f3n de un avi\u00f3n ruso en el cielo turco.<\/p>\n<p>Erdogan, fr\u00edo con los pa\u00edses occidentales, dio las gracias, en cambio, a Putin por haberle expresado su apoyo y haber reactivado la cooperaci\u00f3n bilateral.<\/p>\n<p>\u00abContrariamente a los dirigentes occidentales, Putin aprovecha [la situaci\u00f3n] para restablecer las relaciones ruso-turcas\u00bb, declar\u00f3 Kemal Kirisci, de la Brookings Institution.<\/p>\n<h6> 2016-08-14 18:08:06 <\/h6>\n<p><!--\n<link rel=\"stylesheet\" href=\"css\/bootstrap.min.css\">\n\n\n<ul class=\"pagination\">\n\t    \n\t\n\n<li >\n\t<a href='?page_no=18670'>Previous<\/a>\n\t<\/li>\n\n\n       \n    \n\n<li><a href='?page_no=1'>1<\/a><\/li>\n\n\n\n<li><a href='?page_no=2'>2<\/a><\/li>\n\n\n\n<li><a>...<\/a><\/li>\n\n\n\n<li><a href='?page_no=18669'>18669<\/a><\/li>\n\n\n\n<li><a href='?page_no=18670'>18670<\/a><\/li>\n\n\n\n<li class='active'><a>18671<\/a><\/li>\n\n\n\n<li><a href='?page_no=18672'>18672<\/a><\/li>\n\n\n\n<li><a href='?page_no=18673'>18673<\/a><\/li>\n\n\n\n<li><a>...<\/a><\/li>\n\n\n\n<li><a href='?page_no=51012'>51012<\/a><\/li>\n\n\n\n<li><a href='?page_no=51013'>51013<\/a><\/li>\n\n    \n\t\n\n<li >\n\t<a href='?page_no=18672'>Next<\/a>\n\t<\/li>\n\n\n    \n\n<li><a href='?page_no=51013'>Last &rsaquo;&rsaquo;<\/a><\/li>\n\n<\/ul>\n\n\n--><br \/>\n<\/body><\/p>\n","protected":false},"excerpt":{"rendered":"<p>AFP\/Archivos \/ Daniel Mihailescu J\u00f3venes turcos ondeando banderas de su pa\u00eds junto a una estatua del fundador de la Turqu\u00eda moderna, Mustaf\u00e1 Kemal Ataturk, el 16 de julio de 2016, al d\u00eda siguiente del intento de golpe de Estado El fallido golpe de Estado del 15 de julio en Turqu\u00eda dio paso a una purga [&hellip;]<\/p>\n","protected":false},"author":3,"featured_media":0,"comment_status":"open","ping_status":"open","sticky":false,"template":"","format":"standard","meta":{"footnotes":""},"categories":[23],"tags":[],"class_list":["post-249026","post","type-post","status-publish","format-standard","hentry","category-internacional"],"_links":{"self":[{"href":"https:\/\/diariodominicano.com\/index.php?rest_route=\/wp\/v2\/posts\/249026","targetHints":{"allow":["GET"]}}],"collection":[{"href":"https:\/\/diariodominicano.com\/index.php?rest_route=\/wp\/v2\/posts"}],"about":[{"href":"https:\/\/diariodominicano.com\/index.php?rest_route=\/wp\/v2\/types\/post"}],"author":[{"embeddable":true,"href":"https:\/\/diariodominicano.com\/index.php?rest_route=\/wp\/v2\/users\/3"}],"replies":[{"embeddable":true,"href":"https:\/\/diariodominicano.com\/index.php?rest_route=%2Fwp%2Fv2%2Fcomments&post=249026"}],"version-history":[{"count":0,"href":"https:\/\/diariodominicano.com\/index.php?rest_route=\/wp\/v2\/posts\/249026\/revisions"}],"wp:attachment":[{"href":"https:\/\/diariodominicano.com\/index.php?rest_route=%2Fwp%2Fv2%2Fmedia&parent=249026"}],"wp:term":[{"taxonomy":"category","embeddable":true,"href":"https:\/\/diariodominicano.com\/index.php?rest_route=%2Fwp%2Fv2%2Fcategories&post=249026"},{"taxonomy":"post_tag","embeddable":true,"href":"https:\/\/diariodominicano.com\/index.php?rest_route=%2Fwp%2Fv2%2Ftags&post=249026"}],"curies":[{"name":"wp","href":"https:\/\/api.w.org\/{rel}","templated":true}]}}