{"id":249021,"date":"2016-08-15T08:49:25","date_gmt":"2016-08-15T08:49:25","guid":{"rendered":"http:\/\/diariodominicano.ddns.net\/?p=249021"},"modified":"2016-08-15T08:49:25","modified_gmt":"2016-08-15T08:49:25","slug":"despues-de-71-anos-espectro-militarista-persiste-en-japon","status":"publish","type":"post","link":"https:\/\/diariodominicano.com\/?p=249021","title":{"rendered":"Despu\u00e9s de 71 a\u00f1os, espectro militarista persiste en Jap\u00f3n"},"content":{"rendered":"<p><body><\/p>\n<p><img decoding=\"async\" src=\"img3\/japon2da.guerramun15-6.jpg\" \/>  <\/p>\n<p><span class=\"text1noticias\">Por Zhu Dongyang<\/span><\/p>\n<p><span class=\"text1noticias\"> <\/span><\/p>\n<p><span class=\"text1noticias\">     BEIJING, 15 ago (Xinhua) &#8212; Ya 71 a\u00f1os despu\u00e9s de la rendici\u00f3n de Jap\u00f3n en la Segunda Guerra Mundial, el espectro militarista persiste en ese pa\u00eds y la regi\u00f3n Asia-Pac\u00edfico.<\/span><\/p>\n<p><span class=\"text1noticias\"> <\/span><\/p>\n<p><span class=\"text1noticias\">     En su discurso durante una ceremonia este lunes para conmemorar el referido aniversario en Tokio, el primer ministro nip\u00f3n, Shinzo Abe, volvi\u00f3 a dejar escapar la oportunidad de ofrecer una disculpa sincera por las agresiones de su pa\u00eds durante la guerra en Asia, y tampoco se comprometi\u00f3 a no regresar a la guerra.<\/span><\/p>\n<p><span class=\"text1noticias\"> <\/span><\/p>\n<p><span class=\"text1noticias\">     Las declaraciones de Abe pueden ser interpretadas como una prueba m\u00e1s de su intenci\u00f3n de recuperar el poder constitucional para combatir en tierras for\u00e1neas.<\/span><\/p>\n<p><span class=\"text1noticias\"> <\/span><\/p>\n<p><span class=\"text1noticias\">     Sin embargo, las encuestas m\u00e1s recientes demuestran que casi la mitad del p\u00fablico general japon\u00e9s se opone a cualquier plan destinado al regreso de su pa\u00eds a la guerra.<\/span><\/p>\n<p><span class=\"text1noticias\"> <\/span><\/p>\n<p><span class=\"text1noticias\">     En una acci\u00f3n dirigida a manipular la opini\u00f3n p\u00fablica, Abe y su equipo est\u00e1n cultivando un sentimiento de temor entre el pueblo promoviendo la llamada \u00abamenaza de China\u00bb, provocando tensiones en el Mar Meridional de China y exagerando las disputas de las islas con Corea del Sur.<\/span><\/p>\n<p><span class=\"text1noticias\"> <\/span><\/p>\n<p><span class=\"text1noticias\">     En su disputa mar\u00edtima con Beijing en el Mar Oriental de China, Tokio busca fortalecer su postura militar en el \u00e1rea mediante el desarrollo de un nuevo misil tierra-mar como disuasi\u00f3n a lo que Jap\u00f3n llama \u00abintromisiones chinas\u00bb en las aguas alrededor de las Islas Diaoyu.<\/span><\/p>\n<p><span class=\"text1noticias\"> <\/span><\/p>\n<p><span class=\"text1noticias\">     Considerando que los islotes son parte del territorio soberano de China, la acci\u00f3n de Jap\u00f3n no sirve m\u00e1s que de otra excusa para la militarizaci\u00f3n de la regi\u00f3n, y pondr\u00e1 m\u00e1s obst\u00e1culos en el camino a futuros intentos para resolver las disputas de manera pac\u00edfica.<\/span><\/p>\n<p><span class=\"text1noticias\"> <\/span><\/p>\n<p><span class=\"text1noticias\">     Al crear turbulencias en la regi\u00f3n, Tokio intenta desempe\u00f1ar el rol de inocente. Por un lado, Abe acusa a otros pa\u00edses de rehusarse a dialogar con \u00e9l para reducir las tensiones. Por el otro, sus provocaciones contin\u00faan sobre los sensibles temas hist\u00f3ricos, y se niega a disculparse por las atrocidades cometidas por su pa\u00eds en los tiempos de guerra.<\/span><\/p>\n<p><span class=\"text1noticias\"> <\/span><\/p>\n<p><span class=\"text1noticias\">     Pese a saber que resulta extremadamente ofensivo para los vecinos de Jap\u00f3n, Abe contin\u00faa ofreciendo ofrendas rituales al santuario Yasukuni, un s\u00edmbolo del militarismo de Tokio durante la guerra, en un d\u00eda en que deber\u00eda haberse arrepentido por los cr\u00edmenes del pa\u00eds en el pasado.<\/span><\/p>\n<p><span class=\"text1noticias\"> <\/span><\/p>\n<p><span class=\"text1noticias\">     Este lunes, dos altos pol\u00edticos japoneses, Koichi Hagiuda, subsecretario jefe del Gabinete, y el ex ministro de Defensa Gen Nakatani, visitaron el santuario donde se rinde tributo a 14 criminales de guerra convictos de Clase A.<\/span><\/p>\n<p><span class=\"text1noticias\"> <\/span><\/p>\n<p><span class=\"text1noticias\">     Mientras, el actual gobierno japon\u00e9s a\u00fan utiliza su alianza con Washington como una autopista para lograr sus objetivos. Y para mantener un papel dominante en Asia-Pac\u00edfico, Estados Unidos usa a Jap\u00f3n como contrapeso del crecimiento de China y hace gui\u00f1os a las acciones irresponsables de Tokio.<\/span><\/p>\n<p><span class=\"text1noticias\"> <\/span><\/p>\n<p><span class=\"text1noticias\">     Pero Washington necesita saber que un Jap\u00f3n derechista y ultranacionalista no estar\u00e1 satisfecho con mantenerse de t\u00edtere de EEUU en la regi\u00f3n. El esquema de Washington podr\u00eda eventualmente volverse en su contra.<\/span><\/p>\n<p><span class=\"text1noticias\"> <\/span><\/p>\n<p><span class=\"text1noticias\">     Este es el momento para que los vecinos de Jap\u00f3n se mantengan unidos y tomen todas la medidas para garantizar que Jap\u00f3n se comporte seg\u00fan las leyes establecidas por la comunidad internacional despu\u00e9s de la Segunda Guerra Mundial.<\/span><\/p>\n<p><span class=\"text1noticias\"> <\/span><\/p>\n<p><span class=\"text1noticias\">     El pueblo japon\u00e9s amante de la paz debe tambi\u00e9n permanecer alerta sobre los complots de la derecha para desafiar la paz y la estabilidad regionales.<\/span><\/p>\n<p><span class=\"text1noticias\"> <\/span><\/p>\n<p><span class=\"text1noticias\">     Tambi\u00e9n en su discurso del lunes, Abe dijo que Jap\u00f3n deseaba contribuir a la paz mundial. Bien, si Abe realmente as\u00ed lo desea, entonces transmitir una disculpa ser\u00eda un<\/span> buen comienzo.<\/p>\n<h6> 2016-08-15 08:49:25 <\/h6>\n<p><!--\n<link rel=\"stylesheet\" href=\"css\/bootstrap.min.css\">\n\n\n<ul class=\"pagination\">\n\t    \n\t\n\n<li >\n\t<a href='?page_no=18665'>Previous<\/a>\n\t<\/li>\n\n\n       \n    \n\n<li><a href='?page_no=1'>1<\/a><\/li>\n\n\n\n<li><a href='?page_no=2'>2<\/a><\/li>\n\n\n\n<li><a>...<\/a><\/li>\n\n\n\n<li><a href='?page_no=18664'>18664<\/a><\/li>\n\n\n\n<li><a href='?page_no=18665'>18665<\/a><\/li>\n\n\n\n<li class='active'><a>18666<\/a><\/li>\n\n\n\n<li><a href='?page_no=18667'>18667<\/a><\/li>\n\n\n\n<li><a href='?page_no=18668'>18668<\/a><\/li>\n\n\n\n<li><a>...<\/a><\/li>\n\n\n\n<li><a href='?page_no=51012'>51012<\/a><\/li>\n\n\n\n<li><a href='?page_no=51013'>51013<\/a><\/li>\n\n    \n\t\n\n<li >\n\t<a href='?page_no=18667'>Next<\/a>\n\t<\/li>\n\n\n    \n\n<li><a href='?page_no=51013'>Last &rsaquo;&rsaquo;<\/a><\/li>\n\n<\/ul>\n\n\n--><br \/>\n<\/body><\/p>\n","protected":false},"excerpt":{"rendered":"<p>Por Zhu Dongyang BEIJING, 15 ago (Xinhua) &#8212; Ya 71 a\u00f1os despu\u00e9s de la rendici\u00f3n de Jap\u00f3n en la Segunda Guerra Mundial, el espectro militarista persiste en ese pa\u00eds y la regi\u00f3n Asia-Pac\u00edfico. En su discurso durante una ceremonia este lunes para conmemorar el referido aniversario en Tokio, el primer ministro nip\u00f3n, Shinzo Abe, volvi\u00f3 [&hellip;]<\/p>\n","protected":false},"author":3,"featured_media":0,"comment_status":"open","ping_status":"open","sticky":false,"template":"","format":"standard","meta":{"footnotes":""},"categories":[23],"tags":[],"class_list":["post-249021","post","type-post","status-publish","format-standard","hentry","category-internacional"],"_links":{"self":[{"href":"https:\/\/diariodominicano.com\/index.php?rest_route=\/wp\/v2\/posts\/249021","targetHints":{"allow":["GET"]}}],"collection":[{"href":"https:\/\/diariodominicano.com\/index.php?rest_route=\/wp\/v2\/posts"}],"about":[{"href":"https:\/\/diariodominicano.com\/index.php?rest_route=\/wp\/v2\/types\/post"}],"author":[{"embeddable":true,"href":"https:\/\/diariodominicano.com\/index.php?rest_route=\/wp\/v2\/users\/3"}],"replies":[{"embeddable":true,"href":"https:\/\/diariodominicano.com\/index.php?rest_route=%2Fwp%2Fv2%2Fcomments&post=249021"}],"version-history":[{"count":0,"href":"https:\/\/diariodominicano.com\/index.php?rest_route=\/wp\/v2\/posts\/249021\/revisions"}],"wp:attachment":[{"href":"https:\/\/diariodominicano.com\/index.php?rest_route=%2Fwp%2Fv2%2Fmedia&parent=249021"}],"wp:term":[{"taxonomy":"category","embeddable":true,"href":"https:\/\/diariodominicano.com\/index.php?rest_route=%2Fwp%2Fv2%2Fcategories&post=249021"},{"taxonomy":"post_tag","embeddable":true,"href":"https:\/\/diariodominicano.com\/index.php?rest_route=%2Fwp%2Fv2%2Ftags&post=249021"}],"curies":[{"name":"wp","href":"https:\/\/api.w.org\/{rel}","templated":true}]}}