{"id":249020,"date":"2016-08-15T09:07:34","date_gmt":"2016-08-15T09:07:34","guid":{"rendered":"http:\/\/diariodominicano.ddns.net\/?p=249020"},"modified":"2016-08-15T09:07:34","modified_gmt":"2016-08-15T09:07:34","slug":"china-conmemora-el-71o-aniversario-del-fin-de-la-segunda-guerra-mundial","status":"publish","type":"post","link":"https:\/\/diariodominicano.com\/?p=249020","title":{"rendered":"China conmemora el 71\u00ba aniversario del fin de la Segunda Guerra Mundial"},"content":{"rendered":"<p><body><\/p>\n<p><span class=\"text1noticias\"> BEIJING, 15 ago (Xinhua) &#8212; El 71\u00ba aniversario del fin de la Segunda Guerra Mundial se ha conmemorado hoy lunes en toda China y las v\u00edctimas de la guerra han sido recordadas a lo largo y ancho del pa\u00eds.<\/span><\/p>\n<p><span class=\"text1noticias\"> <\/span><\/p>\n<p><span class=\"text1noticias\">     Personas de China, Jap\u00f3n y la Rep\u00fablica de Corea asistieron a la asamblea de la paz anual celebrada en Nanjing, en la que se conmemora la victoria de China en la guerra de resistencia contra la agresi\u00f3n japonesa.<\/span><\/p>\n<p><span class=\"text1noticias\"> <\/span><\/p>\n<p><span class=\"text1noticias\">     Representantes de los tres pa\u00edses recitaron hoy lunes una declaraci\u00f3n de paz en el Pabell\u00f3n Conmemorativo de V\u00edctimas de la Masacre de Nanjing, capital de la provincia oriental china de Jiangsu.<\/span><\/p>\n<p><span class=\"text1noticias\"> <\/span><\/p>\n<p><span class=\"text1noticias\">     El 13 de diciembre de 1937 las tropas invasoras japonesas empezaron una campa\u00f1a de destrucci\u00f3n, saqueo, violaciones y masacres de seis semanas en la ciudad de Nanjing. M\u00e1s de 300.000 chinos, entre ellos militares desarmados y ciudadanos inocentes, fueron asesinados.<\/span><\/p>\n<p><span class=\"text1noticias\"> <\/span><\/p>\n<p><span class=\"text1noticias\">     El a\u00f1o 2016 marca el 71\u00ba aniversario de la conclusi\u00f3n de la guerra. Las organizaciones no gubernamentales (ONG) dedicadas a la paz de todo el mundo se re\u00fanen cada a\u00f1o alrededor del 15 de agosto en Nanjing para conmemorar a las v\u00edctimas.<\/span><\/p>\n<p><span class=\"text1noticias\"> <\/span><\/p>\n<p><span class=\"text1noticias\">     Miyauchi Yoko, directora de una ONG contra la guerra con sede en Kobe (Jap\u00f3n), dijo que el calor veraniego de Nanjing le record\u00f3 la brutalidad que sufrieron los chinos durante la guerra, lo que la motiv\u00f3 para hacer todo lo posible junto a sus colegas para impedir que una tragedia como aquella se repita.<\/span><\/p>\n<p><span class=\"text1noticias\"> <\/span><\/p>\n<p><span class=\"text1noticias\">     En Harbin, un a\u00f1o despu\u00e9s de que se inaugurase el Museo de Evidencias de Cr\u00edmenes de Guerra de la Unidad 731 del Ej\u00e9rcito Japon\u00e9s en el lugar del que fue el cuartel general de esta unidad, los visitantes llegaron a 950.000, tres veces el n\u00famero anterior a la apertura del centro.<\/span><\/p>\n<p><span class=\"text1noticias\"> <\/span><\/p>\n<p><span class=\"text1noticias\">     La unidad 731 era una base de investigaci\u00f3n de guerra biol\u00f3gica y qu\u00edmica que se cre\u00f3 en 1935.<\/span><\/p>\n<p><span class=\"text1noticias\"> <\/span><\/p>\n<p><span class=\"text1noticias\">     El director del museo, Jin Chengmin, indic\u00f3 que contiene muchos documentos hist\u00f3ricos y que en torno al 10 por ciento de los visitantes proceden del extranjero.<\/span><\/p>\n<p><span class=\"text1noticias\"> <\/span><\/p>\n<p><span class=\"text1noticias\">     En Shanghai, se public\u00f3 por primera vez el \u00abLa transcripci\u00f3n de los procedimientos del Tribunal Militar Internacional para el Lejano Oriente\u00bb, que se prev\u00e9 que se presente en la Feria del Libro de Shanghai el martes.<\/span><\/p>\n<p><span class=\"text1noticias\"> <\/span><\/p>\n<p><span class=\"text1noticias\">     El libro selecciona y traduce secciones referidas a China de un libro en ingl\u00e9s anterior sobre el tribunal militar. Fue publicado conjuntamente por la Editorial de la Universidad Jiaotong de Shanghai y la Casa Editorial de la Biblioteca Nacional de China.<\/span><\/p>\n<p><span class=\"text1noticias\"> <\/span><\/p>\n<p><span class=\"text1noticias\">     El director honor\u00edfico del Centro para Estudios del Juicio de Tokio de Shanghai, de la Universidad Jiaotong, Xiang Longwan, manifest\u00f3 que el Juicio de Tokio tiene un importante significado para las relaciones internacionales en la actualidad.<\/span><\/p>\n<p><span class=\"text1noticias\"> <\/span><\/p>\n<p><span class=\"text1noticias\">     \u00abCon suerte, el libro se convertir\u00e1 en material com\u00fan para los estudios futuros sobre el juici<\/span>o\u00bb, se\u00f1al\u00f3. <\/p>\n<h6> 2016-08-15 09:07:34 <\/h6>\n<p><!--\n<link rel=\"stylesheet\" href=\"css\/bootstrap.min.css\">\n\n\n<ul class=\"pagination\">\n\t    \n\t\n\n<li >\n\t<a href='?page_no=18664'>Previous<\/a>\n\t<\/li>\n\n\n       \n    \n\n<li><a href='?page_no=1'>1<\/a><\/li>\n\n\n\n<li><a href='?page_no=2'>2<\/a><\/li>\n\n\n\n<li><a>...<\/a><\/li>\n\n\n\n<li><a href='?page_no=18663'>18663<\/a><\/li>\n\n\n\n<li><a href='?page_no=18664'>18664<\/a><\/li>\n\n\n\n<li class='active'><a>18665<\/a><\/li>\n\n\n\n<li><a href='?page_no=18666'>18666<\/a><\/li>\n\n\n\n<li><a href='?page_no=18667'>18667<\/a><\/li>\n\n\n\n<li><a>...<\/a><\/li>\n\n\n\n<li><a href='?page_no=51012'>51012<\/a><\/li>\n\n\n\n<li><a href='?page_no=51013'>51013<\/a><\/li>\n\n    \n\t\n\n<li >\n\t<a href='?page_no=18666'>Next<\/a>\n\t<\/li>\n\n\n    \n\n<li><a href='?page_no=51013'>Last &rsaquo;&rsaquo;<\/a><\/li>\n\n<\/ul>\n\n\n--><br \/>\n<\/body><\/p>\n","protected":false},"excerpt":{"rendered":"<p>BEIJING, 15 ago (Xinhua) &#8212; El 71\u00ba aniversario del fin de la Segunda Guerra Mundial se ha conmemorado hoy lunes en toda China y las v\u00edctimas de la guerra han sido recordadas a lo largo y ancho del pa\u00eds. Personas de China, Jap\u00f3n y la Rep\u00fablica de Corea asistieron a la asamblea de la paz [&hellip;]<\/p>\n","protected":false},"author":3,"featured_media":0,"comment_status":"open","ping_status":"open","sticky":false,"template":"","format":"standard","meta":{"footnotes":""},"categories":[23],"tags":[],"class_list":["post-249020","post","type-post","status-publish","format-standard","hentry","category-internacional"],"_links":{"self":[{"href":"https:\/\/diariodominicano.com\/index.php?rest_route=\/wp\/v2\/posts\/249020","targetHints":{"allow":["GET"]}}],"collection":[{"href":"https:\/\/diariodominicano.com\/index.php?rest_route=\/wp\/v2\/posts"}],"about":[{"href":"https:\/\/diariodominicano.com\/index.php?rest_route=\/wp\/v2\/types\/post"}],"author":[{"embeddable":true,"href":"https:\/\/diariodominicano.com\/index.php?rest_route=\/wp\/v2\/users\/3"}],"replies":[{"embeddable":true,"href":"https:\/\/diariodominicano.com\/index.php?rest_route=%2Fwp%2Fv2%2Fcomments&post=249020"}],"version-history":[{"count":0,"href":"https:\/\/diariodominicano.com\/index.php?rest_route=\/wp\/v2\/posts\/249020\/revisions"}],"wp:attachment":[{"href":"https:\/\/diariodominicano.com\/index.php?rest_route=%2Fwp%2Fv2%2Fmedia&parent=249020"}],"wp:term":[{"taxonomy":"category","embeddable":true,"href":"https:\/\/diariodominicano.com\/index.php?rest_route=%2Fwp%2Fv2%2Fcategories&post=249020"},{"taxonomy":"post_tag","embeddable":true,"href":"https:\/\/diariodominicano.com\/index.php?rest_route=%2Fwp%2Fv2%2Ftags&post=249020"}],"curies":[{"name":"wp","href":"https:\/\/api.w.org\/{rel}","templated":true}]}}