{"id":249019,"date":"2016-08-15T09:15:21","date_gmt":"2016-08-15T09:15:21","guid":{"rendered":"http:\/\/diariodominicano.ddns.net\/?p=249019"},"modified":"2016-08-15T09:15:21","modified_gmt":"2016-08-15T09:15:21","slug":"rusia-y-alemania-piden-enfocarse-en-proceso-de-paz-en-ucrania","status":"publish","type":"post","link":"https:\/\/diariodominicano.com\/?p=249019","title":{"rendered":"Rusia y Alemania piden enfocarse en proceso de paz en Ucrania"},"content":{"rendered":"<p><body><\/p>\n<p><span class=\"text1noticias\">    EKATERIMBURGO, Rusia, 15 ago (Xinhua) &#8212; Rusia y Alemania pidieron hoy a todas las partes enfocarse en la implementaci\u00f3n de los acuerdos de Minsk sobre Ucrania a pesar de las tensiones recientes en Crimea.<\/span><\/p>\n<p><span class=\"text1noticias\"> <\/span><\/p>\n<p><span class=\"text1noticias\">    \u00abInsisto en concentrarse en el retorno de la situaci\u00f3n general en todos sus aspectos, incluida la seguridad y la soluci\u00f3n pol\u00edtica, para la continuaci\u00f3n y la esencia de los acuerdos de Minsk\u00bb, dijo el ministro ruso de Relaciones Exteriores, Sergei Lavrov, en una rueda de prensa con su hom\u00f3logo alem\u00e1n, Frank-Walter Steinmeier, en la ciudad de Ekaterimburbo, en los Urales.<\/span><\/p>\n<p><span class=\"text1noticias\"> <\/span><\/p>\n<p><span class=\"text1noticias\">     Lavrov pidi\u00f3 a todas las partes involucradas no \u00abceder a la emoci\u00f3n\u00bb ni a las \u00abopciones extremas\u00bb, sino enfocarse en la estabilizaci\u00f3n de la situaci\u00f3n.<\/span><\/p>\n<p><span class=\"text1noticias\"> <\/span><\/p>\n<p><span class=\"text1noticias\">     Por su parte, Steinmeier dijo que es necesario conservar los acuerdos de Minsk.<\/span><\/p>\n<p><span class=\"text1noticias\"> <\/span><\/p>\n<p><span class=\"text1noticias\">     \u00abLos acuerdos de Minsk siguen siendo nuestra directriz para la soluci\u00f3n al conflicto\u00bb, dijo Steinmeier.<\/span><\/p>\n<p><span class=\"text1noticias\"> <\/span><\/p>\n<p><span class=\"text1noticias\">     Los acuerdos de Minsk, firmados en febrero de 2015 en la capital bielorrusa de Minsk, tienen el objetivo de solucionar de forma pac\u00edfica los conflictos en el este de Ucrania.<\/span><\/p>\n<p><span class=\"text1noticias\"> <\/span><\/p>\n<p><span class=\"text1noticias\">     Las tensiones ruso-ucranianas se han intensificado desde el mi\u00e9rcoles, cuando el Bur\u00f3 Federal de Seguridad ruso dijo que hab\u00eda frustrado una serie de ataques terroristas en Crimea tramados por la inteligencia militar ucraniana. La parte ucraniana desminti\u00f3 la acusaci\u00f3n.<\/span><\/p>\n<p><span class=\"text1noticias\"> <\/span><\/p>\n<p><span class=\"text1noticias\">     El presidente ruso, Vladimir Putin, prometi\u00f3 medidas adicionales para garantizar la seguridad de la infraestructura y ciudadanos en la pen\u00ednsula. El Ministerio de Defensa ruso dijo el viernes que un regimiento antimisiles a\u00e9reos apostado en Crimea recibi\u00f3 un nuevo sistema antimisiles de defensa a\u00e9rea S-400 Triumf.<\/span><\/p>\n<p><span class=\"text1noticias\"> <\/span><\/p>\n<p><span class=\"text1noticias\">     Mosc\u00fa no est\u00e1 interesado en romper relaciones diplom\u00e1ticas con Kiev, como sugiri\u00f3 el viernes el primer ministro ruso, Dmitry Medvedev, indic\u00f3 Lavrov. \u00ab\u00c9sa ser\u00eda una medida extrema\u00bb, afirm\u00f3.<\/span><\/p>\n<p><span class=\"text1noticias\"> <\/span><\/p>\n<p><span class=\"text1noticias\">     Sin embargo, el canciller ruso dijo que su pa\u00eds tomar\u00eda medidas exhaustivas para \u00abcortar de ra\u00edz\u00bb cualquier intento de invadir territorio ruso.<\/span><\/p>\n<p><span class=\"text1noticias\"> <\/span><\/p>\n<p><span class=\"text1noticias\">     Crimea, previamente parte de Ucrania, fue incorporada a Rusia en 2014 despu\u00e9s de un refer\u00e9ndum, cuyo resultado fue reconocido por Mosc\u00fa pero rechazado por Ucrania y las potencias occ<\/span>identales.<\/p>\n<h6> 2016-08-15 09:15:21 <\/h6>\n<p><!--\n<link rel=\"stylesheet\" href=\"css\/bootstrap.min.css\">\n\n\n<ul class=\"pagination\">\n\t    \n\t\n\n<li >\n\t<a href='?page_no=18663'>Previous<\/a>\n\t<\/li>\n\n\n       \n    \n\n<li><a href='?page_no=1'>1<\/a><\/li>\n\n\n\n<li><a href='?page_no=2'>2<\/a><\/li>\n\n\n\n<li><a>...<\/a><\/li>\n\n\n\n<li><a href='?page_no=18662'>18662<\/a><\/li>\n\n\n\n<li><a href='?page_no=18663'>18663<\/a><\/li>\n\n\n\n<li class='active'><a>18664<\/a><\/li>\n\n\n\n<li><a href='?page_no=18665'>18665<\/a><\/li>\n\n\n\n<li><a href='?page_no=18666'>18666<\/a><\/li>\n\n\n\n<li><a>...<\/a><\/li>\n\n\n\n<li><a href='?page_no=51012'>51012<\/a><\/li>\n\n\n\n<li><a href='?page_no=51013'>51013<\/a><\/li>\n\n    \n\t\n\n<li >\n\t<a href='?page_no=18665'>Next<\/a>\n\t<\/li>\n\n\n    \n\n<li><a href='?page_no=51013'>Last &rsaquo;&rsaquo;<\/a><\/li>\n\n<\/ul>\n\n\n--><br \/>\n<\/body><\/p>\n","protected":false},"excerpt":{"rendered":"<p>EKATERIMBURGO, Rusia, 15 ago (Xinhua) &#8212; Rusia y Alemania pidieron hoy a todas las partes enfocarse en la implementaci\u00f3n de los acuerdos de Minsk sobre Ucrania a pesar de las tensiones recientes en Crimea. \u00abInsisto en concentrarse en el retorno de la situaci\u00f3n general en todos sus aspectos, incluida la seguridad y la soluci\u00f3n pol\u00edtica, [&hellip;]<\/p>\n","protected":false},"author":3,"featured_media":0,"comment_status":"open","ping_status":"open","sticky":false,"template":"","format":"standard","meta":{"footnotes":""},"categories":[23],"tags":[],"class_list":["post-249019","post","type-post","status-publish","format-standard","hentry","category-internacional"],"_links":{"self":[{"href":"https:\/\/diariodominicano.com\/index.php?rest_route=\/wp\/v2\/posts\/249019","targetHints":{"allow":["GET"]}}],"collection":[{"href":"https:\/\/diariodominicano.com\/index.php?rest_route=\/wp\/v2\/posts"}],"about":[{"href":"https:\/\/diariodominicano.com\/index.php?rest_route=\/wp\/v2\/types\/post"}],"author":[{"embeddable":true,"href":"https:\/\/diariodominicano.com\/index.php?rest_route=\/wp\/v2\/users\/3"}],"replies":[{"embeddable":true,"href":"https:\/\/diariodominicano.com\/index.php?rest_route=%2Fwp%2Fv2%2Fcomments&post=249019"}],"version-history":[{"count":0,"href":"https:\/\/diariodominicano.com\/index.php?rest_route=\/wp\/v2\/posts\/249019\/revisions"}],"wp:attachment":[{"href":"https:\/\/diariodominicano.com\/index.php?rest_route=%2Fwp%2Fv2%2Fmedia&parent=249019"}],"wp:term":[{"taxonomy":"category","embeddable":true,"href":"https:\/\/diariodominicano.com\/index.php?rest_route=%2Fwp%2Fv2%2Fcategories&post=249019"},{"taxonomy":"post_tag","embeddable":true,"href":"https:\/\/diariodominicano.com\/index.php?rest_route=%2Fwp%2Fv2%2Ftags&post=249019"}],"curies":[{"name":"wp","href":"https:\/\/api.w.org\/{rel}","templated":true}]}}