{"id":249018,"date":"2016-08-15T09:31:32","date_gmt":"2016-08-15T09:31:32","guid":{"rendered":"http:\/\/diariodominicano.ddns.net\/?p=249018"},"modified":"2016-08-15T09:31:32","modified_gmt":"2016-08-15T09:31:32","slug":"abaten-a-comandante-taliban-en-nortena-provincia-afgana-de-kunduz","status":"publish","type":"post","link":"https:\/\/diariodominicano.com\/?p=249018","title":{"rendered":"Abaten a comandante talib\u00e1n en norte\u00f1a provincia afgana de Kunduz"},"content":{"rendered":"<p><body><\/p>\n<p><span class=\"text1noticias\">  KUNDUZ, Afganist\u00e1n, 15 ago (Xinhua) &#8212; El comandante talib\u00e1n Mullah Asmatullah fue abatido la ma\u00f1ana de este lunes en la provincia norte\u00f1a afgana de Kunduz, junto a dos de sus guardaespaldas, confirm\u00f3 la polic\u00eda local.<\/span><\/p>\n<p><span class=\"text1noticias\"> <\/span><\/p>\n<p><span class=\"text1noticias\">     \u00abActuando sobre la base de la informaci\u00f3n de inteligencia, Afganist\u00e1n y la misi\u00f3n Apoyo Decidido, liderada por la OTAN (Organizaci\u00f3n del Tratado del Atl\u00e1ntico Norte), lanzaron una operaci\u00f3n especial la ma\u00f1ana del lunes por tierra y aire en Hazrat-e-Sultan, localidad situada en las afueras de la capital provincial de Kunduz, en la cual murieron Mullah Asmatullah y dos guardaespaldas en el lugar\u00bb, precis\u00f3 a Xinhua un oficial de la polic\u00eda que prefiri\u00f3 permanecer en el anonimato.<\/span><\/p>\n<p><span class=\"text1noticias\"> <\/span><\/p>\n<p><span class=\"text1noticias\">     Por su parte, Abdul Khalil, portavoz provincial del ej\u00e9rcito, confirm\u00f3 a la prensa la muerte de Mullah Asmatullah y declar\u00f3 que su escondite fue atacado durante operaciones conjuntas realizadas por Afganist\u00e1n y las fuerzas de la coalici\u00f3n extranjera a la 01:00 a.m. hora local del lunes, en las que fueron abatidos el comandante y otros dos milicianos armados y se destruy\u00f3 una gran cantidad de armas y municiones, incluidos varios chalecos suicidas.<\/span><\/p>\n<p><span class=\"text1noticias\"> <\/span><\/p>\n<p><span class=\"text1noticias\">     Seg\u00fan el oficial, Mullah Asmatullah era un comandante talib\u00e1n clave que organiz\u00f3 ataques suicidas, explosiones en las carreteras y secuestros de funcionarios gubernamentales para aterrorizar a la gente.<\/span><\/p>\n<p><span class=\"text1noticias\"> <\/span><\/p>\n<p><span class=\"text1noticias\">     Los milicianos talibanes, activos en diversas partes de la provincia de Kunduz, todav\u00eda no se han pronunciado al respec<\/span>to. <\/p>\n<h6> 2016-08-15 09:31:32 <\/h6>\n<p><!--\n<link rel=\"stylesheet\" href=\"css\/bootstrap.min.css\">\n\n\n<ul class=\"pagination\">\n\t    \n\t\n\n<li >\n\t<a href='?page_no=18662'>Previous<\/a>\n\t<\/li>\n\n\n       \n    \n\n<li><a href='?page_no=1'>1<\/a><\/li>\n\n\n\n<li><a href='?page_no=2'>2<\/a><\/li>\n\n\n\n<li><a>...<\/a><\/li>\n\n\n\n<li><a href='?page_no=18661'>18661<\/a><\/li>\n\n\n\n<li><a href='?page_no=18662'>18662<\/a><\/li>\n\n\n\n<li class='active'><a>18663<\/a><\/li>\n\n\n\n<li><a href='?page_no=18664'>18664<\/a><\/li>\n\n\n\n<li><a href='?page_no=18665'>18665<\/a><\/li>\n\n\n\n<li><a>...<\/a><\/li>\n\n\n\n<li><a href='?page_no=51012'>51012<\/a><\/li>\n\n\n\n<li><a href='?page_no=51013'>51013<\/a><\/li>\n\n    \n\t\n\n<li >\n\t<a href='?page_no=18664'>Next<\/a>\n\t<\/li>\n\n\n    \n\n<li><a href='?page_no=51013'>Last &rsaquo;&rsaquo;<\/a><\/li>\n\n<\/ul>\n\n\n--><br \/>\n<\/body><\/p>\n","protected":false},"excerpt":{"rendered":"<p>KUNDUZ, Afganist\u00e1n, 15 ago (Xinhua) &#8212; El comandante talib\u00e1n Mullah Asmatullah fue abatido la ma\u00f1ana de este lunes en la provincia norte\u00f1a afgana de Kunduz, junto a dos de sus guardaespaldas, confirm\u00f3 la polic\u00eda local. \u00abActuando sobre la base de la informaci\u00f3n de inteligencia, Afganist\u00e1n y la misi\u00f3n Apoyo Decidido, liderada por la OTAN (Organizaci\u00f3n [&hellip;]<\/p>\n","protected":false},"author":3,"featured_media":0,"comment_status":"open","ping_status":"open","sticky":false,"template":"","format":"standard","meta":{"footnotes":""},"categories":[23],"tags":[],"class_list":["post-249018","post","type-post","status-publish","format-standard","hentry","category-internacional"],"_links":{"self":[{"href":"https:\/\/diariodominicano.com\/index.php?rest_route=\/wp\/v2\/posts\/249018","targetHints":{"allow":["GET"]}}],"collection":[{"href":"https:\/\/diariodominicano.com\/index.php?rest_route=\/wp\/v2\/posts"}],"about":[{"href":"https:\/\/diariodominicano.com\/index.php?rest_route=\/wp\/v2\/types\/post"}],"author":[{"embeddable":true,"href":"https:\/\/diariodominicano.com\/index.php?rest_route=\/wp\/v2\/users\/3"}],"replies":[{"embeddable":true,"href":"https:\/\/diariodominicano.com\/index.php?rest_route=%2Fwp%2Fv2%2Fcomments&post=249018"}],"version-history":[{"count":0,"href":"https:\/\/diariodominicano.com\/index.php?rest_route=\/wp\/v2\/posts\/249018\/revisions"}],"wp:attachment":[{"href":"https:\/\/diariodominicano.com\/index.php?rest_route=%2Fwp%2Fv2%2Fmedia&parent=249018"}],"wp:term":[{"taxonomy":"category","embeddable":true,"href":"https:\/\/diariodominicano.com\/index.php?rest_route=%2Fwp%2Fv2%2Fcategories&post=249018"},{"taxonomy":"post_tag","embeddable":true,"href":"https:\/\/diariodominicano.com\/index.php?rest_route=%2Fwp%2Fv2%2Ftags&post=249018"}],"curies":[{"name":"wp","href":"https:\/\/api.w.org\/{rel}","templated":true}]}}