{"id":249016,"date":"2016-08-15T10:18:39","date_gmt":"2016-08-15T10:18:39","guid":{"rendered":"http:\/\/diariodominicano.ddns.net\/?p=249016"},"modified":"2016-08-15T10:18:39","modified_gmt":"2016-08-15T10:18:39","slug":"coche-bomba-contra-estacion-de-policia-turca-deja-3-muertos-y-25-heridos","status":"publish","type":"post","link":"https:\/\/diariodominicano.com\/?p=249016","title":{"rendered":"Coche bomba contra estaci\u00f3n de polic\u00eda turca deja 3 muertos y 25 heridos"},"content":{"rendered":"<p><body><\/p>\n<p><span class=\"text1noticias\">  ANKARA, 15 ago (Xinhua) &#8212; Dos oficiales de polic\u00eda y un civil murieron y 25 personas, entre ellas ocho polic\u00edas, resultaron heridas cuando un coche bomba fue hecho detonar cerca de una estaci\u00f3n de la polic\u00eda de tr\u00e1nsito en la provincia de Diyarbakir, sudeste de Turqu\u00eda.<\/span><\/p>\n<p><span class=\"text1noticias\"> <\/span><\/p>\n<p><span class=\"text1noticias\">     El ataque se llev\u00f3 a cabo en la estaci\u00f3n de polic\u00eda en Sukurlu, una aldea en Diyarbakir, inform\u00f3 la Agencia de Noticias Dogan.<\/span><\/p>\n<p><span class=\"text1noticias\"> <\/span><\/p>\n<p><span class=\"text1noticias\">     Milicianos del proscrito Partido de los Trabajadores del Kurdist\u00e1n (PKK) lanzaron el ataque, dijo la Agencia Estatal Anadolu.<\/span><\/p>\n<p><span class=\"text1noticias\"> <\/span><\/p>\n<p><span class=\"text1noticias\">     M\u00e1s de 500 miembros de las fuerzas de seguridad turcas y miles de miembros del PKK han muerto en enfrentamientos dentro de Turqu\u00eda y en el norte de Irak desde julio pasado.<\/span><\/p>\n<p><span class=\"text1noticias\"> <\/span><\/p>\n<p><span class=\"text1noticias\">     En los enfrentamientos con el PKK desde 1984, cuando empez\u00f3 el grupo sus ataques contra el gobierno, han perdido la vida m\u00e1s de 40.000 personas.<\/span><\/p>\n<p><span class=\"text1noticias\"> <\/span><\/p>\n<p><span class=\"text1noticias\">     El PKK es considerado una organizaci\u00f3n terrorista por Estados Unidos, la Uni\u00f3n Europea y Tur<\/span>qu\u00eda.<\/p>\n<h6> 2016-08-15 10:18:39 <\/h6>\n<p><!--\n<link rel=\"stylesheet\" href=\"css\/bootstrap.min.css\">\n\n\n<ul class=\"pagination\">\n\t    \n\t\n\n<li >\n\t<a href='?page_no=18660'>Previous<\/a>\n\t<\/li>\n\n\n       \n    \n\n<li><a href='?page_no=1'>1<\/a><\/li>\n\n\n\n<li><a href='?page_no=2'>2<\/a><\/li>\n\n\n\n<li><a>...<\/a><\/li>\n\n\n\n<li><a href='?page_no=18659'>18659<\/a><\/li>\n\n\n\n<li><a href='?page_no=18660'>18660<\/a><\/li>\n\n\n\n<li class='active'><a>18661<\/a><\/li>\n\n\n\n<li><a href='?page_no=18662'>18662<\/a><\/li>\n\n\n\n<li><a href='?page_no=18663'>18663<\/a><\/li>\n\n\n\n<li><a>...<\/a><\/li>\n\n\n\n<li><a href='?page_no=51012'>51012<\/a><\/li>\n\n\n\n<li><a href='?page_no=51013'>51013<\/a><\/li>\n\n    \n\t\n\n<li >\n\t<a href='?page_no=18662'>Next<\/a>\n\t<\/li>\n\n\n    \n\n<li><a href='?page_no=51013'>Last &rsaquo;&rsaquo;<\/a><\/li>\n\n<\/ul>\n\n\n--><br \/>\n<\/body><\/p>\n","protected":false},"excerpt":{"rendered":"<p>ANKARA, 15 ago (Xinhua) &#8212; Dos oficiales de polic\u00eda y un civil murieron y 25 personas, entre ellas ocho polic\u00edas, resultaron heridas cuando un coche bomba fue hecho detonar cerca de una estaci\u00f3n de la polic\u00eda de tr\u00e1nsito en la provincia de Diyarbakir, sudeste de Turqu\u00eda. El ataque se llev\u00f3 a cabo en la estaci\u00f3n [&hellip;]<\/p>\n","protected":false},"author":3,"featured_media":0,"comment_status":"open","ping_status":"open","sticky":false,"template":"","format":"standard","meta":{"footnotes":""},"categories":[23],"tags":[],"class_list":["post-249016","post","type-post","status-publish","format-standard","hentry","category-internacional"],"_links":{"self":[{"href":"https:\/\/diariodominicano.com\/index.php?rest_route=\/wp\/v2\/posts\/249016","targetHints":{"allow":["GET"]}}],"collection":[{"href":"https:\/\/diariodominicano.com\/index.php?rest_route=\/wp\/v2\/posts"}],"about":[{"href":"https:\/\/diariodominicano.com\/index.php?rest_route=\/wp\/v2\/types\/post"}],"author":[{"embeddable":true,"href":"https:\/\/diariodominicano.com\/index.php?rest_route=\/wp\/v2\/users\/3"}],"replies":[{"embeddable":true,"href":"https:\/\/diariodominicano.com\/index.php?rest_route=%2Fwp%2Fv2%2Fcomments&post=249016"}],"version-history":[{"count":0,"href":"https:\/\/diariodominicano.com\/index.php?rest_route=\/wp\/v2\/posts\/249016\/revisions"}],"wp:attachment":[{"href":"https:\/\/diariodominicano.com\/index.php?rest_route=%2Fwp%2Fv2%2Fmedia&parent=249016"}],"wp:term":[{"taxonomy":"category","embeddable":true,"href":"https:\/\/diariodominicano.com\/index.php?rest_route=%2Fwp%2Fv2%2Fcategories&post=249016"},{"taxonomy":"post_tag","embeddable":true,"href":"https:\/\/diariodominicano.com\/index.php?rest_route=%2Fwp%2Fv2%2Ftags&post=249016"}],"curies":[{"name":"wp","href":"https:\/\/api.w.org\/{rel}","templated":true}]}}