{"id":249015,"date":"2016-08-15T12:01:35","date_gmt":"2016-08-15T12:01:35","guid":{"rendered":"http:\/\/diariodominicano.ddns.net\/?p=249015"},"modified":"2016-08-15T12:01:35","modified_gmt":"2016-08-15T12:01:35","slug":"banco-central-de-alemania-sugiere-elevar-edad-de-retiro-a-69-anos","status":"publish","type":"post","link":"https:\/\/diariodominicano.com\/?p=249015","title":{"rendered":"Banco central de Alemania sugiere elevar edad de retiro a 69 a\u00f1os"},"content":{"rendered":"<p><body><\/p>\n<p><img decoding=\"async\" src=\"img3\/Bancoaleman15-8.jpg\" \/>  <\/p>\n<p><span class=\"text1noticias\">  BERLIN, 15 ago (Xinhua) &#8212; El banco central de Alemania sugiri\u00f3 hoy elevar la edad de retiro a 69 a\u00f1os para el 2060 con el fin de reducir la presi\u00f3n sobre el sistema de pensiones de la naci\u00f3n.<\/span><\/p>\n<p><span class=\"text1noticias\"> <\/span><\/p>\n<p><span class=\"text1noticias\">     El Bundesbank se\u00f1al\u00f3 en un informe mensual que el sistema de pensiones de Alemania enfrentar\u00e1 una \u00abpresi\u00f3n considerable\u00bb en el futuro porque los jubilados viven m\u00e1s y la tasa de natalidad sigue siendo baja, lo que limita la contribuci\u00f3n de la poblaci\u00f3n econ\u00f3micamente activa.<\/span><\/p>\n<p><span class=\"text1noticias\"> <\/span><\/p>\n<p><span class=\"text1noticias\">     \u00abUna vida laboral m\u00e1s larga no debe ser un tab\u00fa\u00bb, mencion\u00f3 el banco central.<\/span><\/p>\n<p><span class=\"text1noticias\"> <\/span><\/p>\n<p><span class=\"text1noticias\">     La instituci\u00f3n sugiri\u00f3 elevar la edad legal de retiro gradualmente hasta los 69 a\u00f1os para el 2060. Actualmente, los trabajadores alemanes se jubilan a los 65 a\u00f1os en t\u00e9rminos generales. El gobierno alem\u00e1n planea elevar la edad de retiro a 67 a\u00f1os para el 20<\/span>30.<\/p>\n<h6> 2016-08-15 12:01:35 <\/h6>\n<p><!--\n<link rel=\"stylesheet\" href=\"css\/bootstrap.min.css\">\n\n\n<ul class=\"pagination\">\n\t    \n\t\n\n<li >\n\t<a href='?page_no=18659'>Previous<\/a>\n\t<\/li>\n\n\n       \n    \n\n<li><a href='?page_no=1'>1<\/a><\/li>\n\n\n\n<li><a href='?page_no=2'>2<\/a><\/li>\n\n\n\n<li><a>...<\/a><\/li>\n\n\n\n<li><a href='?page_no=18658'>18658<\/a><\/li>\n\n\n\n<li><a href='?page_no=18659'>18659<\/a><\/li>\n\n\n\n<li class='active'><a>18660<\/a><\/li>\n\n\n\n<li><a href='?page_no=18661'>18661<\/a><\/li>\n\n\n\n<li><a href='?page_no=18662'>18662<\/a><\/li>\n\n\n\n<li><a>...<\/a><\/li>\n\n\n\n<li><a href='?page_no=51012'>51012<\/a><\/li>\n\n\n\n<li><a href='?page_no=51013'>51013<\/a><\/li>\n\n    \n\t\n\n<li >\n\t<a href='?page_no=18661'>Next<\/a>\n\t<\/li>\n\n\n    \n\n<li><a href='?page_no=51013'>Last &rsaquo;&rsaquo;<\/a><\/li>\n\n<\/ul>\n\n\n--><br \/>\n<\/body><\/p>\n","protected":false},"excerpt":{"rendered":"<p>BERLIN, 15 ago (Xinhua) &#8212; El banco central de Alemania sugiri\u00f3 hoy elevar la edad de retiro a 69 a\u00f1os para el 2060 con el fin de reducir la presi\u00f3n sobre el sistema de pensiones de la naci\u00f3n. El Bundesbank se\u00f1al\u00f3 en un informe mensual que el sistema de pensiones de Alemania enfrentar\u00e1 una \u00abpresi\u00f3n [&hellip;]<\/p>\n","protected":false},"author":3,"featured_media":0,"comment_status":"open","ping_status":"open","sticky":false,"template":"","format":"standard","meta":{"footnotes":""},"categories":[23],"tags":[],"class_list":["post-249015","post","type-post","status-publish","format-standard","hentry","category-internacional"],"_links":{"self":[{"href":"https:\/\/diariodominicano.com\/index.php?rest_route=\/wp\/v2\/posts\/249015","targetHints":{"allow":["GET"]}}],"collection":[{"href":"https:\/\/diariodominicano.com\/index.php?rest_route=\/wp\/v2\/posts"}],"about":[{"href":"https:\/\/diariodominicano.com\/index.php?rest_route=\/wp\/v2\/types\/post"}],"author":[{"embeddable":true,"href":"https:\/\/diariodominicano.com\/index.php?rest_route=\/wp\/v2\/users\/3"}],"replies":[{"embeddable":true,"href":"https:\/\/diariodominicano.com\/index.php?rest_route=%2Fwp%2Fv2%2Fcomments&post=249015"}],"version-history":[{"count":0,"href":"https:\/\/diariodominicano.com\/index.php?rest_route=\/wp\/v2\/posts\/249015\/revisions"}],"wp:attachment":[{"href":"https:\/\/diariodominicano.com\/index.php?rest_route=%2Fwp%2Fv2%2Fmedia&parent=249015"}],"wp:term":[{"taxonomy":"category","embeddable":true,"href":"https:\/\/diariodominicano.com\/index.php?rest_route=%2Fwp%2Fv2%2Fcategories&post=249015"},{"taxonomy":"post_tag","embeddable":true,"href":"https:\/\/diariodominicano.com\/index.php?rest_route=%2Fwp%2Fv2%2Ftags&post=249015"}],"curies":[{"name":"wp","href":"https:\/\/api.w.org\/{rel}","templated":true}]}}