{"id":249014,"date":"2016-08-15T13:26:15","date_gmt":"2016-08-15T13:26:15","guid":{"rendered":"http:\/\/diariodominicano.ddns.net\/?p=249014"},"modified":"2016-08-15T13:26:15","modified_gmt":"2016-08-15T13:26:15","slug":"cepal-propone-cambiar-cultura-del-privilegio-por-cultura-de-igualdad","status":"publish","type":"post","link":"https:\/\/diariodominicano.com\/?p=249014","title":{"rendered":"CEPAL propone cambiar cultura del privilegio por cultura de igualdad"},"content":{"rendered":"<p><body><\/p>\n<p><img decoding=\"async\" src=\"img3\/Cepal15-8.jpg\" \/>  <\/p>\n<p><span class=\"text1noticias\"> Por Omar Mendoza  <\/span><\/p>\n<p><span class=\"text1noticias\"> <\/span><\/p>\n<p><span class=\"text1noticias\">     SANTIAGO, 15 ago (Xinhua) &#8212; El secretario ejecutivo adjunto de la CEPAL, el brasile\u00f1o Antonio Prado, se\u00f1al\u00f3 que hay una b\u00fasqueda en el sentido de \u00abcambiar la cultura del privilegio\u00bb en Am\u00e9rica Latina y el Caribe, en direcci\u00f3n a una \u00abcultura de la igualdad\u00bb.<\/span><\/p>\n<p><span class=\"text1noticias\"> <\/span><\/p>\n<p><span class=\"text1noticias\">     El representante de la Comisi\u00f3n Econ\u00f3mica para Am\u00e9rica Latina y el Caribe (CEPAL), \u00f3rgano de Naciones Unidas (ONU), dijo en entrevista con Xinhua que \u00abesa es la aspiraci\u00f3n de la gente que piensa que hay segmentos de la sociedad que tiene privilegios y la gran mayor\u00eda no tiene nada\u00bb.<\/span><\/p>\n<p><span class=\"text1noticias\"> <\/span><\/p>\n<p><span class=\"text1noticias\">     \u00abEntonces, el tema de la igualdad como justicia social, es muy fuerte en toda Latinoam\u00e9rica\u00bb, sostuvo.<\/span><\/p>\n<p><span class=\"text1noticias\"> <\/span><\/p>\n<p><span class=\"text1noticias\">     Prado, junto a la secretaria ejecutiva de la CEPAL, Alicia B\u00e1rcena, y su equipo de expertos, son los autores del \u00faltimo documento estrat\u00e9gico \u00abHorizontes 2030, la igualdad en el centro del desarrollo sostenible\u00bb.<\/span><\/p>\n<p><span class=\"text1noticias\"> <\/span><\/p>\n<p><span class=\"text1noticias\">     El documento fue aprobado en mayo pasado en el 36 per\u00edodo de sesiones de la CEPAL realizado en M\u00e9xico.<\/span><\/p>\n<p><span class=\"text1noticias\"> <\/span><\/p>\n<p><span class=\"text1noticias\">     Se trata del cuarto estudio del organismo de la ONU sobre el tema de la desigualdad, en el que se recalca la necesidad imperiosa de que los gobiernos de la regi\u00f3n busquen soluciones pr\u00e1cticas a este fen\u00f3meno social que crece cada d\u00eda.<\/span><\/p>\n<p><span class=\"text1noticias\"> <\/span><\/p>\n<p><span class=\"text1noticias\">     El documento estrat\u00e9gico complementa la Agenda 2030 para el Desarrollo Sostenible y los Objetivos de Desarrollo Sostenible (ODS) de la ONU.<\/span><\/p>\n<p><span class=\"text1noticias\"> <\/span><\/p>\n<p><span class=\"text1noticias\">     Es un plan de acci\u00f3n a favor de las personas, el planeta y la prosperidad, que busca fortalecer la paz universal y el acceso a la justicia, y fue aprobado en septiembre del 2015.<\/span><\/p>\n<p><span class=\"text1noticias\"> <\/span><\/p>\n<p><span class=\"text1noticias\">     En la \u00faltima Asamblea General de la ONU, los Estados miembro reconocieron que el mayor desaf\u00edo actual del mundo es la erradicaci\u00f3n de la pobreza, por lo que ratificaron que, sin lograrla, no puede haber desarrollo sostenible en el orbe.<\/span><\/p>\n<p><span class=\"text1noticias\"> <\/span><\/p>\n<p><span class=\"text1noticias\">     De acuerdo con Prado, \u00aben los a\u00f1os 90 no estaba instalado este tema de la necesidad de la igualdad, no porque la gente no se preocupaba por eso, sino porque aquel contexto no lo permit\u00eda, pero en los a\u00f1os 2000 s\u00ed y con mucha fuerza\u00bb.<\/span><\/p>\n<p><span class=\"text1noticias\"> <\/span><\/p>\n<p><span class=\"text1noticias\">     Explic\u00f3 que el tema de igualdad tiene un car\u00e1cter social, pero tambi\u00e9n econ\u00f3mico, por lo que cit\u00f3 a pensadores que han abordado esta tem\u00e1tica, como el catedr\u00e1tico espa\u00f1ol Rolf Siegel.<\/span><\/p>\n<p><span class=\"text1noticias\"> <\/span><\/p>\n<p><span class=\"text1noticias\">     Siegel, autor del libro \u00abEl costo de la desigualdad\u00bb, analiza en el texto el tema con una visi\u00f3n \u00e9tica y econ\u00f3mica, partiendo de la crisis del 2007-2008.<\/span><\/p>\n<p><span class=\"text1noticias\"> <\/span><\/p>\n<p><span class=\"text1noticias\">     El autor ha sostenido que por su crecimiento, \u00abChina y la India han sacado a millones de personas de la pobreza y, como consecuencia, ambos pa\u00edses han ejercido presi\u00f3n sobre la desigualdad global, compensando el crecimiento de la desigualdad de ingresos entre y dentro de las naciones\u00bb.<\/span><\/p>\n<p><span class=\"text1noticias\"> <\/span><\/p>\n<p><span class=\"text1noticias\">     A juicio de Prado, el documento de la CEPAL \u00abviene a decirnos que hay una agenda de largo plazo que es aspiracional, un compromiso de los Estados miembro de Naciones Unidas, pero esta agenda se va a implementar en un contexto inicial diverso\u00bb.<\/span><\/p>\n<p><span class=\"text1noticias\"> <\/span><\/p>\n<p><span class=\"text1noticias\">     \u00abEs diverso, porque la econom\u00eda mundial crece poco, y tambi\u00e9n porque hay un fuerte proceso de concentraci\u00f3n de riquezas e ingresos a nivel mundial\u00bb, sostuvo.<\/span><\/p>\n<p><span class=\"text1noticias\"> <\/span><\/p>\n<p><span class=\"text1noticias\">     El entrevistado agreg\u00f3 que tambi\u00e9n es diverso, \u00abporque no hay los mecanismos de gobernanza adecuados para enfrentar una crisis de esa naturaleza y porque hay una crisis ambiental\u00bb.<\/span><\/p>\n<p><span class=\"text1noticias\"> <\/span><\/p>\n<p><span class=\"text1noticias\">     A\u00f1adi\u00f3 que no es que cada pa\u00eds busque enfrentarlo de forma aislada: \u00abNo es posible enfrentar esa situaci\u00f3n secular mundial con pol\u00edticas aisladas, incluso, en los grandes pa\u00edses como Estados Unidos o Europa o China\u00bb.<\/span><\/p>\n<p><span class=\"text1noticias\"> <\/span><\/p>\n<p><span class=\"text1noticias\">     El secretario ejecutivo adjunto de la CEPAL puntualiz\u00f3 que \u00abes necesario un esfuerzo conjunto de la comunidad internacional\u00bb.<\/span><\/p>\n<p><span class=\"text1noticias\"> <\/span><\/p>\n<p><span class=\"text1noticias\">     \u00abPor eso, en la CEPAL hablamos de impulsar un \u00abbig-push\u00bb (gran impulso) ambiental, porque primero es necesario incentivar las inversiones en general o sea, estimular la demanda mundial a trav\u00e9s de las inversiones\u00bb, enfatiz\u00f3 el entrevistado.<\/span><\/p>\n<p><span class=\"text1noticias\"> <\/span><\/p>\n<p><span class=\"text1noticias\">     El documento Horizontes 2030 indica que ese \u00abbig push\u00bb ambiental debe contar con inversiones p\u00fablicas y privadas en distintas \u00e1reas, para generar nuevos patrones energ\u00e9ticos y de producci\u00f3n en el dise\u00f1o de ciudades sostenibles con consumo menos contaminante.  <\/span><\/p>\n<p><span class=\"text1noticias\"> <\/span><\/p>\n<p><span class=\"text1noticias\">     El miembro de la CEPAL dijo que, en s\u00edntesis, se debe \u00abapostar por una econom\u00eda circular, con pleno empleo\u00bb.<\/span><\/p>\n<p><span class=\"text1noticias\"> <\/span><\/p>\n<p><span class=\"text1noticias\">     Dijo que \u00abel problema fundamental es ambiental, pero hay otros como la desigualdad y la falta de coordinaci\u00f3n, porque la civilizaci\u00f3n industrial es de competencia y no de solidaridad\u00bb.<\/span><\/p>\n<p><span class=\"text1noticias\"> <\/span><\/p>\n<p><span class=\"text1noticias\">     El alto funcionario internacional subray\u00f3 la necesidad de \u00abpol\u00edticas que sean negociadas y manejadas de forma cooperativa, pero en este momento la cooperaci\u00f3n internacional es s\u00f3lo mercado\u00bb.<\/span><\/p>\n<p><span class=\"text1noticias\"> <\/span><\/p>\n<p><span class=\"text1noticias\">     Expres\u00f3: \u00abEntonces, para tener un &#8216;big-push&#8217; ambiental, es necesario que los pa\u00edses entiendan que la matriz de producci\u00f3n y de consumo no es m\u00e1s sostenible\u00bb.<\/span><\/p>\n<p><span class=\"text1noticias\"> <\/span><\/p>\n<p><span class=\"text1noticias\">     Tienen, adem\u00e1s, como valor social impl\u00edcito \u00abla cultura del consumismo, que se sostiene e implica una destrucci\u00f3n ambiental, siendo necesario buscar otras formas de producci\u00f3n y consumo\u00bb.<\/span><\/p>\n<p><span class=\"text1noticias\"> <\/span><\/p>\n<p><span class=\"text1noticias\">     Lo fundamental es \u00abcambiar el modelo de desarrollo\u00bb porque es inviable.<\/span><\/p>\n<p><span class=\"text1noticias\"> <\/span><\/p>\n<p><span class=\"text1noticias\">     Puso como ejemplo que en las ciudades de Am\u00e9rica Latina y el Caribe cada a\u00f1o entran a la circulaci\u00f3n millones de autos que contaminan al ambiente, mientras a\u00fan persisten los grandes niveles de pobreza y desigualdad.<\/span><\/p>\n<p><span class=\"text1noticias\"> <\/span><\/p>\n<p><span class=\"text1noticias\">     El nuevo documento de la CEPAL expone dos grandes desaf\u00edos que enfrenta el desarrollo de la regi\u00f3n: Lograr mayores grados de igualdad y procurar sostenibilidad en la din\u00e1mica del desarrollo de cara a las nuevas generaciones.<\/span><\/p>\n<p><span class=\"text1noticias\"> <\/span><\/p>\n<p><span class=\"text1noticias\">     Aborda tambi\u00e9n las restricciones a la sostenibilidad en materia social, econ\u00f3mica, ambiental y de gobernanza de los recursos naturales, adem\u00e1s de los desaf\u00edos que estas plantean en las opciones estrat\u00e9gicas de desarrollo.<\/span><\/p>\n<p><span class=\"text1noticias\"> <\/span><\/p>\n<p><span class=\"text1noticias\">     Plantea propuestas de pol\u00edtica de mediano y largo plazos que debieran plasmarse en pactos sociales en los pa\u00edses de la regi\u00f3n en un contexto democr\u00e1tico, indispensables para dejar atr\u00e1s la pobreza, la d<\/span>esigualdad y el subdesarrollo.<\/p>\n<h6> 2016-08-15 13:26:15 <\/h6>\n<p><!--\n<link rel=\"stylesheet\" href=\"css\/bootstrap.min.css\">\n\n\n<ul class=\"pagination\">\n\t    \n\t\n\n<li >\n\t<a href='?page_no=18658'>Previous<\/a>\n\t<\/li>\n\n\n       \n    \n\n<li><a href='?page_no=1'>1<\/a><\/li>\n\n\n\n<li><a href='?page_no=2'>2<\/a><\/li>\n\n\n\n<li><a>...<\/a><\/li>\n\n\n\n<li><a href='?page_no=18657'>18657<\/a><\/li>\n\n\n\n<li><a href='?page_no=18658'>18658<\/a><\/li>\n\n\n\n<li class='active'><a>18659<\/a><\/li>\n\n\n\n<li><a href='?page_no=18660'>18660<\/a><\/li>\n\n\n\n<li><a href='?page_no=18661'>18661<\/a><\/li>\n\n\n\n<li><a>...<\/a><\/li>\n\n\n\n<li><a href='?page_no=51012'>51012<\/a><\/li>\n\n\n\n<li><a href='?page_no=51013'>51013<\/a><\/li>\n\n    \n\t\n\n<li >\n\t<a href='?page_no=18660'>Next<\/a>\n\t<\/li>\n\n\n    \n\n<li><a href='?page_no=51013'>Last &rsaquo;&rsaquo;<\/a><\/li>\n\n<\/ul>\n\n\n--><br \/>\n<\/body><\/p>\n","protected":false},"excerpt":{"rendered":"<p>Por Omar Mendoza SANTIAGO, 15 ago (Xinhua) &#8212; El secretario ejecutivo adjunto de la CEPAL, el brasile\u00f1o Antonio Prado, se\u00f1al\u00f3 que hay una b\u00fasqueda en el sentido de \u00abcambiar la cultura del privilegio\u00bb en Am\u00e9rica Latina y el Caribe, en direcci\u00f3n a una \u00abcultura de la igualdad\u00bb. El representante de la Comisi\u00f3n Econ\u00f3mica para Am\u00e9rica [&hellip;]<\/p>\n","protected":false},"author":3,"featured_media":0,"comment_status":"open","ping_status":"open","sticky":false,"template":"","format":"standard","meta":{"footnotes":""},"categories":[23],"tags":[],"class_list":["post-249014","post","type-post","status-publish","format-standard","hentry","category-internacional"],"_links":{"self":[{"href":"https:\/\/diariodominicano.com\/index.php?rest_route=\/wp\/v2\/posts\/249014","targetHints":{"allow":["GET"]}}],"collection":[{"href":"https:\/\/diariodominicano.com\/index.php?rest_route=\/wp\/v2\/posts"}],"about":[{"href":"https:\/\/diariodominicano.com\/index.php?rest_route=\/wp\/v2\/types\/post"}],"author":[{"embeddable":true,"href":"https:\/\/diariodominicano.com\/index.php?rest_route=\/wp\/v2\/users\/3"}],"replies":[{"embeddable":true,"href":"https:\/\/diariodominicano.com\/index.php?rest_route=%2Fwp%2Fv2%2Fcomments&post=249014"}],"version-history":[{"count":0,"href":"https:\/\/diariodominicano.com\/index.php?rest_route=\/wp\/v2\/posts\/249014\/revisions"}],"wp:attachment":[{"href":"https:\/\/diariodominicano.com\/index.php?rest_route=%2Fwp%2Fv2%2Fmedia&parent=249014"}],"wp:term":[{"taxonomy":"category","embeddable":true,"href":"https:\/\/diariodominicano.com\/index.php?rest_route=%2Fwp%2Fv2%2Fcategories&post=249014"},{"taxonomy":"post_tag","embeddable":true,"href":"https:\/\/diariodominicano.com\/index.php?rest_route=%2Fwp%2Fv2%2Ftags&post=249014"}],"curies":[{"name":"wp","href":"https:\/\/api.w.org\/{rel}","templated":true}]}}