{"id":249012,"date":"2016-08-16T09:27:58","date_gmt":"2016-08-16T09:27:58","guid":{"rendered":"http:\/\/diariodominicano.ddns.net\/?p=249012"},"modified":"2016-08-16T09:27:58","modified_gmt":"2016-08-16T09:27:58","slug":"presidente-boliviano-se-reune-con-fidel-castro","status":"publish","type":"post","link":"https:\/\/diariodominicano.com\/?p=249012","title":{"rendered":"Presidente boliviano se re\u00fane con Fidel Castro"},"content":{"rendered":"<p><body><\/p>\n<p><img decoding=\"async\" src=\"img3\/evo-morales15-8.jpg\" \/>  <\/p>\n<p><span class=\"text1noticias\">La Habana, 16 jul (PL) El presidente de Bolivia, Evo Morales, se reuni\u00f3 en esta capital con el l\u00edder hist\u00f3rico de la Revoluci\u00f3n cubana, Fidel Castro, difunde hoy la Canciller\u00eda de la isla caribe\u00f1a en su cuenta en Twitter.<\/span><\/p>\n<p><span class=\"text1noticias\"> <\/span><\/p>\n<p><span class=\"text1noticias\">La entidad replic\u00f3 dos mensajes del mandatario suramericano hechos desde su cuenta en la citada red social y los acompa\u00f1\u00f3 con fotos del encuentro, realizado como parte de los festejos por el cumplea\u00f1os 90 del revolucionario cubano.<\/span><\/p>\n<p><span class=\"text1noticias\"> <\/span><\/p>\n<p><span class=\"text1noticias\">\u00abA 90 a\u00f1os y dos d\u00edas, Fidel l\u00facido como siempre. Su preocupaci\u00f3n y reflexi\u00f3n: alimentos para la vida en el planeta\u00bb, precisa el primero de los tweets de Morales.<\/span><\/p>\n<p><span class=\"text1noticias\"> <\/span><\/p>\n<p><span class=\"text1noticias\">En el segundo comenta que en el mismo momento de la visita el cubano Mija\u00edn L\u00f3pez gan\u00f3 su tercera medalla de oro ol\u00edmpica en la lucha grecorromana.<\/span><\/p>\n<p><span class=\"text1noticias\"> <\/span><\/p>\n<p><span class=\"text1noticias\">Una de las im\u00e1genes que acompa\u00f1a el texto muestra a Morales y Fidel Castro observando la transmisi\u00f3n televisiva de la actuaci\u00f3n del gladiador en los Juegos Ol\u00edmpicos R\u00edo 2016.<\/span><\/p>\n<p><span class=\"text1noticias\"> <\/span><\/p>\n<p><span class=\"text1noticias\">Seg\u00fan autoridades de la isla caribe\u00f1a, la visita del mandatario andino constituye otra muestra del excelente estado de las relaciones entre los pueblos y gobiernos de Cuba y Bolivia.<\/span><\/p>\n<p><span class=\"text1noticias\"> <\/span><\/p>\n<p><span class=\"text1noticias\">El s\u00e1bado \u00faltimo, fecha en que el l\u00edder revolucionario cubano cumpli\u00f3 90 a\u00f1os, Morales expres\u00f3 que Fidel es patrimonio de quienes luchan por la vida y la humanidad (&#8230;) nos acompa\u00f1a y seguir\u00e1 acompa\u00f1\u00e1ndonos porque es la representaci\u00f3n genuina de los pu<\/span>eblos.<\/p>\n<h6> 2016-08-16 09:27:58 <\/h6>\n<p><!--\n<link rel=\"stylesheet\" href=\"css\/bootstrap.min.css\">\n\n\n<ul class=\"pagination\">\n\t    \n\t\n\n<li >\n\t<a href='?page_no=18656'>Previous<\/a>\n\t<\/li>\n\n\n       \n    \n\n<li><a href='?page_no=1'>1<\/a><\/li>\n\n\n\n<li><a href='?page_no=2'>2<\/a><\/li>\n\n\n\n<li><a>...<\/a><\/li>\n\n\n\n<li><a href='?page_no=18655'>18655<\/a><\/li>\n\n\n\n<li><a href='?page_no=18656'>18656<\/a><\/li>\n\n\n\n<li class='active'><a>18657<\/a><\/li>\n\n\n\n<li><a href='?page_no=18658'>18658<\/a><\/li>\n\n\n\n<li><a href='?page_no=18659'>18659<\/a><\/li>\n\n\n\n<li><a>...<\/a><\/li>\n\n\n\n<li><a href='?page_no=51012'>51012<\/a><\/li>\n\n\n\n<li><a href='?page_no=51013'>51013<\/a><\/li>\n\n    \n\t\n\n<li >\n\t<a href='?page_no=18658'>Next<\/a>\n\t<\/li>\n\n\n    \n\n<li><a href='?page_no=51013'>Last &rsaquo;&rsaquo;<\/a><\/li>\n\n<\/ul>\n\n\n--><br \/>\n<\/body><\/p>\n","protected":false},"excerpt":{"rendered":"<p>La Habana, 16 jul (PL) El presidente de Bolivia, Evo Morales, se reuni\u00f3 en esta capital con el l\u00edder hist\u00f3rico de la Revoluci\u00f3n cubana, Fidel Castro, difunde hoy la Canciller\u00eda de la isla caribe\u00f1a en su cuenta en Twitter. La entidad replic\u00f3 dos mensajes del mandatario suramericano hechos desde su cuenta en la citada red [&hellip;]<\/p>\n","protected":false},"author":3,"featured_media":0,"comment_status":"open","ping_status":"open","sticky":false,"template":"","format":"standard","meta":{"footnotes":""},"categories":[23],"tags":[],"class_list":["post-249012","post","type-post","status-publish","format-standard","hentry","category-internacional"],"_links":{"self":[{"href":"https:\/\/diariodominicano.com\/index.php?rest_route=\/wp\/v2\/posts\/249012","targetHints":{"allow":["GET"]}}],"collection":[{"href":"https:\/\/diariodominicano.com\/index.php?rest_route=\/wp\/v2\/posts"}],"about":[{"href":"https:\/\/diariodominicano.com\/index.php?rest_route=\/wp\/v2\/types\/post"}],"author":[{"embeddable":true,"href":"https:\/\/diariodominicano.com\/index.php?rest_route=\/wp\/v2\/users\/3"}],"replies":[{"embeddable":true,"href":"https:\/\/diariodominicano.com\/index.php?rest_route=%2Fwp%2Fv2%2Fcomments&post=249012"}],"version-history":[{"count":0,"href":"https:\/\/diariodominicano.com\/index.php?rest_route=\/wp\/v2\/posts\/249012\/revisions"}],"wp:attachment":[{"href":"https:\/\/diariodominicano.com\/index.php?rest_route=%2Fwp%2Fv2%2Fmedia&parent=249012"}],"wp:term":[{"taxonomy":"category","embeddable":true,"href":"https:\/\/diariodominicano.com\/index.php?rest_route=%2Fwp%2Fv2%2Fcategories&post=249012"},{"taxonomy":"post_tag","embeddable":true,"href":"https:\/\/diariodominicano.com\/index.php?rest_route=%2Fwp%2Fv2%2Ftags&post=249012"}],"curies":[{"name":"wp","href":"https:\/\/api.w.org\/{rel}","templated":true}]}}