{"id":249011,"date":"2016-08-16T10:13:29","date_gmt":"2016-08-16T10:13:29","guid":{"rendered":"http:\/\/diariodominicano.ddns.net\/?p=249011"},"modified":"2016-08-16T10:13:29","modified_gmt":"2016-08-16T10:13:29","slug":"obispo-ramon-castro-castro-si-voy-a-la-carcel-desde-ahi-evangelizare","status":"publish","type":"post","link":"https:\/\/diariodominicano.com\/?p=249011","title":{"rendered":"Obispo Ram\u00f3n Castro Castro: Si voy a la c\u00e1rcel desde ah\u00ed evangelizar\u00e9"},"content":{"rendered":"<p><body><\/p>\n<p><img decoding=\"async\" src=\"img3\/obicomexico16-8.jpg\" \/>  <\/p>\n<p><span class=\"text1noticias\">CUERNAVACA, 15 Ago. 16 \/ 03:18 pm (ACI).- En medio de las acusaciones por presunta injerencia pol\u00edtica, por recibir en la Catedral a manifestantes cr\u00edticos al gobernador del estado mexicano de Morelos, Graco Ram\u00edrez, el Obispo de Cuernavaca, Mons. Ram\u00f3n Castro Castro, asegur\u00f3 que no teme la c\u00e1rcel y que desde ah\u00ed podr\u00eda evangelizar.<\/span><\/p>\n<p><span class=\"text1noticias\"> <\/span><\/p>\n<p><span class=\"text1noticias\">\u00abSi voy a la c\u00e1rcel no hay problema, desde ah\u00ed har\u00e9 trabajo de evangelizaci\u00f3n\u00bb, asegur\u00f3, en declaraciones recogidas por el diario mexicano El Sol de Cuautla.<\/span><\/p>\n<p><span class=\"text1noticias\"> <\/span><\/p>\n<p><span class=\"text1noticias\">\u00abEstamos esperando la notificaci\u00f3n, y quiero agradecer a la Barra de Abogados de Cuernavaca, que me ha dado su solidaridad para entrar en mi defensa\u00bb, a\u00f1adi\u00f3.<\/span><\/p>\n<p><span class=\"text1noticias\"> <\/span><\/p>\n<p><span class=\"text1noticias\">Mons. Castro Castro recibi\u00f3 en la Catedral de Cuernavaca, el 28 de julio, a m\u00e1s de 100 personas de diversas organizaciones civiles, que expresaron sus cr\u00edticas al gobierno de Morelos, por la dif\u00edcil situaci\u00f3n que vive el estado.<\/span><\/p>\n<p><span class=\"text1noticias\"> <\/span><\/p>\n<p><span class=\"text1noticias\">Hasta 2014, Cuernavaca figuraba entre las 50 ciudades m\u00e1s violentas del mundo, seg\u00fan la lista que realiza cada a\u00f1o el Consejo Ciudadano para la Seguridad P\u00fablica y la Justicia Penal de M\u00e9xico.<\/span><\/p>\n<p><span class=\"text1noticias\"> <\/span><\/p>\n<p><span class=\"text1noticias\">Sin embargo, a nivel de M\u00e9xico, Morelos es el cuarto estado en \u00edndice de asesinatos por cada 100.000 habitantes.<\/span><\/p>\n<p><span class=\"text1noticias\"> <\/span><\/p>\n<p><span class=\"text1noticias\">El Partido de la Revoluci\u00f3n Democr\u00e1tica (PRD), al que pertenece Graco Ram\u00edrez, denunci\u00f3 al Prelado ante la Secretar\u00eda de Gobernaci\u00f3n (SeGob) por supuestamente intervenir en pol\u00edtica, contraviniendo la ley del pa\u00eds. El grupo pol\u00edtico lo acus\u00f3 adem\u00e1s de homofobia, por participar en una masiva marcha a favor de la familia y contra el mal llamado \u00abmatrimonio\u00bb gay.<\/span><\/p>\n<p><span class=\"text1noticias\"> <\/span><\/p>\n<p><span class=\"text1noticias\">Los sacerdotes de Cuernavaca, en un comunicado difundido el 13 de agosto, expresaron su \u00abgratitud, y nuestro inquebrantable respaldo\u00bb a Mons. Castro <\/span>Castro.<\/p>\n<h6> 2016-08-16 10:13:29 <\/h6>\n<p><!--\n<link rel=\"stylesheet\" href=\"css\/bootstrap.min.css\">\n\n\n<ul class=\"pagination\">\n\t    \n\t\n\n<li >\n\t<a href='?page_no=18655'>Previous<\/a>\n\t<\/li>\n\n\n       \n    \n\n<li><a href='?page_no=1'>1<\/a><\/li>\n\n\n\n<li><a href='?page_no=2'>2<\/a><\/li>\n\n\n\n<li><a>...<\/a><\/li>\n\n\n\n<li><a href='?page_no=18654'>18654<\/a><\/li>\n\n\n\n<li><a href='?page_no=18655'>18655<\/a><\/li>\n\n\n\n<li class='active'><a>18656<\/a><\/li>\n\n\n\n<li><a href='?page_no=18657'>18657<\/a><\/li>\n\n\n\n<li><a href='?page_no=18658'>18658<\/a><\/li>\n\n\n\n<li><a>...<\/a><\/li>\n\n\n\n<li><a href='?page_no=51012'>51012<\/a><\/li>\n\n\n\n<li><a href='?page_no=51013'>51013<\/a><\/li>\n\n    \n\t\n\n<li >\n\t<a href='?page_no=18657'>Next<\/a>\n\t<\/li>\n\n\n    \n\n<li><a href='?page_no=51013'>Last &rsaquo;&rsaquo;<\/a><\/li>\n\n<\/ul>\n\n\n--><br \/>\n<\/body><\/p>\n","protected":false},"excerpt":{"rendered":"<p>CUERNAVACA, 15 Ago. 16 \/ 03:18 pm (ACI).- En medio de las acusaciones por presunta injerencia pol\u00edtica, por recibir en la Catedral a manifestantes cr\u00edticos al gobernador del estado mexicano de Morelos, Graco Ram\u00edrez, el Obispo de Cuernavaca, Mons. Ram\u00f3n Castro Castro, asegur\u00f3 que no teme la c\u00e1rcel y que desde ah\u00ed podr\u00eda evangelizar. \u00abSi [&hellip;]<\/p>\n","protected":false},"author":3,"featured_media":0,"comment_status":"open","ping_status":"open","sticky":false,"template":"","format":"standard","meta":{"footnotes":""},"categories":[23],"tags":[],"class_list":["post-249011","post","type-post","status-publish","format-standard","hentry","category-internacional"],"_links":{"self":[{"href":"https:\/\/diariodominicano.com\/index.php?rest_route=\/wp\/v2\/posts\/249011","targetHints":{"allow":["GET"]}}],"collection":[{"href":"https:\/\/diariodominicano.com\/index.php?rest_route=\/wp\/v2\/posts"}],"about":[{"href":"https:\/\/diariodominicano.com\/index.php?rest_route=\/wp\/v2\/types\/post"}],"author":[{"embeddable":true,"href":"https:\/\/diariodominicano.com\/index.php?rest_route=\/wp\/v2\/users\/3"}],"replies":[{"embeddable":true,"href":"https:\/\/diariodominicano.com\/index.php?rest_route=%2Fwp%2Fv2%2Fcomments&post=249011"}],"version-history":[{"count":0,"href":"https:\/\/diariodominicano.com\/index.php?rest_route=\/wp\/v2\/posts\/249011\/revisions"}],"wp:attachment":[{"href":"https:\/\/diariodominicano.com\/index.php?rest_route=%2Fwp%2Fv2%2Fmedia&parent=249011"}],"wp:term":[{"taxonomy":"category","embeddable":true,"href":"https:\/\/diariodominicano.com\/index.php?rest_route=%2Fwp%2Fv2%2Fcategories&post=249011"},{"taxonomy":"post_tag","embeddable":true,"href":"https:\/\/diariodominicano.com\/index.php?rest_route=%2Fwp%2Fv2%2Ftags&post=249011"}],"curies":[{"name":"wp","href":"https:\/\/api.w.org\/{rel}","templated":true}]}}