{"id":249009,"date":"2016-08-16T13:20:35","date_gmt":"2016-08-16T13:20:35","guid":{"rendered":"http:\/\/diariodominicano.ddns.net\/?p=249009"},"modified":"2016-08-16T13:20:35","modified_gmt":"2016-08-16T13:20:35","slug":"onu-condena-masacre-de-36-civiles-en-republica-democratica-del-congo","status":"publish","type":"post","link":"https:\/\/diariodominicano.com\/?p=249009","title":{"rendered":"&#13;ONU condena masacre de 36 civiles en Rep\u00fablica Democr\u00e1tica del Congo\t &#13;"},"content":{"rendered":"<p><body><\/p>\n<\/p>\n<p>Naciones Unidas, 16 ago (PL) El secretario general de la ONU, Ban Ki-moon lament\u00f3 hoy la muerte de 36 civiles en la provincia de Kivu del Norte, Rep\u00fablica Democr\u00e1tica del Congo, a manos de grupos armados que operan en esta zona africana.<\/p>\n<\/p>\n<p>La masacre fue ejecutada el pasado 13 de agosto en las cercan\u00edas de Beni, una ciudad situada en la provincia de Kivu del Norte, y se especula que fue responsabilidad del Frente Democr\u00e1tico Aliado, un grupo rebelde ugand\u00e9s que opera principalmente en el noreste del pa\u00eds africano.<\/p>\n<\/p>\n<p>El l\u00edder del m\u00e1ximo \u00f3rgano internacional llam\u00f3 a que los responsables de este ataque sean llevados ante la justicia y reiter\u00f3 el compromiso de la ONU para apoyar a las autoridades de la Rep\u00fablica Democr\u00e1tica del Congo en sus esfuerzos para hacer frente a la amenaza que representan los grupos armados.<\/p>\n<\/p>\n<p>Tambi\u00e9n pidi\u00f3 se trabaje para acabar con la impunidad, en l\u00ednea con el mandato de la Misi\u00f3n de Estabilizaci\u00f3n de la ONU en la Rep\u00fablica Democr\u00e1tica del Congo (Monusco).<\/p>\n<\/p>\n<p>Por su parte, el enviado especial de la ONU para la regi\u00f3n de los Grandes Lagos, Said Djinit, expres\u00f3 sus condolencias al gobierno y al pueblo de esta naci\u00f3n africana y reiter\u00f3 su firme apoyo a las Fuerzas Armadas del pa\u00eds y a los efectivos de Monusco, en su esfuerzo para llevar estabilidad a las zonas afectadas.<\/p>\n<\/p>\n<p>Djinit record\u00f3 la necesidad de implementar urgentemente los compromisos reflejados en el Marco para la Paz, la Seguridad y la Cooperaci\u00f3n en la Rep\u00fablica Democr\u00e1tica del Congo y la Regi\u00f3n, y las decisiones tomadas en ese sentido por los jefes de Estado de la regi\u00f3n.<\/p>\n<h6> 2016-08-16 13:20:35 <\/h6>\n<p><!--\n<link rel=\"stylesheet\" href=\"css\/bootstrap.min.css\">\n\n\n<ul class=\"pagination\">\n\t    \n\t\n\n<li >\n\t<a href='?page_no=18653'>Previous<\/a>\n\t<\/li>\n\n\n       \n    \n\n<li><a href='?page_no=1'>1<\/a><\/li>\n\n\n\n<li><a href='?page_no=2'>2<\/a><\/li>\n\n\n\n<li><a>...<\/a><\/li>\n\n\n\n<li><a href='?page_no=18652'>18652<\/a><\/li>\n\n\n\n<li><a href='?page_no=18653'>18653<\/a><\/li>\n\n\n\n<li class='active'><a>18654<\/a><\/li>\n\n\n\n<li><a href='?page_no=18655'>18655<\/a><\/li>\n\n\n\n<li><a href='?page_no=18656'>18656<\/a><\/li>\n\n\n\n<li><a>...<\/a><\/li>\n\n\n\n<li><a href='?page_no=51012'>51012<\/a><\/li>\n\n\n\n<li><a href='?page_no=51013'>51013<\/a><\/li>\n\n    \n\t\n\n<li >\n\t<a href='?page_no=18655'>Next<\/a>\n\t<\/li>\n\n\n    \n\n<li><a href='?page_no=51013'>Last &rsaquo;&rsaquo;<\/a><\/li>\n\n<\/ul>\n\n\n--><br \/>\n<\/body><\/p>\n","protected":false},"excerpt":{"rendered":"<p>Naciones Unidas, 16 ago (PL) El secretario general de la ONU, Ban Ki-moon lament\u00f3 hoy la muerte de 36 civiles en la provincia de Kivu del Norte, Rep\u00fablica Democr\u00e1tica del Congo, a manos de grupos armados que operan en esta zona africana. La masacre fue ejecutada el pasado 13 de agosto en las cercan\u00edas de [&hellip;]<\/p>\n","protected":false},"author":3,"featured_media":0,"comment_status":"open","ping_status":"open","sticky":false,"template":"","format":"standard","meta":{"footnotes":""},"categories":[23],"tags":[],"class_list":["post-249009","post","type-post","status-publish","format-standard","hentry","category-internacional"],"_links":{"self":[{"href":"https:\/\/diariodominicano.com\/index.php?rest_route=\/wp\/v2\/posts\/249009","targetHints":{"allow":["GET"]}}],"collection":[{"href":"https:\/\/diariodominicano.com\/index.php?rest_route=\/wp\/v2\/posts"}],"about":[{"href":"https:\/\/diariodominicano.com\/index.php?rest_route=\/wp\/v2\/types\/post"}],"author":[{"embeddable":true,"href":"https:\/\/diariodominicano.com\/index.php?rest_route=\/wp\/v2\/users\/3"}],"replies":[{"embeddable":true,"href":"https:\/\/diariodominicano.com\/index.php?rest_route=%2Fwp%2Fv2%2Fcomments&post=249009"}],"version-history":[{"count":0,"href":"https:\/\/diariodominicano.com\/index.php?rest_route=\/wp\/v2\/posts\/249009\/revisions"}],"wp:attachment":[{"href":"https:\/\/diariodominicano.com\/index.php?rest_route=%2Fwp%2Fv2%2Fmedia&parent=249009"}],"wp:term":[{"taxonomy":"category","embeddable":true,"href":"https:\/\/diariodominicano.com\/index.php?rest_route=%2Fwp%2Fv2%2Fcategories&post=249009"},{"taxonomy":"post_tag","embeddable":true,"href":"https:\/\/diariodominicano.com\/index.php?rest_route=%2Fwp%2Fv2%2Ftags&post=249009"}],"curies":[{"name":"wp","href":"https:\/\/api.w.org\/{rel}","templated":true}]}}