{"id":249008,"date":"2016-08-16T13:27:51","date_gmt":"2016-08-16T13:27:51","guid":{"rendered":"http:\/\/diariodominicano.ddns.net\/?p=249008"},"modified":"2016-08-16T13:27:51","modified_gmt":"2016-08-16T13:27:51","slug":"saldo-de-25-muertes-en-feriado-en-chile","status":"publish","type":"post","link":"https:\/\/diariodominicano.com\/?p=249008","title":{"rendered":"Saldo de 25 muertes en feriado en Chile"},"content":{"rendered":"<p><body><\/p>\n<\/p>\n<p>Santiago de Chile, 16 ago (PL) La polic\u00eda de Carabineros de Chile inform\u00f3 hoy que por lo menos 25 personas perdieron la vida en 690 accidentes de tr\u00e1fico ocurridos el fin de semana y el lunes feriado.<\/p>\n<\/p>\n<p>El festivo por la celebraci\u00f3n cat\u00f3lica de la asunci\u00f3n de la Virgen termin\u00f3 luctuoso para muchas familias, b\u00e1sicamente por el estado de ebriedad de conductores y peatones, y exceso de velocidad.<\/p>\n<\/p>\n<p>Una fuente de carabineros dijo a la prensa que entre los fallecidos se incluyen a siete transe\u00fantes que fueron atropellados.<\/p>\n<\/p>\n<p>Todo esto a pesar de que Carabineros realiz\u00f3 desde el pasado s\u00e1bado m\u00e1s de 128 mil controles en las carreteras, en los que tres mil 170 conductores fueron multados por exceso de velocidad.<\/p>\n<\/p>\n<p>Igualmente, 436 choferes fueron detenidos en 22 mil controles de alcoholemia.<\/p>\n<h6> 2016-08-16 13:27:51 <\/h6>\n<p><!--\n<link rel=\"stylesheet\" href=\"css\/bootstrap.min.css\">\n\n\n<ul class=\"pagination\">\n\t    \n\t\n\n<li >\n\t<a href='?page_no=18652'>Previous<\/a>\n\t<\/li>\n\n\n       \n    \n\n<li><a href='?page_no=1'>1<\/a><\/li>\n\n\n\n<li><a href='?page_no=2'>2<\/a><\/li>\n\n\n\n<li><a>...<\/a><\/li>\n\n\n\n<li><a href='?page_no=18651'>18651<\/a><\/li>\n\n\n\n<li><a href='?page_no=18652'>18652<\/a><\/li>\n\n\n\n<li class='active'><a>18653<\/a><\/li>\n\n\n\n<li><a href='?page_no=18654'>18654<\/a><\/li>\n\n\n\n<li><a href='?page_no=18655'>18655<\/a><\/li>\n\n\n\n<li><a>...<\/a><\/li>\n\n\n\n<li><a href='?page_no=51012'>51012<\/a><\/li>\n\n\n\n<li><a href='?page_no=51013'>51013<\/a><\/li>\n\n    \n\t\n\n<li >\n\t<a href='?page_no=18654'>Next<\/a>\n\t<\/li>\n\n\n    \n\n<li><a href='?page_no=51013'>Last &rsaquo;&rsaquo;<\/a><\/li>\n\n<\/ul>\n\n\n--><br \/>\n<\/body><\/p>\n","protected":false},"excerpt":{"rendered":"<p>Santiago de Chile, 16 ago (PL) La polic\u00eda de Carabineros de Chile inform\u00f3 hoy que por lo menos 25 personas perdieron la vida en 690 accidentes de tr\u00e1fico ocurridos el fin de semana y el lunes feriado. El festivo por la celebraci\u00f3n cat\u00f3lica de la asunci\u00f3n de la Virgen termin\u00f3 luctuoso para muchas familias, b\u00e1sicamente [&hellip;]<\/p>\n","protected":false},"author":3,"featured_media":0,"comment_status":"open","ping_status":"open","sticky":false,"template":"","format":"standard","meta":{"footnotes":""},"categories":[23],"tags":[],"class_list":["post-249008","post","type-post","status-publish","format-standard","hentry","category-internacional"],"_links":{"self":[{"href":"https:\/\/diariodominicano.com\/index.php?rest_route=\/wp\/v2\/posts\/249008","targetHints":{"allow":["GET"]}}],"collection":[{"href":"https:\/\/diariodominicano.com\/index.php?rest_route=\/wp\/v2\/posts"}],"about":[{"href":"https:\/\/diariodominicano.com\/index.php?rest_route=\/wp\/v2\/types\/post"}],"author":[{"embeddable":true,"href":"https:\/\/diariodominicano.com\/index.php?rest_route=\/wp\/v2\/users\/3"}],"replies":[{"embeddable":true,"href":"https:\/\/diariodominicano.com\/index.php?rest_route=%2Fwp%2Fv2%2Fcomments&post=249008"}],"version-history":[{"count":0,"href":"https:\/\/diariodominicano.com\/index.php?rest_route=\/wp\/v2\/posts\/249008\/revisions"}],"wp:attachment":[{"href":"https:\/\/diariodominicano.com\/index.php?rest_route=%2Fwp%2Fv2%2Fmedia&parent=249008"}],"wp:term":[{"taxonomy":"category","embeddable":true,"href":"https:\/\/diariodominicano.com\/index.php?rest_route=%2Fwp%2Fv2%2Fcategories&post=249008"},{"taxonomy":"post_tag","embeddable":true,"href":"https:\/\/diariodominicano.com\/index.php?rest_route=%2Fwp%2Fv2%2Ftags&post=249008"}],"curies":[{"name":"wp","href":"https:\/\/api.w.org\/{rel}","templated":true}]}}