{"id":249007,"date":"2016-08-16T13:32:04","date_gmt":"2016-08-16T13:32:04","guid":{"rendered":"http:\/\/diariodominicano.ddns.net\/?p=249007"},"modified":"2016-08-16T13:32:04","modified_gmt":"2016-08-16T13:32:04","slug":"jefe-militar-ratifica-condena-a-muerte-de-terroristas-pakistanies","status":"publish","type":"post","link":"https:\/\/diariodominicano.com\/?p=249007","title":{"rendered":"&#13;Jefe militar ratifica condena a muerte de terroristas pakistan\u00edes"},"content":{"rendered":"<p><body><\/p>\n<\/p>\n<p><span class=\"text1noticias\">Islamabad, 16 ago (PL) El jefe de Estado Mayor del Ej\u00e9rcito pakistan\u00ed, Raheel Sharif, ratific\u00f3 hoy la pena de muerte contra 11 miembros del Talib\u00e1n condenados por tribunales militares por cometer diversos actos terroristas.<\/span><\/p>\n<\/p>\n<p><span class=\"text1noticias\">Los convictos participaron en el asesinato de agentes de seguridad, militares y civiles, as\u00ed como en masacres sectarias y secuestros, destac\u00f3 un comunicado del Servicio de Relaciones Publicas (ISPR) castrense.<\/span><\/p>\n<\/p>\n<p><span class=\"text1noticias\">El ISPR resalta que tambi\u00e9n fueron hallados culpables de ejecutar ataques contra escuelas e infraestructura de comunicaciones.<\/span><\/p>\n<\/p>\n<p><span class=\"text1noticias\">Los 11 reos son miembros de la organizaci\u00f3n radical Tehrik-e-Taliban Pakistan (TTP), autora de varias de los principales acciones terroristas en esta naci\u00f3n asi\u00e1tica.<\/span><\/p>\n<\/p>\n<p><span class=\"text1noticias\">En enero del pasado a\u00f1o el parlamento aprob\u00f3 por abrumadora mayor\u00eda la creaci\u00f3n de los tribunales militares para juzgar los casos de terrorismo tras un ataque del TTP contra una escuela un mes antes en la noroccidental ciudad de Peshawar, que caus\u00f3 m\u00e1s de 150 muertos, la mayor\u00eda ni\u00f1os y j\u00f3venes.<\/span><\/p>\n<\/p>\n<p><span class=\"text1noticias\">La masacre conmocion\u00f3 a la opini\u00f3n p\u00fablica nacional y llev\u00f3 al ej\u00e9rcito a intensificar su ofensiva castrense contra esa organizaci\u00f3n radical en zonas lim\u00edtrofes con Afganist\u00e1n.<\/span><\/p>\n<\/p>\n<p><span class=\"text1noticias\">Ocho meses despu\u00e9s, la Corte Suprema de Justicia sancion\u00f3 el establecimiento de esas instancias, cuyas sentencias deben ser ratificadas por el alto mando castrense.<\/span><\/p>\n<\/p>\n<h6> 2016-08-16 13:32:04 <\/h6>\n<p><!--\n<link rel=\"stylesheet\" href=\"css\/bootstrap.min.css\">\n\n\n<ul class=\"pagination\">\n\t    \n\t\n\n<li >\n\t<a href='?page_no=18651'>Previous<\/a>\n\t<\/li>\n\n\n       \n    \n\n<li><a href='?page_no=1'>1<\/a><\/li>\n\n\n\n<li><a href='?page_no=2'>2<\/a><\/li>\n\n\n\n<li><a>...<\/a><\/li>\n\n\n\n<li><a href='?page_no=18650'>18650<\/a><\/li>\n\n\n\n<li><a href='?page_no=18651'>18651<\/a><\/li>\n\n\n\n<li class='active'><a>18652<\/a><\/li>\n\n\n\n<li><a href='?page_no=18653'>18653<\/a><\/li>\n\n\n\n<li><a href='?page_no=18654'>18654<\/a><\/li>\n\n\n\n<li><a>...<\/a><\/li>\n\n\n\n<li><a href='?page_no=51012'>51012<\/a><\/li>\n\n\n\n<li><a href='?page_no=51013'>51013<\/a><\/li>\n\n    \n\t\n\n<li >\n\t<a href='?page_no=18653'>Next<\/a>\n\t<\/li>\n\n\n    \n\n<li><a href='?page_no=51013'>Last &rsaquo;&rsaquo;<\/a><\/li>\n\n<\/ul>\n\n\n--><br \/>\n<\/body><\/p>\n","protected":false},"excerpt":{"rendered":"<p>Islamabad, 16 ago (PL) El jefe de Estado Mayor del Ej\u00e9rcito pakistan\u00ed, Raheel Sharif, ratific\u00f3 hoy la pena de muerte contra 11 miembros del Talib\u00e1n condenados por tribunales militares por cometer diversos actos terroristas. Los convictos participaron en el asesinato de agentes de seguridad, militares y civiles, as\u00ed como en masacres sectarias y secuestros, destac\u00f3 [&hellip;]<\/p>\n","protected":false},"author":3,"featured_media":0,"comment_status":"open","ping_status":"open","sticky":false,"template":"","format":"standard","meta":{"footnotes":""},"categories":[23],"tags":[],"class_list":["post-249007","post","type-post","status-publish","format-standard","hentry","category-internacional"],"_links":{"self":[{"href":"https:\/\/diariodominicano.com\/index.php?rest_route=\/wp\/v2\/posts\/249007","targetHints":{"allow":["GET"]}}],"collection":[{"href":"https:\/\/diariodominicano.com\/index.php?rest_route=\/wp\/v2\/posts"}],"about":[{"href":"https:\/\/diariodominicano.com\/index.php?rest_route=\/wp\/v2\/types\/post"}],"author":[{"embeddable":true,"href":"https:\/\/diariodominicano.com\/index.php?rest_route=\/wp\/v2\/users\/3"}],"replies":[{"embeddable":true,"href":"https:\/\/diariodominicano.com\/index.php?rest_route=%2Fwp%2Fv2%2Fcomments&post=249007"}],"version-history":[{"count":0,"href":"https:\/\/diariodominicano.com\/index.php?rest_route=\/wp\/v2\/posts\/249007\/revisions"}],"wp:attachment":[{"href":"https:\/\/diariodominicano.com\/index.php?rest_route=%2Fwp%2Fv2%2Fmedia&parent=249007"}],"wp:term":[{"taxonomy":"category","embeddable":true,"href":"https:\/\/diariodominicano.com\/index.php?rest_route=%2Fwp%2Fv2%2Fcategories&post=249007"},{"taxonomy":"post_tag","embeddable":true,"href":"https:\/\/diariodominicano.com\/index.php?rest_route=%2Fwp%2Fv2%2Ftags&post=249007"}],"curies":[{"name":"wp","href":"https:\/\/api.w.org\/{rel}","templated":true}]}}