{"id":249002,"date":"2016-08-16T16:35:28","date_gmt":"2016-08-16T16:35:28","guid":{"rendered":"http:\/\/diariodominicano.ddns.net\/?p=249002"},"modified":"2016-08-16T16:35:28","modified_gmt":"2016-08-16T16:35:28","slug":"israel-detiene-a-palestinos-supuestamente-reclutados-por-hezbola-via-facebook","status":"publish","type":"post","link":"https:\/\/diariodominicano.com\/?p=249002","title":{"rendered":"Israel detiene a palestinos supuestamente reclutados por Hezbol\u00e1 v\u00eda Facebook"},"content":{"rendered":"<p><body><\/p>\n<p><img decoding=\"async\" src=\"img3\/01cabaa5645aabd159d887ec83dadb6882384bee.jpg\" \/>  <\/p>\n<\/p>\n<p>AFP\/Archivos \/ Karen Bleier<\/p>\n<p>La portada de Facebook en un tel\u00e9fono y un computador el 10 de mayo de 2012 fotografiado en Washington<\/p>\n<p>Los servicios de seguridad israel\u00edes anunciaron este martes que detuvieron a 9 palestinos de los cuales algunos hab\u00edan sido reclutados a trav\u00e9s de Facebook por el Hezbol\u00e1 liban\u00e9s para cometer atentados contra Israel.<\/p>\n<p>Hezbol\u00e1, implantado en el vecino L\u00edbano, as\u00ed como su aliado Ir\u00e1n, son considerados por Israel como sus principales enemigos.<\/p>\n<p>Estos palestinos habr\u00edan recibido \u00ab\u00f3rdenes de cometer ataques armados, atentados suicidas con bombas contra objetivos israel\u00edes y ayudar al reclutamiento de otros palestinos para las actividades\u00bb de Hezbol\u00e1, afirm\u00f3 el servicio de seguridad interior israel\u00ed, el Shin Beth, en un comunicado.<\/p>\n<p>Seg\u00fan el Shin Beth, un agente del Hezbol\u00e1 en particular utiliz\u00f3 la red social Facebook para reclutar a un palestino de Qalqilya, el que a su vez capt\u00f3 a otros cuatro habitantes de esta misma localidad ubicada en el norte de Cisjordania ocupada, agreg\u00f3 el Shin Beth.<\/p>\n<p>Este \u00faltimo acusa a esta c\u00e9lula de haber realizado actividades de espionaje contra el ej\u00e9rcito israel\u00ed, as\u00ed como de haber hecho entrenamientos armados antes de que sus miembros fueran detenidos.<\/p>\n<p>Otro palestino de la Franja de Gaza tambi\u00e9n reclutado por el Hezbol\u00e1 logr\u00f3 captar a tres palestinos de Cisjordania ocupada los cuales, seg\u00fan el Shin Beth, comenzaron a entrenarse y a planear ataques.<\/p>\n<p>Estos cuatro palestinos tambi\u00e9n fueron arrestados antes de que pasaran a la acci\u00f3n, seg\u00fan la misma fuente.<\/p>\n<p>El servicio de seguridad interior acusa a Hezbol\u00e1 de \u00abfomentar a distancia el terrorismo\u00bb en Israel.<\/p>\n<h6> 2016-08-16 16:35:28 <\/h6>\n<p><!--\n<link rel=\"stylesheet\" href=\"css\/bootstrap.min.css\">\n\n\n<ul class=\"pagination\">\n\t    \n\t\n\n<li >\n\t<a href='?page_no=18646'>Previous<\/a>\n\t<\/li>\n\n\n       \n    \n\n<li><a href='?page_no=1'>1<\/a><\/li>\n\n\n\n<li><a href='?page_no=2'>2<\/a><\/li>\n\n\n\n<li><a>...<\/a><\/li>\n\n\n\n<li><a href='?page_no=18645'>18645<\/a><\/li>\n\n\n\n<li><a href='?page_no=18646'>18646<\/a><\/li>\n\n\n\n<li class='active'><a>18647<\/a><\/li>\n\n\n\n<li><a href='?page_no=18648'>18648<\/a><\/li>\n\n\n\n<li><a href='?page_no=18649'>18649<\/a><\/li>\n\n\n\n<li><a>...<\/a><\/li>\n\n\n\n<li><a href='?page_no=51012'>51012<\/a><\/li>\n\n\n\n<li><a href='?page_no=51013'>51013<\/a><\/li>\n\n    \n\t\n\n<li >\n\t<a href='?page_no=18648'>Next<\/a>\n\t<\/li>\n\n\n    \n\n<li><a href='?page_no=51013'>Last &rsaquo;&rsaquo;<\/a><\/li>\n\n<\/ul>\n\n\n--><br \/>\n<\/body><\/p>\n","protected":false},"excerpt":{"rendered":"<p>AFP\/Archivos \/ Karen Bleier La portada de Facebook en un tel\u00e9fono y un computador el 10 de mayo de 2012 fotografiado en Washington Los servicios de seguridad israel\u00edes anunciaron este martes que detuvieron a 9 palestinos de los cuales algunos hab\u00edan sido reclutados a trav\u00e9s de Facebook por el Hezbol\u00e1 liban\u00e9s para cometer atentados contra [&hellip;]<\/p>\n","protected":false},"author":3,"featured_media":0,"comment_status":"open","ping_status":"open","sticky":false,"template":"","format":"standard","meta":{"footnotes":""},"categories":[23],"tags":[],"class_list":["post-249002","post","type-post","status-publish","format-standard","hentry","category-internacional"],"_links":{"self":[{"href":"https:\/\/diariodominicano.com\/index.php?rest_route=\/wp\/v2\/posts\/249002","targetHints":{"allow":["GET"]}}],"collection":[{"href":"https:\/\/diariodominicano.com\/index.php?rest_route=\/wp\/v2\/posts"}],"about":[{"href":"https:\/\/diariodominicano.com\/index.php?rest_route=\/wp\/v2\/types\/post"}],"author":[{"embeddable":true,"href":"https:\/\/diariodominicano.com\/index.php?rest_route=\/wp\/v2\/users\/3"}],"replies":[{"embeddable":true,"href":"https:\/\/diariodominicano.com\/index.php?rest_route=%2Fwp%2Fv2%2Fcomments&post=249002"}],"version-history":[{"count":0,"href":"https:\/\/diariodominicano.com\/index.php?rest_route=\/wp\/v2\/posts\/249002\/revisions"}],"wp:attachment":[{"href":"https:\/\/diariodominicano.com\/index.php?rest_route=%2Fwp%2Fv2%2Fmedia&parent=249002"}],"wp:term":[{"taxonomy":"category","embeddable":true,"href":"https:\/\/diariodominicano.com\/index.php?rest_route=%2Fwp%2Fv2%2Fcategories&post=249002"},{"taxonomy":"post_tag","embeddable":true,"href":"https:\/\/diariodominicano.com\/index.php?rest_route=%2Fwp%2Fv2%2Ftags&post=249002"}],"curies":[{"name":"wp","href":"https:\/\/api.w.org\/{rel}","templated":true}]}}