{"id":249001,"date":"2016-08-16T16:38:54","date_gmt":"2016-08-16T16:38:54","guid":{"rendered":"http:\/\/diariodominicano.ddns.net\/?p=249001"},"modified":"2016-08-16T16:38:54","modified_gmt":"2016-08-16T16:38:54","slug":"la-coalicion-arabe-abre-una-investigacion-por-el-bombardeo-de-un-hospital-en-yemen","status":"publish","type":"post","link":"https:\/\/diariodominicano.com\/?p=249001","title":{"rendered":"La coalici\u00f3n \u00e1rabe abre una investigaci\u00f3n por el bombardeo de un hospital en Yemen"},"content":{"rendered":"<p><body><\/p>\n<p><img decoding=\"async\" src=\"img3\/a42ccb94a16d0a80460eb2fefa1ec0d3307d88b6.jpg\" \/><br \/><img decoding=\"async\" src=\"img3\/83049e44bf21b7b1e6b01db15940e5f04ac1c488.jpg\" \/><br \/><img decoding=\"async\" src=\"img3\/c3f8b7f50df1181c74ff62f2bc653667de9529aa.jpg\" \/>  <\/p>\n<\/p>\n<p>MSF\/AFP \/ HO<\/p>\n<p>Imagen distribuida por M\u00e9dicos Sin Fronteras (MSF) que muestra a varias personas en un hospital de la ONG alcanzado por bombardeos de la coalici\u00f3n \u00e1rabe, el 15 de agosto de 2016 en Abs<\/p>\n<p>La coalici\u00f3n militar \u00e1rabe que interviene en el conflicto en Yemen en apoyo de su presidente anunci\u00f3 la apertura de una investigaci\u00f3n \u00abindependiente\u00bb, despu\u00e9s de que M\u00e9dicos Sin Fronteras informara de la muerte de 14 personas en un bombardeo contra un hospital.<\/p>\n<p>Seg\u00fan M\u00e9dicos Sin Fronteras (MSF), unas 20 personas m\u00e1s resultaron heridas en este ataque, perpetrado el lunes contra un hospital de la provincia rebelde de Hajja (norte). La ONG, que trabaja en el establecimiento, anunci\u00f3 que uno de sus empleados muri\u00f3 en el bombardeo.<\/p>\n<p>Los bombardeos del lunes tuvieron lugar en una zona del norte controlada por los rebeldes chi\u00edes hut\u00edes, aliados a los soldados fieles al expresidente Ali Abdal\u00e1 Saleh, que se disputan el poder con el presidente yemen\u00ed, Abd Rabo Mansur Hadi, desde 2014.<\/p>\n<p>Desde marzo de 2015, Riad encabeza una coalici\u00f3n militar \u00e1rabe que ataca posiciones de los hut\u00edes, quienes por su parte se hicieron con el control de la capital, San\u00e1, y de otras regiones del pa\u00eds.<\/p>\n<p>Estos ataques se han intensificado desde agosto, tras el fracaso de las negociaciones de paz, supervisadas por Naciones Unidas, que se celebraban desde hac\u00eda tres meses en Kuwait.<\/p>\n<p>MSF denunci\u00f3 que se trata del cuarto ataque en menos de un a\u00f1o contra un centro de su organizaci\u00f3n en Yemen.<\/p>\n<p>\u00abUna vez m\u00e1s, un hospital completamente operativo lleno de pacientes y de personal nacional e internacional de MSF ha sido bombardeado en una guerra, que no muestra ning\u00fan respeto por las estructuras m\u00e9dicas y los pacientes\u00bb, declar\u00f3 Teresa Sancrist\u00f3val, responsable de la ONG para las operaciones de emergencia en Yemen.<\/p>\n<p>La organizaci\u00f3n subray\u00f3 tambi\u00e9n haber compartido \u00aben varias ocasiones\u00bb la localizaci\u00f3n del hospital con las partes enfrentadas en el conflicto.<\/p>\n<p>&#8211; &#8216;Acto lamentable&#8217; &#8211;<\/p>\n<p>Estados Unidos, aliado clave de Arabia Saud\u00ed, expres\u00f3 su preocupaci\u00f3n por estas informaciones.<\/p>\n<\/p>\n<p>AFP \/ Saleh Al-Obeidi<\/p>\n<p>Fuerzas progubernamentales yemen\u00edes circulan hacia Zinjibar, capital de la provincia yemen\u00ed de Abyan, para lanzar una ofensiva que les permita retomar el control de yihadistas de Al Qaida, el 14 de agosto de 2016<\/p>\n<p>Estos bombardeos llegan, adem\u00e1s, 48 horas despu\u00e9s de que diez ni\u00f1os perdieran la vida en otros ataques a\u00e9reos contra una escuela de la provincia de Saada, otra regi\u00f3n septentrional en manos de los rebeldes, seg\u00fan MSF.<\/p>\n<p>\u00abLos ataques sobre instalaciones humanitarias, principalmente hospitales, son particularmente inquietantes\u00bb, destac\u00f3 la portavoz del Departamento de Estado, Elizabeth Trudeau.<\/p>\n<p>Por su parte, el secretario general de Naciones Unidas, Ban Ki-moon, conden\u00f3 estos ataques.<\/p>\n<p>\u00abCualquier ataque contra hospitales, personal m\u00e9dico o civiles (&#8230;) es una grave violaci\u00f3n del derecho humanitario internacional\u00bb, a\u00f1ade el comunicado.<\/p>\n<p>La ONG Amnist\u00eda Internacional denunci\u00f3 por su parte un \u00abacto lamentable\u00bb, \u00abel \u00faltimo de una serie de ataques ilegales contra hospitales\u00bb.<\/p>\n<p>La coalici\u00f3n y Arabia Saud\u00ed, acusadas regularmente de cometer \u00ababusos\u00bb contra civiles y, especialmente, contra menores, anunciaron la puesta en marcha de un equipo de investigaci\u00f3n.<\/p>\n<p>&#8211; Riad acusa a los rebeldes &#8211;<\/p>\n<p>El lunes por la noche, el equipo de investigaci\u00f3n dijo estar \u00abal corriente de las informaciones sobre un ataque a\u00e9reo contra un hospital en Hajja\u00bb y abri\u00f3 \u00aburgentemente una investigaci\u00f3n independiente\u00bb.<\/p>\n<p>La coalici\u00f3n \u00e1rabe anunci\u00f3 ese mismo d\u00eda la apertura de una investigaci\u00f3n sobre el bombardeo contra una escuela de la provincia de Saada, si bien niega que su objetivo fuera el colegio, sino un centro donde los rebeldes entrenaban a ni\u00f1os para el combate.<\/p>\n<p>Este martes, la coalici\u00f3n acus\u00f3 a los rebeldes de haber aprovechado las conversaciones de paz para rearmarse.<\/p>\n<\/p>\n<p>AFP \/ Mohammed Huwais<\/p>\n<p>Un avi\u00f3n del comit\u00e9 internacional de la Cruz Roja aterriza en el aeropuerto de San\u00e1 el 16 de agosto de 2016<\/p>\n<p>Aviones de la coalici\u00f3n llevaron a cabo nuevos bombardeos este martes contra Abs, Saada (basti\u00f3n de los rebeldes) y los alrededores de San\u00e1, seg\u00fan fuentes militares y habitantes.<\/p>\n<p>La reanudaci\u00f3n de los bombardeos en la capital provoc\u00f3 el cierre del aeropuerto internacional, pero la coalici\u00f3n anunci\u00f3 el lunes que volv\u00eda a permitir los vuelos humanitarios.<\/p>\n<p>El director del aeropuerto, Jalid al Shayef, declar\u00f3 que tres aviones hab\u00edan aterrizado este martes, pero la autoridad de la aviaci\u00f3n civil, controlada por los rebeldes, record\u00f3 que los vuelos de la compa\u00f1\u00eda Yemenia no estaban autorizados a aterrizar ni despegar, lo que hab\u00eda afectado a m\u00e1s de 7.000 personas.<\/p>\n<p>Este martes, la Organizaci\u00f3n Mundial de la Salud (OMS) elev\u00f3 el balance de v\u00edctimas del conflicto entre el 19 de marzo de 2015 y el 15 de julio de 2016 a 6.571 muertos y 32.856 heridos, entre ellos numerosos civiles. Seg\u00fan la ONU, el 80% de la poblaci\u00f3n necesita ayuda humanitaria.<\/p>\n<h6> 2016-08-16 16:38:54 <\/h6>\n<p><!--\n<link rel=\"stylesheet\" href=\"css\/bootstrap.min.css\">\n\n\n<ul class=\"pagination\">\n\t    \n\t\n\n<li >\n\t<a href='?page_no=18645'>Previous<\/a>\n\t<\/li>\n\n\n       \n    \n\n<li><a href='?page_no=1'>1<\/a><\/li>\n\n\n\n<li><a href='?page_no=2'>2<\/a><\/li>\n\n\n\n<li><a>...<\/a><\/li>\n\n\n\n<li><a href='?page_no=18644'>18644<\/a><\/li>\n\n\n\n<li><a href='?page_no=18645'>18645<\/a><\/li>\n\n\n\n<li class='active'><a>18646<\/a><\/li>\n\n\n\n<li><a href='?page_no=18647'>18647<\/a><\/li>\n\n\n\n<li><a href='?page_no=18648'>18648<\/a><\/li>\n\n\n\n<li><a>...<\/a><\/li>\n\n\n\n<li><a href='?page_no=51012'>51012<\/a><\/li>\n\n\n\n<li><a href='?page_no=51013'>51013<\/a><\/li>\n\n    \n\t\n\n<li >\n\t<a href='?page_no=18647'>Next<\/a>\n\t<\/li>\n\n\n    \n\n<li><a href='?page_no=51013'>Last &rsaquo;&rsaquo;<\/a><\/li>\n\n<\/ul>\n\n\n--><br \/>\n<\/body><\/p>\n","protected":false},"excerpt":{"rendered":"<p>MSF\/AFP \/ HO Imagen distribuida por M\u00e9dicos Sin Fronteras (MSF) que muestra a varias personas en un hospital de la ONG alcanzado por bombardeos de la coalici\u00f3n \u00e1rabe, el 15 de agosto de 2016 en Abs La coalici\u00f3n militar \u00e1rabe que interviene en el conflicto en Yemen en apoyo de su presidente anunci\u00f3 la apertura [&hellip;]<\/p>\n","protected":false},"author":3,"featured_media":0,"comment_status":"open","ping_status":"open","sticky":false,"template":"","format":"standard","meta":{"footnotes":""},"categories":[23],"tags":[],"class_list":["post-249001","post","type-post","status-publish","format-standard","hentry","category-internacional"],"_links":{"self":[{"href":"https:\/\/diariodominicano.com\/index.php?rest_route=\/wp\/v2\/posts\/249001","targetHints":{"allow":["GET"]}}],"collection":[{"href":"https:\/\/diariodominicano.com\/index.php?rest_route=\/wp\/v2\/posts"}],"about":[{"href":"https:\/\/diariodominicano.com\/index.php?rest_route=\/wp\/v2\/types\/post"}],"author":[{"embeddable":true,"href":"https:\/\/diariodominicano.com\/index.php?rest_route=\/wp\/v2\/users\/3"}],"replies":[{"embeddable":true,"href":"https:\/\/diariodominicano.com\/index.php?rest_route=%2Fwp%2Fv2%2Fcomments&post=249001"}],"version-history":[{"count":0,"href":"https:\/\/diariodominicano.com\/index.php?rest_route=\/wp\/v2\/posts\/249001\/revisions"}],"wp:attachment":[{"href":"https:\/\/diariodominicano.com\/index.php?rest_route=%2Fwp%2Fv2%2Fmedia&parent=249001"}],"wp:term":[{"taxonomy":"category","embeddable":true,"href":"https:\/\/diariodominicano.com\/index.php?rest_route=%2Fwp%2Fv2%2Fcategories&post=249001"},{"taxonomy":"post_tag","embeddable":true,"href":"https:\/\/diariodominicano.com\/index.php?rest_route=%2Fwp%2Fv2%2Ftags&post=249001"}],"curies":[{"name":"wp","href":"https:\/\/api.w.org\/{rel}","templated":true}]}}