{"id":248999,"date":"2016-08-17T10:12:18","date_gmt":"2016-08-17T10:12:18","guid":{"rendered":"http:\/\/diariodominicano.ddns.net\/?p=248999"},"modified":"2016-08-17T10:12:18","modified_gmt":"2016-08-17T10:12:18","slug":"concluye-expedicion-cientifica-bolivia-peru-en-el-lago-titicaca","status":"publish","type":"post","link":"https:\/\/diariodominicano.com\/?p=248999","title":{"rendered":"Concluye expedici\u00f3n cient\u00edfica Bolivia-Per\u00fa en el Lago Titicaca"},"content":{"rendered":"<p><body><\/p>\n<p><img decoding=\"async\" src=\"img3\/titicacaestudio17-8.jpg\" \/>  <\/p>\n<p><span class=\"text1noticias\">La Paz, 17 ago (PL) Autoridades cient\u00edficas anunciaron la culminaci\u00f3n de manera exitosa de la expedici\u00f3n cient\u00edfica binacional Bolivia-Per\u00fa en el Lago Titicaca, mientras anunciaron que los resultados se presentar\u00e1n en dos semanas.<\/span><\/p>\n<p><span class=\"text1noticias\"> <\/span><\/p>\n<p><span class=\"text1noticias\">De acuerdo con el director ejecutivo de la Instituci\u00f3n P\u00fablica Desconcentrada de Pesca y Acuicultura (IPD-PACU), del Ministerio de Desarrollo Rural y Tierras, Rodrigo Santiv\u00e1\u00f1ez, la pesquisa se efectu\u00f3 sin contratiempos durante 12 d\u00edas.<\/span><\/p>\n<p><span class=\"text1noticias\"> <\/span><\/p>\n<p><span class=\"text1noticias\">Record\u00f3 que la expedici\u00f3n inici\u00f3 el 4 de agosto a fin de monitorear la cantidad de especies animales y la situaci\u00f3n de la vegetaci\u00f3n en el espejo de agua que comparten ambos pa\u00edses.<\/span><\/p>\n<p><span class=\"text1noticias\"> <\/span><\/p>\n<p><span class=\"text1noticias\">Santiv\u00e1\u00f1ez explic\u00f3 que los cient\u00edficos se dividieron en dos grupos y trabajaron en cada una de las partes, el lago mayor (Per\u00fa) y el lago menor (Bolivia).<\/span><\/p>\n<p><span class=\"text1noticias\"> <\/span><\/p>\n<p><span class=\"text1noticias\">Se tomaron muestras f\u00edsico qu\u00edmicas para establecer la penetraci\u00f3n de luz, la temperatura, la cantidad de clorofila, nutrientes, el Ph (nivel de acidez), proporci\u00f3n de ox\u00edgeno y cantidad de especies de peces, indic\u00f3.<\/span><\/p>\n<p><span class=\"text1noticias\"> <\/span><\/p>\n<p><span class=\"text1noticias\">Seg\u00fan el funcionario, en 15 d\u00edas se presentar\u00e1n los resultados preliminares, en coordinaci\u00f3n con el Instituto del Mar del Per\u00fa, la Autoridad del Lago Titicaca, la Universidad Mayor de San Andr\u00e9s y la Cooperaci\u00f3n francesa, entidades participantes en la pesquisa.<\/span><\/p>\n<p><span class=\"text1noticias\"> <\/span><\/p>\n<p><span class=\"text1noticias\">Por su parte, el responsable de la Cuenca del Altiplano de la IPD PACU, Jes\u00fas Mendoza, inform\u00f3 que los resultados permitir\u00e1n tomar decisiones estructurales respecto a la pesca en el Lago Titicaca y la acuicultura en general.<\/span><\/p>\n<p><span class=\"text1noticias\"> <\/span><\/p>\n<p><span class=\"text1noticias\">El a\u00f1o pasado, un estudio alert\u00f3 sobre la disminuci\u00f3n de especies nativas.<\/span><\/p>\n<p><span class=\"text1noticias\"> <\/span><\/p>\n<p><span class=\"text1noticias\">El lago Titicaca es un cuerpo de agua ubicado en el Altiplano andino, en los Andes Centrales, con una cuenca de unos 58 mil kil\u00f3metros cuadrados. Es el lago navegable m\u00e1s alto del mundo y ocupa el lugar 19 a nivel global por su extensi\u00f3n.<\/span><\/p>\n<p><span class=\"text1noticias\"> <\/span><\/p>\n<p><span class=\"text1noticias\">Con una altitud promedio de tres mil 812 metros, este accidente natural abarca una superficie de ocho mil 562 kil\u00f3metros cuadrados, de los cuales el 56 por ciento corresponden a Per\u00fa y el resto, equivalente a tres mil 790 kil\u00f3metros cuadrados, son territorio boliviano.<\/span><\/p>\n<h6> 2016-08-17 10:12:18 <\/h6>\n<p><!--\n<link rel=\"stylesheet\" href=\"css\/bootstrap.min.css\">\n\n\n<ul class=\"pagination\">\n\t    \n\t\n\n<li >\n\t<a href='?page_no=18643'>Previous<\/a>\n\t<\/li>\n\n\n       \n    \n\n<li><a href='?page_no=1'>1<\/a><\/li>\n\n\n\n<li><a href='?page_no=2'>2<\/a><\/li>\n\n\n\n<li><a>...<\/a><\/li>\n\n\n\n<li><a href='?page_no=18642'>18642<\/a><\/li>\n\n\n\n<li><a href='?page_no=18643'>18643<\/a><\/li>\n\n\n\n<li class='active'><a>18644<\/a><\/li>\n\n\n\n<li><a href='?page_no=18645'>18645<\/a><\/li>\n\n\n\n<li><a href='?page_no=18646'>18646<\/a><\/li>\n\n\n\n<li><a>...<\/a><\/li>\n\n\n\n<li><a href='?page_no=51012'>51012<\/a><\/li>\n\n\n\n<li><a href='?page_no=51013'>51013<\/a><\/li>\n\n    \n\t\n\n<li >\n\t<a href='?page_no=18645'>Next<\/a>\n\t<\/li>\n\n\n    \n\n<li><a href='?page_no=51013'>Last &rsaquo;&rsaquo;<\/a><\/li>\n\n<\/ul>\n\n\n--><br \/>\n<\/body><\/p>\n","protected":false},"excerpt":{"rendered":"<p>La Paz, 17 ago (PL) Autoridades cient\u00edficas anunciaron la culminaci\u00f3n de manera exitosa de la expedici\u00f3n cient\u00edfica binacional Bolivia-Per\u00fa en el Lago Titicaca, mientras anunciaron que los resultados se presentar\u00e1n en dos semanas. De acuerdo con el director ejecutivo de la Instituci\u00f3n P\u00fablica Desconcentrada de Pesca y Acuicultura (IPD-PACU), del Ministerio de Desarrollo Rural y [&hellip;]<\/p>\n","protected":false},"author":3,"featured_media":0,"comment_status":"open","ping_status":"open","sticky":false,"template":"","format":"standard","meta":{"footnotes":""},"categories":[23],"tags":[],"class_list":["post-248999","post","type-post","status-publish","format-standard","hentry","category-internacional"],"_links":{"self":[{"href":"https:\/\/diariodominicano.com\/index.php?rest_route=\/wp\/v2\/posts\/248999","targetHints":{"allow":["GET"]}}],"collection":[{"href":"https:\/\/diariodominicano.com\/index.php?rest_route=\/wp\/v2\/posts"}],"about":[{"href":"https:\/\/diariodominicano.com\/index.php?rest_route=\/wp\/v2\/types\/post"}],"author":[{"embeddable":true,"href":"https:\/\/diariodominicano.com\/index.php?rest_route=\/wp\/v2\/users\/3"}],"replies":[{"embeddable":true,"href":"https:\/\/diariodominicano.com\/index.php?rest_route=%2Fwp%2Fv2%2Fcomments&post=248999"}],"version-history":[{"count":0,"href":"https:\/\/diariodominicano.com\/index.php?rest_route=\/wp\/v2\/posts\/248999\/revisions"}],"wp:attachment":[{"href":"https:\/\/diariodominicano.com\/index.php?rest_route=%2Fwp%2Fv2%2Fmedia&parent=248999"}],"wp:term":[{"taxonomy":"category","embeddable":true,"href":"https:\/\/diariodominicano.com\/index.php?rest_route=%2Fwp%2Fv2%2Fcategories&post=248999"},{"taxonomy":"post_tag","embeddable":true,"href":"https:\/\/diariodominicano.com\/index.php?rest_route=%2Fwp%2Fv2%2Ftags&post=248999"}],"curies":[{"name":"wp","href":"https:\/\/api.w.org\/{rel}","templated":true}]}}