{"id":248998,"date":"2016-08-17T10:19:23","date_gmt":"2016-08-17T10:19:23","guid":{"rendered":"http:\/\/diariodominicano.ddns.net\/?p=248998"},"modified":"2016-08-17T10:19:23","modified_gmt":"2016-08-17T10:19:23","slug":"evo-morales-concluyo-breve-gira-por-cuba-y-republica-dominicana","status":"publish","type":"post","link":"https:\/\/diariodominicano.com\/?p=248998","title":{"rendered":"Evo Morales concluy\u00f3 breve gira por Cuba y Rep\u00fablica Dominicana"},"content":{"rendered":"<p><body><\/p>\n<p><img decoding=\"async\" src=\"img3\/evo17-8.jpg\" \/>  <\/p>\n<p><span class=\"text1noticias\">La Paz, 17 ago (PL) El presidente boliviano Evo Morales concluy\u00f3 una breve gira por el Caribe, donde visit\u00f3 por su cumplea\u00f1os 90 al l\u00edder de la Revoluci\u00f3n cubana Fidel Castro y asisti\u00f3 a la toma de posesi\u00f3n de su par dominicano Danilo Medina.<\/span><\/p>\n<p><span class=\"text1noticias\"> <\/span><\/p>\n<p><span class=\"text1noticias\">El mandatario boliviano lleg\u00f3 en la tarde del lunes a La Habana &#8216;en el marco de las actividades por el 90 cumplea\u00f1os del l\u00edder de la Revoluci\u00f3n Fidel Castro Ruz&#8217;, refiri\u00f3 una nota del peri\u00f3dico Granma, \u00f3rgano oficial del Partido Comunista de Cuba.<\/span><\/p>\n<p><span class=\"text1noticias\"> <\/span><\/p>\n<p><span class=\"text1noticias\">La visita del presidente Evo constituye otra muestra del excelente estado de las relaciones entre los pueblos y gobiernos de Cuba y Bolivia, a\u00f1adi\u00f3 el texto.<\/span><\/p>\n<p><span class=\"text1noticias\"> <\/span><\/p>\n<p><span class=\"text1noticias\">A 90 a\u00f1os y dos d\u00edas, Fidel l\u00facido como siempre. Su preocupaci\u00f3n y reflexi\u00f3n: alimentos para la vida en el planeta, expres\u00f3 Morales en su cuenta en la red social Twitter.<\/span><\/p>\n<p><span class=\"text1noticias\"> <\/span><\/p>\n<p><span class=\"text1noticias\">Inform\u00f3 que festejaron la tercera medalla de oro del cubano Mija\u00edn L\u00f3pez en la lucha grecorromana, durante los Juegos Ol\u00edmpicos de R\u00edo de Janeiro.<\/span><\/p>\n<p><span class=\"text1noticias\"> <\/span><\/p>\n<p><span class=\"text1noticias\">Tambi\u00e9n acompa\u00f1\u00f3 la informaci\u00f3n de cuatro instant\u00e1neas de su di\u00e1logo con el l\u00edder revolucionario, a quien le obsequi\u00f3 paquetes de quinua y caf\u00e9.<\/span><\/p>\n<p><span class=\"text1noticias\"> <\/span><\/p>\n<p><span class=\"text1noticias\">El 13 de agosto, d\u00eda del onom\u00e1stico, Morales expres\u00f3 en su cuenta de Twitter que el exguerrillero de la Sierra Maestra &#8216;es patrimonio de quienes luchan por la vida y la humanidad (&#8230;) nos acompa\u00f1a y seguir\u00e1 acompa\u00f1\u00e1ndonos porque es la representaci\u00f3n genuina de los pueblos&#8217;.<\/span><\/p>\n<p><span class=\"text1noticias\"> <\/span><\/p>\n<p><span class=\"text1noticias\">En nombre del pueblo boliviano quiero expresar mi respeto y admiraci\u00f3n por el hermano Fidel Castro, nuestro hermano mayor que cumpli\u00f3 90 a\u00f1os, subray\u00f3 el gobernante durante un acto en la central ciudad de Cochabamba.<\/span><\/p>\n<p><span class=\"text1noticias\"> <\/span><\/p>\n<p><span class=\"text1noticias\">La v\u00edspera, el jefe de Estado boliviano fue despedido por su hom\u00f3logo cubano Ra\u00fal Castro en el aeropuerto internacional Jos\u00e9 Mart\u00ed.<\/span><\/p>\n<p><span class=\"text1noticias\"> <\/span><\/p>\n<p><span class=\"text1noticias\">Seg\u00fan medios locales, ambos mandatarios sostuvieron un fraternal encuentro en el que participaron el canciller Bruno Rodr\u00edguez y su par boliviano, David Choquehuanca.<\/span><\/p>\n<p><span class=\"text1noticias\"> <\/span><\/p>\n<p><span class=\"text1noticias\">La anterior visita oficial de Morales a Cuba fue en mayo, cuando se reuni\u00f3 con Fidel y Ra\u00fal Castro, quien le impuso la orden Jos\u00e9 Mart\u00ed, la condecoraci\u00f3n m\u00e1s alta que concede el gobierno de la isla.<\/span><\/p>\n<p><span class=\"text1noticias\"> <\/span><\/p>\n<p><span class=\"text1noticias\">De La Habana, Morales se desplaz\u00f3 a Santo Domingo, donde asisti\u00f3 al acto de investidura del segundo mandato del presidente Danilo Medina, ratificado en el cargo con m\u00e1s del 60 por ciento de<\/span> los votos.<\/p>\n<h6> 2016-08-17 10:19:23 <\/h6>\n<p><!--\n<link rel=\"stylesheet\" href=\"css\/bootstrap.min.css\">\n\n\n<ul class=\"pagination\">\n\t    \n\t\n\n<li >\n\t<a href='?page_no=18642'>Previous<\/a>\n\t<\/li>\n\n\n       \n    \n\n<li><a href='?page_no=1'>1<\/a><\/li>\n\n\n\n<li><a href='?page_no=2'>2<\/a><\/li>\n\n\n\n<li><a>...<\/a><\/li>\n\n\n\n<li><a href='?page_no=18641'>18641<\/a><\/li>\n\n\n\n<li><a href='?page_no=18642'>18642<\/a><\/li>\n\n\n\n<li class='active'><a>18643<\/a><\/li>\n\n\n\n<li><a href='?page_no=18644'>18644<\/a><\/li>\n\n\n\n<li><a href='?page_no=18645'>18645<\/a><\/li>\n\n\n\n<li><a>...<\/a><\/li>\n\n\n\n<li><a href='?page_no=51012'>51012<\/a><\/li>\n\n\n\n<li><a href='?page_no=51013'>51013<\/a><\/li>\n\n    \n\t\n\n<li >\n\t<a href='?page_no=18644'>Next<\/a>\n\t<\/li>\n\n\n    \n\n<li><a href='?page_no=51013'>Last &rsaquo;&rsaquo;<\/a><\/li>\n\n<\/ul>\n\n\n--><br \/>\n<\/body><\/p>\n","protected":false},"excerpt":{"rendered":"<p>La Paz, 17 ago (PL) El presidente boliviano Evo Morales concluy\u00f3 una breve gira por el Caribe, donde visit\u00f3 por su cumplea\u00f1os 90 al l\u00edder de la Revoluci\u00f3n cubana Fidel Castro y asisti\u00f3 a la toma de posesi\u00f3n de su par dominicano Danilo Medina. El mandatario boliviano lleg\u00f3 en la tarde del lunes a La [&hellip;]<\/p>\n","protected":false},"author":3,"featured_media":0,"comment_status":"open","ping_status":"open","sticky":false,"template":"","format":"standard","meta":{"footnotes":""},"categories":[23],"tags":[],"class_list":["post-248998","post","type-post","status-publish","format-standard","hentry","category-internacional"],"_links":{"self":[{"href":"https:\/\/diariodominicano.com\/index.php?rest_route=\/wp\/v2\/posts\/248998","targetHints":{"allow":["GET"]}}],"collection":[{"href":"https:\/\/diariodominicano.com\/index.php?rest_route=\/wp\/v2\/posts"}],"about":[{"href":"https:\/\/diariodominicano.com\/index.php?rest_route=\/wp\/v2\/types\/post"}],"author":[{"embeddable":true,"href":"https:\/\/diariodominicano.com\/index.php?rest_route=\/wp\/v2\/users\/3"}],"replies":[{"embeddable":true,"href":"https:\/\/diariodominicano.com\/index.php?rest_route=%2Fwp%2Fv2%2Fcomments&post=248998"}],"version-history":[{"count":0,"href":"https:\/\/diariodominicano.com\/index.php?rest_route=\/wp\/v2\/posts\/248998\/revisions"}],"wp:attachment":[{"href":"https:\/\/diariodominicano.com\/index.php?rest_route=%2Fwp%2Fv2%2Fmedia&parent=248998"}],"wp:term":[{"taxonomy":"category","embeddable":true,"href":"https:\/\/diariodominicano.com\/index.php?rest_route=%2Fwp%2Fv2%2Fcategories&post=248998"},{"taxonomy":"post_tag","embeddable":true,"href":"https:\/\/diariodominicano.com\/index.php?rest_route=%2Fwp%2Fv2%2Ftags&post=248998"}],"curies":[{"name":"wp","href":"https:\/\/api.w.org\/{rel}","templated":true}]}}